{"id":969,"date":"2023-03-01T21:45:25","date_gmt":"2023-03-01T21:45:25","guid":{"rendered":"https:\/\/ambel.com.es\/wordpress\/?p=969"},"modified":"2026-01-28T20:10:14","modified_gmt":"2026-01-28T20:10:14","slug":"galeria-de-cuadros","status":"publish","type":"post","link":"https:\/\/ambel.com.es\/wordpress\/2023\/03\/01\/galeria-de-cuadros\/","title":{"rendered":"galer\u00eda de cuadros"},"content":{"rendered":"<p><strong><em>quieres una reproducci\u00f3n de alguno de estos cuadros, en papel de alta calidad en formato A-3 <\/em><\/strong><\/p>\n<p><strong><em>ll\u00e1mame por favor al\u00a0 \u00a0 <\/em><\/strong><strong><em>658 175 111<\/em><\/strong><\/p>\n<p>3 remolcadores rojos arrastrando Vigo<\/p>\n<p><img loading=\"lazy\" decoding=\"async\" class=\"alignnone wp-image-2206 \" src=\"https:\/\/ambel.com.es\/wordpress\/wp-content\/uploads\/2023\/03\/3-remoladores-rojos-arrastrando-vigo-300x241.png\" alt=\"3 remolcadores rojos arrastrando vigo\" width=\"613\" height=\"358\" \/><\/p>\n<p>pescantinas no porto de Oporto<\/p>\n<p><img loading=\"lazy\" decoding=\"async\" class=\"alignnone wp-image-2207\" src=\"https:\/\/ambel.com.es\/wordpress\/wp-content\/uploads\/2023\/03\/26-pescantinas-no-porto-de-oporto-240x300.jpg\" alt=\"\" width=\"424\" height=\"530\" srcset=\"https:\/\/ambel.com.es\/wordpress\/wp-content\/uploads\/2023\/03\/26-pescantinas-no-porto-de-oporto-240x300.jpg 240w, https:\/\/ambel.com.es\/wordpress\/wp-content\/uploads\/2023\/03\/26-pescantinas-no-porto-de-oporto.jpg 612w\" sizes=\"auto, (max-width: 424px) 100vw, 424px\" \/><\/p>\n<p>Montero R\u00edos caleidoscopico del s. XX<\/p>\n<p><img loading=\"lazy\" decoding=\"async\" class=\"alignnone wp-image-2208\" src=\"https:\/\/ambel.com.es\/wordpress\/wp-content\/uploads\/2023\/03\/30-Montero-Rios-caleidoscopico-del-s.-XX-300x239.jpg\" alt=\"\" width=\"426\" height=\"339\" srcset=\"https:\/\/ambel.com.es\/wordpress\/wp-content\/uploads\/2023\/03\/30-Montero-Rios-caleidoscopico-del-s.-XX-300x239.jpg 300w, https:\/\/ambel.com.es\/wordpress\/wp-content\/uploads\/2023\/03\/30-Montero-Rios-caleidoscopico-del-s.-XX.jpg 711w\" sizes=\"auto, (max-width: 426px) 100vw, 426px\" \/><\/p>\n<p>paisaje de Hu\u00e9scar<\/p>\n<p><img loading=\"lazy\" decoding=\"async\" class=\"alignnone wp-image-2209\" src=\"https:\/\/ambel.com.es\/wordpress\/wp-content\/uploads\/2023\/03\/20161130_133133_RichtoneHDR-1-1-300x247.jpg\" alt=\"\" width=\"432\" height=\"356\" srcset=\"https:\/\/ambel.com.es\/wordpress\/wp-content\/uploads\/2023\/03\/20161130_133133_RichtoneHDR-1-1-300x247.jpg 300w, https:\/\/ambel.com.es\/wordpress\/wp-content\/uploads\/2023\/03\/20161130_133133_RichtoneHDR-1-1.jpg 688w\" sizes=\"auto, (max-width: 432px) 100vw, 432px\" \/><\/p>\n<p>cortijo<\/p>\n<p><img loading=\"lazy\" decoding=\"async\" class=\"alignnone wp-image-2210\" src=\"https:\/\/ambel.com.es\/wordpress\/wp-content\/uploads\/2023\/03\/20180331_174619-1-300x245.jpg\" alt=\"\" width=\"436\" height=\"356\" srcset=\"https:\/\/ambel.com.es\/wordpress\/wp-content\/uploads\/2023\/03\/20180331_174619-1-300x245.jpg 300w, https:\/\/ambel.com.es\/wordpress\/wp-content\/uploads\/2023\/03\/20180331_174619-1.jpg 567w\" sizes=\"auto, (max-width: 436px) 100vw, 436px\" \/><\/p>\n<p>ermita en Valdovi\u00f1o<\/p>\n<p><img loading=\"lazy\" decoding=\"async\" class=\"alignnone wp-image-2211\" src=\"https:\/\/ambel.com.es\/wordpress\/wp-content\/uploads\/2023\/03\/20230827_094209-232x300.jpg\" alt=\"\" width=\"436\" height=\"564\" srcset=\"https:\/\/ambel.com.es\/wordpress\/wp-content\/uploads\/2023\/03\/20230827_094209-232x300.jpg 232w, https:\/\/ambel.com.es\/wordpress\/wp-content\/uploads\/2023\/03\/20230827_094209.jpg 592w\" sizes=\"auto, (max-width: 436px) 100vw, 436px\" \/><\/p>\n<p>a fortaleza que antes divida ahora une a los pueblos<\/p>\n<p><img loading=\"lazy\" decoding=\"async\" class=\" wp-image-2212\" src=\"https:\/\/ambel.com.es\/wordpress\/wp-content\/uploads\/2023\/03\/a-fortaleza-que-antes-divida-ahora-une-a-los-pueblos-300x239.jpg\" alt=\"\" width=\"436\" height=\"347\" srcset=\"https:\/\/ambel.com.es\/wordpress\/wp-content\/uploads\/2023\/03\/a-fortaleza-que-antes-divida-ahora-une-a-los-pueblos-300x239.jpg 300w, https:\/\/ambel.com.es\/wordpress\/wp-content\/uploads\/2023\/03\/a-fortaleza-que-antes-divida-ahora-une-a-los-pueblos.jpg 712w\" sizes=\"auto, (max-width: 436px) 100vw, 436px\" \/><\/p>\n<p>a laxe por la noche<\/p>\n<p>&nbsp;<\/p>\n<p><img loading=\"lazy\" decoding=\"async\" class=\"alignnone wp-image-2213\" src=\"https:\/\/ambel.com.es\/wordpress\/wp-content\/uploads\/2023\/03\/a-laxe-por-la-noche-246x300.png\" alt=\"\" width=\"442\" height=\"539\" srcset=\"https:\/\/ambel.com.es\/wordpress\/wp-content\/uploads\/2023\/03\/a-laxe-por-la-noche-246x300.png 246w, https:\/\/ambel.com.es\/wordpress\/wp-content\/uploads\/2023\/03\/a-laxe-por-la-noche.png 627w\" sizes=\"auto, (max-width: 442px) 100vw, 442px\" \/><\/p>\n<p>&nbsp;<\/p>\n<p>a sombra da noiti\u00f1a<\/p>\n<p><img loading=\"lazy\" decoding=\"async\" class=\"alignnone wp-image-2214\" src=\"https:\/\/ambel.com.es\/wordpress\/wp-content\/uploads\/2023\/03\/a-sombra-da-noitina-237x300.jpg\" alt=\"\" width=\"446\" height=\"565\" srcset=\"https:\/\/ambel.com.es\/wordpress\/wp-content\/uploads\/2023\/03\/a-sombra-da-noitina-237x300.jpg 237w, https:\/\/ambel.com.es\/wordpress\/wp-content\/uploads\/2023\/03\/a-sombra-da-noitina.jpg 604w\" sizes=\"auto, (max-width: 446px) 100vw, 446px\" \/><\/p>\n<p>abstracto a al ca\u00f1a<\/p>\n<p><img loading=\"lazy\" decoding=\"async\" class=\" wp-image-2215\" src=\"https:\/\/ambel.com.es\/wordpress\/wp-content\/uploads\/2023\/03\/abstracto-a-al-cana-213x300.jpg\" alt=\"\" width=\"447\" height=\"630\" srcset=\"https:\/\/ambel.com.es\/wordpress\/wp-content\/uploads\/2023\/03\/abstracto-a-al-cana-213x300.jpg 213w, https:\/\/ambel.com.es\/wordpress\/wp-content\/uploads\/2023\/03\/abstracto-a-al-cana.jpg 402w\" sizes=\"auto, (max-width: 447px) 100vw, 447px\" \/><\/p>\n<p>abstracto sobre papel<\/p>\n<p><img loading=\"lazy\" decoding=\"async\" class=\" wp-image-2216\" src=\"https:\/\/ambel.com.es\/wordpress\/wp-content\/uploads\/2023\/03\/abstracto-sobre-papel-300x193.jpg\" alt=\"\" width=\"519\" height=\"334\" srcset=\"https:\/\/ambel.com.es\/wordpress\/wp-content\/uploads\/2023\/03\/abstracto-sobre-papel-300x193.jpg 300w, https:\/\/ambel.com.es\/wordpress\/wp-content\/uploads\/2023\/03\/abstracto-sobre-papel-768x494.jpg 768w, https:\/\/ambel.com.es\/wordpress\/wp-content\/uploads\/2023\/03\/abstracto-sobre-papel.jpg 881w\" sizes=\"auto, (max-width: 519px) 100vw, 519px\" \/><\/p>\n<p>actuaci\u00f3n en la plaza de Vilanova da Cerveira<\/p>\n<p><img loading=\"lazy\" decoding=\"async\" class=\"alignnone wp-image-2218\" src=\"https:\/\/ambel.com.es\/wordpress\/wp-content\/uploads\/2023\/03\/actuacion-en-la-plaza-de-vilanova-da-cerveira-300x198.jpg\" alt=\"\" width=\"523\" height=\"345\" srcset=\"https:\/\/ambel.com.es\/wordpress\/wp-content\/uploads\/2023\/03\/actuacion-en-la-plaza-de-vilanova-da-cerveira-300x198.jpg 300w, https:\/\/ambel.com.es\/wordpress\/wp-content\/uploads\/2023\/03\/actuacion-en-la-plaza-de-vilanova-da-cerveira-768x508.jpg 768w, https:\/\/ambel.com.es\/wordpress\/wp-content\/uploads\/2023\/03\/actuacion-en-la-plaza-de-vilanova-da-cerveira.jpg 857w\" sizes=\"auto, (max-width: 523px) 100vw, 523px\" \/><\/p>\n<p>alameda descanso urbano 3<\/p>\n<p><img loading=\"lazy\" decoding=\"async\" class=\"alignnone wp-image-2220\" src=\"https:\/\/ambel.com.es\/wordpress\/wp-content\/uploads\/2023\/03\/alameda-descanso-urbano-3-245x300.jpg\" alt=\"\" width=\"529\" height=\"648\" srcset=\"https:\/\/ambel.com.es\/wordpress\/wp-content\/uploads\/2023\/03\/alameda-descanso-urbano-3-245x300.jpg 245w, https:\/\/ambel.com.es\/wordpress\/wp-content\/uploads\/2023\/03\/alameda-descanso-urbano-3-768x939.jpg 768w, https:\/\/ambel.com.es\/wordpress\/wp-content\/uploads\/2023\/03\/alameda-descanso-urbano-3.jpg 800w\" sizes=\"auto, (max-width: 529px) 100vw, 529px\" \/><\/p>\n<p>alameda descanso urbano<\/p>\n<p><img loading=\"lazy\" decoding=\"async\" class=\"alignnone wp-image-2221\" src=\"https:\/\/ambel.com.es\/wordpress\/wp-content\/uploads\/2023\/03\/alameda-descanso-urbano-228x300.png\" alt=\"\" width=\"515\" height=\"678\" srcset=\"https:\/\/ambel.com.es\/wordpress\/wp-content\/uploads\/2023\/03\/alameda-descanso-urbano-228x300.png 228w, https:\/\/ambel.com.es\/wordpress\/wp-content\/uploads\/2023\/03\/alameda-descanso-urbano.png 581w\" sizes=\"auto, (max-width: 515px) 100vw, 515px\" \/><\/p>\n<p>Antequera luscofusco<\/p>\n<p><img loading=\"lazy\" decoding=\"async\" class=\"alignnone wp-image-2222\" src=\"https:\/\/ambel.com.es\/wordpress\/wp-content\/uploads\/2023\/03\/antequera-300x228.jpg\" alt=\"\" width=\"518\" height=\"394\" srcset=\"https:\/\/ambel.com.es\/wordpress\/wp-content\/uploads\/2023\/03\/antequera-300x228.jpg 300w, https:\/\/ambel.com.es\/wordpress\/wp-content\/uploads\/2023\/03\/antequera.jpg 746w\" sizes=\"auto, (max-width: 518px) 100vw, 518px\" \/><\/p>\n<p>anxos de ferro<\/p>\n<p><img loading=\"lazy\" decoding=\"async\" class=\"alignnone wp-image-2223\" src=\"https:\/\/ambel.com.es\/wordpress\/wp-content\/uploads\/2023\/03\/anxos-de-ferro-1-300x220.jpg\" alt=\"\" width=\"520\" height=\"381\" srcset=\"https:\/\/ambel.com.es\/wordpress\/wp-content\/uploads\/2023\/03\/anxos-de-ferro-1-300x220.jpg 300w, https:\/\/ambel.com.es\/wordpress\/wp-content\/uploads\/2023\/03\/anxos-de-ferro-1-768x563.jpg 768w, https:\/\/ambel.com.es\/wordpress\/wp-content\/uploads\/2023\/03\/anxos-de-ferro-1.jpg 812w\" sizes=\"auto, (max-width: 520px) 100vw, 520px\" \/><\/p>\n<p>Arco iris en la plaza de Santa Barbara<\/p>\n<p><img loading=\"lazy\" decoding=\"async\" class=\"alignnone wp-image-2224\" src=\"https:\/\/ambel.com.es\/wordpress\/wp-content\/uploads\/2023\/03\/Arco-iris-en-la-plaza-de-Santa-Barbara-300x243.jpg\" alt=\"\" width=\"527\" height=\"427\" srcset=\"https:\/\/ambel.com.es\/wordpress\/wp-content\/uploads\/2023\/03\/Arco-iris-en-la-plaza-de-Santa-Barbara-300x243.jpg 300w, https:\/\/ambel.com.es\/wordpress\/wp-content\/uploads\/2023\/03\/Arco-iris-en-la-plaza-de-Santa-Barbara.jpg 700w\" sizes=\"auto, (max-width: 527px) 100vw, 527px\" \/><\/p>\n<p>arros a la nit<\/p>\n<p><img loading=\"lazy\" decoding=\"async\" class=\"alignnone wp-image-2225\" src=\"https:\/\/ambel.com.es\/wordpress\/wp-content\/uploads\/2023\/03\/arros-a-la-nit-300x222.jpg\" alt=\"\" width=\"528\" height=\"391\" srcset=\"https:\/\/ambel.com.es\/wordpress\/wp-content\/uploads\/2023\/03\/arros-a-la-nit-300x222.jpg 300w, https:\/\/ambel.com.es\/wordpress\/wp-content\/uploads\/2023\/03\/arros-a-la-nit-768x569.jpg 768w, https:\/\/ambel.com.es\/wordpress\/wp-content\/uploads\/2023\/03\/arros-a-la-nit.jpg 803w\" sizes=\"auto, (max-width: 528px) 100vw, 528px\" \/><\/p>\n<p>auga de Barcelos<\/p>\n<p><img loading=\"lazy\" decoding=\"async\" class=\"alignnone wp-image-2226\" src=\"https:\/\/ambel.com.es\/wordpress\/wp-content\/uploads\/2023\/03\/auga-de-Barcelos-300x241.jpg\" alt=\"\" width=\"523\" height=\"420\" srcset=\"https:\/\/ambel.com.es\/wordpress\/wp-content\/uploads\/2023\/03\/auga-de-Barcelos-300x241.jpg 300w, https:\/\/ambel.com.es\/wordpress\/wp-content\/uploads\/2023\/03\/auga-de-Barcelos.jpg 706w\" sizes=\"auto, (max-width: 523px) 100vw, 523px\" \/><\/p>\n<p>batalla de Rande<\/p>\n<p><img loading=\"lazy\" decoding=\"async\" class=\"alignnone wp-image-2227\" src=\"https:\/\/ambel.com.es\/wordpress\/wp-content\/uploads\/2023\/03\/batalla-de-rande-193x300.jpg\" alt=\"\" width=\"532\" height=\"827\" srcset=\"https:\/\/ambel.com.es\/wordpress\/wp-content\/uploads\/2023\/03\/batalla-de-rande-193x300.jpg 193w, https:\/\/ambel.com.es\/wordpress\/wp-content\/uploads\/2023\/03\/batalla-de-rande.jpg 365w\" sizes=\"auto, (max-width: 532px) 100vw, 532px\" \/><\/p>\n<p>caf\u00e9 latino<\/p>\n<p><img loading=\"lazy\" decoding=\"async\" class=\"alignnone wp-image-2228\" src=\"https:\/\/ambel.com.es\/wordpress\/wp-content\/uploads\/2023\/03\/cafe-latino-DIBUJO-206x300.jpg\" alt=\"\" width=\"535\" height=\"779\" srcset=\"https:\/\/ambel.com.es\/wordpress\/wp-content\/uploads\/2023\/03\/cafe-latino-DIBUJO-206x300.jpg 206w, https:\/\/ambel.com.es\/wordpress\/wp-content\/uploads\/2023\/03\/cafe-latino-DIBUJO.jpg 525w\" sizes=\"auto, (max-width: 535px) 100vw, 535px\" \/><\/p>\n<p>calle de la luz Cuenca<\/p>\n<p><img loading=\"lazy\" decoding=\"async\" class=\"alignnone wp-image-2229\" src=\"https:\/\/ambel.com.es\/wordpress\/wp-content\/uploads\/2023\/03\/calle-de-la-luz-cuenca-248x300.jpg\" alt=\"\" width=\"537\" height=\"650\" srcset=\"https:\/\/ambel.com.es\/wordpress\/wp-content\/uploads\/2023\/03\/calle-de-la-luz-cuenca-248x300.jpg 248w, https:\/\/ambel.com.es\/wordpress\/wp-content\/uploads\/2023\/03\/calle-de-la-luz-cuenca.jpg 438w\" sizes=\"auto, (max-width: 537px) 100vw, 537px\" \/><\/p>\n<p>calle Real, Vigo<\/p>\n<p><img loading=\"lazy\" decoding=\"async\" class=\"alignnone wp-image-2230\" src=\"https:\/\/ambel.com.es\/wordpress\/wp-content\/uploads\/2023\/03\/calle-real-1-224x300.jpg\" alt=\"\" width=\"532\" height=\"713\" srcset=\"https:\/\/ambel.com.es\/wordpress\/wp-content\/uploads\/2023\/03\/calle-real-1-224x300.jpg 224w, https:\/\/ambel.com.es\/wordpress\/wp-content\/uploads\/2023\/03\/calle-real-1.jpg 423w\" sizes=\"auto, (max-width: 532px) 100vw, 532px\" \/><\/p>\n<p>camino Cuenca<\/p>\n<p>&nbsp;<\/p>\n<p>&nbsp;<\/p>\n<p>&nbsp;<\/p>\n<p><img loading=\"lazy\" decoding=\"async\" class=\" wp-image-2231\" src=\"https:\/\/ambel.com.es\/wordpress\/wp-content\/uploads\/2023\/03\/camino-cuenca-1-242x300.jpg\" alt=\"\" width=\"535\" height=\"663\" srcset=\"https:\/\/ambel.com.es\/wordpress\/wp-content\/uploads\/2023\/03\/camino-cuenca-1-242x300.jpg 242w, https:\/\/ambel.com.es\/wordpress\/wp-content\/uploads\/2023\/03\/camino-cuenca-1.jpg 458w\" sizes=\"auto, (max-width: 535px) 100vw, 535px\" \/><\/p>\n<p>carnaval de Vigo<\/p>\n<p><img loading=\"lazy\" decoding=\"async\" class=\"alignnone wp-image-2232\" src=\"https:\/\/ambel.com.es\/wordpress\/wp-content\/uploads\/2023\/03\/carnaval-de-vigo-300x235.png\" alt=\"\" width=\"537\" height=\"421\" srcset=\"https:\/\/ambel.com.es\/wordpress\/wp-content\/uploads\/2023\/03\/carnaval-de-vigo-300x235.png 300w, https:\/\/ambel.com.es\/wordpress\/wp-content\/uploads\/2023\/03\/carnaval-de-vigo.png 761w\" sizes=\"auto, (max-width: 537px) 100vw, 537px\" \/><\/p>\n<p>casa portuguesa, por la noche<\/p>\n<p>&nbsp;<\/p>\n<p><img loading=\"lazy\" decoding=\"async\" class=\"alignnone wp-image-2233\" src=\"https:\/\/ambel.com.es\/wordpress\/wp-content\/uploads\/2023\/03\/casa-portuguesa-300x236.png\" alt=\"\" width=\"536\" height=\"422\" srcset=\"https:\/\/ambel.com.es\/wordpress\/wp-content\/uploads\/2023\/03\/casa-portuguesa-300x236.png 300w, https:\/\/ambel.com.es\/wordpress\/wp-content\/uploads\/2023\/03\/casa-portuguesa.png 756w\" sizes=\"auto, (max-width: 536px) 100vw, 536px\" \/><\/p>\n<p>castillo Monterrey<\/p>\n<p><img loading=\"lazy\" decoding=\"async\" class=\"alignnone wp-image-2234\" src=\"https:\/\/ambel.com.es\/wordpress\/wp-content\/uploads\/2023\/03\/castillo-monterrey-239x300.jpg\" alt=\"\" width=\"536\" height=\"673\" srcset=\"https:\/\/ambel.com.es\/wordpress\/wp-content\/uploads\/2023\/03\/castillo-monterrey-239x300.jpg 239w, https:\/\/ambel.com.es\/wordpress\/wp-content\/uploads\/2023\/03\/castillo-monterrey.jpg 609w\" sizes=\"auto, (max-width: 536px) 100vw, 536px\" \/><\/p>\n<p>catedral de Cuenca<\/p>\n<p><img loading=\"lazy\" decoding=\"async\" class=\"alignnone wp-image-2235\" src=\"https:\/\/ambel.com.es\/wordpress\/wp-content\/uploads\/2023\/03\/catedral-de-cuenca-300x300.jpg\" alt=\"\" width=\"537\" height=\"537\" srcset=\"https:\/\/ambel.com.es\/wordpress\/wp-content\/uploads\/2023\/03\/catedral-de-cuenca-300x300.jpg 300w, https:\/\/ambel.com.es\/wordpress\/wp-content\/uploads\/2023\/03\/catedral-de-cuenca-150x150.jpg 150w, https:\/\/ambel.com.es\/wordpress\/wp-content\/uploads\/2023\/03\/catedral-de-cuenca.jpg 568w\" sizes=\"auto, (max-width: 537px) 100vw, 537px\" \/><\/p>\n<p>catedral de Santiago homenaje a las victimas de Angrois<\/p>\n<p><img loading=\"lazy\" decoding=\"async\" class=\"alignnone wp-image-2236\" src=\"https:\/\/ambel.com.es\/wordpress\/wp-content\/uploads\/2023\/03\/catedral-de-santiago-homenaje-a-las-victimas-de-anglois-194x300.jpg\" alt=\"\" width=\"537\" height=\"830\" srcset=\"https:\/\/ambel.com.es\/wordpress\/wp-content\/uploads\/2023\/03\/catedral-de-santiago-homenaje-a-las-victimas-de-anglois-194x300.jpg 194w, https:\/\/ambel.com.es\/wordpress\/wp-content\/uploads\/2023\/03\/catedral-de-santiago-homenaje-a-las-victimas-de-anglois.jpg 366w\" sizes=\"auto, (max-width: 537px) 100vw, 537px\" \/><\/p>\n<p>chuerretones de caliza en espiral<\/p>\n<p><img loading=\"lazy\" decoding=\"async\" class=\"alignnone wp-image-2237\" src=\"https:\/\/ambel.com.es\/wordpress\/wp-content\/uploads\/2023\/03\/chuerretones-de-caliza-en-espiral-250x300.jpg\" alt=\"\" width=\"532\" height=\"638\" srcset=\"https:\/\/ambel.com.es\/wordpress\/wp-content\/uploads\/2023\/03\/chuerretones-de-caliza-en-espiral-250x300.jpg 250w, https:\/\/ambel.com.es\/wordpress\/wp-content\/uploads\/2023\/03\/chuerretones-de-caliza-en-espiral.jpg 472w\" sizes=\"auto, (max-width: 532px) 100vw, 532px\" \/><\/p>\n<p>chuerrotones de caliza Hu\u00e9scar<\/p>\n<p><img loading=\"lazy\" decoding=\"async\" class=\"alignnone wp-image-2238\" src=\"https:\/\/ambel.com.es\/wordpress\/wp-content\/uploads\/2023\/03\/chuerrotones-de-caliza-huescar-300x295.jpg\" alt=\"\" width=\"535\" height=\"526\" srcset=\"https:\/\/ambel.com.es\/wordpress\/wp-content\/uploads\/2023\/03\/chuerrotones-de-caliza-huescar-300x295.jpg 300w, https:\/\/ambel.com.es\/wordpress\/wp-content\/uploads\/2023\/03\/chuerrotones-de-caliza-huescar.jpg 576w\" sizes=\"auto, (max-width: 535px) 100vw, 535px\" \/><\/p>\n<p>Cluny y la 11<\/p>\n<p><img loading=\"lazy\" decoding=\"async\" class=\"alignnone wp-image-2239\" src=\"https:\/\/ambel.com.es\/wordpress\/wp-content\/uploads\/2023\/03\/cluny-y-la-11-238x300.jpg\" alt=\"\" width=\"532\" height=\"671\" srcset=\"https:\/\/ambel.com.es\/wordpress\/wp-content\/uploads\/2023\/03\/cluny-y-la-11-238x300.jpg 238w, https:\/\/ambel.com.es\/wordpress\/wp-content\/uploads\/2023\/03\/cluny-y-la-11.jpg 449w\" sizes=\"auto, (max-width: 532px) 100vw, 532px\" \/><\/p>\n<p>collage de un castillo en Hu\u00e9scar<\/p>\n<p><img loading=\"lazy\" decoding=\"async\" class=\"alignnone wp-image-2240\" src=\"https:\/\/ambel.com.es\/wordpress\/wp-content\/uploads\/2023\/03\/collage-de-un-castillo-en-huescar-228x300.jpg\" alt=\"\" width=\"527\" height=\"693\" \/><\/p>\n<p>coraz\u00f3n de la metr\u00f3polis 3<\/p>\n<p><img loading=\"lazy\" decoding=\"async\" class=\"alignnone wp-image-2242\" src=\"https:\/\/ambel.com.es\/wordpress\/wp-content\/uploads\/2023\/03\/corazon-de-lametropolis-3-233x300.png\" alt=\"\" width=\"529\" height=\"681\" srcset=\"https:\/\/ambel.com.es\/wordpress\/wp-content\/uploads\/2023\/03\/corazon-de-lametropolis-3-233x300.png 233w, https:\/\/ambel.com.es\/wordpress\/wp-content\/uploads\/2023\/03\/corazon-de-lametropolis-3.png 593w\" sizes=\"auto, (max-width: 529px) 100vw, 529px\" \/><\/p>\n<p>Corme<\/p>\n<p><img loading=\"lazy\" decoding=\"async\" class=\"alignnone wp-image-2243\" src=\"https:\/\/ambel.com.es\/wordpress\/wp-content\/uploads\/2023\/03\/corme-300x223.jpg\" alt=\"\" width=\"526\" height=\"391\" srcset=\"https:\/\/ambel.com.es\/wordpress\/wp-content\/uploads\/2023\/03\/corme-300x223.jpg 300w, https:\/\/ambel.com.es\/wordpress\/wp-content\/uploads\/2023\/03\/corme-1024x762.jpg 1024w, https:\/\/ambel.com.es\/wordpress\/wp-content\/uploads\/2023\/03\/corme-768x571.jpg 768w, https:\/\/ambel.com.es\/wordpress\/wp-content\/uploads\/2023\/03\/corme-1536x1143.jpg 1536w, https:\/\/ambel.com.es\/wordpress\/wp-content\/uploads\/2023\/03\/corme-2048x1524.jpg 2048w, https:\/\/ambel.com.es\/wordpress\/wp-content\/uploads\/2023\/03\/corme-1568x1167.jpg 1568w\" sizes=\"auto, (max-width: 526px) 100vw, 526px\" \/><\/p>\n<p>cortijo por la Sagra<\/p>\n<p><img loading=\"lazy\" decoding=\"async\" class=\"alignnone wp-image-2244\" src=\"https:\/\/ambel.com.es\/wordpress\/wp-content\/uploads\/2023\/03\/cortijo-por-la-sagra-300x251.jpg\" alt=\"\" width=\"524\" height=\"438\" srcset=\"https:\/\/ambel.com.es\/wordpress\/wp-content\/uploads\/2023\/03\/cortijo-por-la-sagra-300x251.jpg 300w, https:\/\/ambel.com.es\/wordpress\/wp-content\/uploads\/2023\/03\/cortijo-por-la-sagra.jpg 678w\" sizes=\"auto, (max-width: 524px) 100vw, 524px\" \/><\/p>\n<p>Cuenca el Cardenal<\/p>\n<p><img loading=\"lazy\" decoding=\"async\" class=\"alignnone wp-image-2245\" src=\"https:\/\/ambel.com.es\/wordpress\/wp-content\/uploads\/2023\/03\/cuenca-el-cardenal-238x300.jpg\" alt=\"\" width=\"522\" height=\"658\" srcset=\"https:\/\/ambel.com.es\/wordpress\/wp-content\/uploads\/2023\/03\/cuenca-el-cardenal-238x300.jpg 238w, https:\/\/ambel.com.es\/wordpress\/wp-content\/uploads\/2023\/03\/cuenca-el-cardenal.jpg 449w\" sizes=\"auto, (max-width: 522px) 100vw, 522px\" \/><\/p>\n<p>Cuenca Jasper Jon<\/p>\n<p><img loading=\"lazy\" decoding=\"async\" class=\"alignnone wp-image-2246\" src=\"https:\/\/ambel.com.es\/wordpress\/wp-content\/uploads\/2023\/03\/cuenca-jasper-jon-234x300.jpg\" alt=\"\" width=\"525\" height=\"673\" srcset=\"https:\/\/ambel.com.es\/wordpress\/wp-content\/uploads\/2023\/03\/cuenca-jasper-jon-234x300.jpg 234w, https:\/\/ambel.com.es\/wordpress\/wp-content\/uploads\/2023\/03\/cuenca-jasper-jon.jpg 442w\" sizes=\"auto, (max-width: 525px) 100vw, 525px\" \/><\/p>\n<p>Cuenca tambores<\/p>\n<p><img loading=\"lazy\" decoding=\"async\" class=\"alignnone wp-image-2247\" src=\"https:\/\/ambel.com.es\/wordpress\/wp-content\/uploads\/2023\/03\/cuenca-tambores-300x247.jpg\" alt=\"\" width=\"525\" height=\"432\" srcset=\"https:\/\/ambel.com.es\/wordpress\/wp-content\/uploads\/2023\/03\/cuenca-tambores-300x247.jpg 300w, https:\/\/ambel.com.es\/wordpress\/wp-content\/uploads\/2023\/03\/cuenca-tambores.jpg 688w\" sizes=\"auto, (max-width: 525px) 100vw, 525px\" \/><\/p>\n<p>Cuenca<\/p>\n<p><img loading=\"lazy\" decoding=\"async\" class=\"alignnone wp-image-2248\" src=\"https:\/\/ambel.com.es\/wordpress\/wp-content\/uploads\/2023\/03\/cuenca-252x300.jpg\" alt=\"\" width=\"526\" height=\"626\" srcset=\"https:\/\/ambel.com.es\/wordpress\/wp-content\/uploads\/2023\/03\/cuenca-252x300.jpg 252w, https:\/\/ambel.com.es\/wordpress\/wp-content\/uploads\/2023\/03\/cuenca.jpg 476w\" sizes=\"auto, (max-width: 526px) 100vw, 526px\" \/><\/p>\n<p>de Mos a Vigo<\/p>\n<p><img loading=\"lazy\" decoding=\"async\" class=\"alignnone wp-image-2249\" src=\"https:\/\/ambel.com.es\/wordpress\/wp-content\/uploads\/2023\/03\/de-mos-a-vigo-300x247.jpg\" alt=\"\" width=\"527\" height=\"434\" srcset=\"https:\/\/ambel.com.es\/wordpress\/wp-content\/uploads\/2023\/03\/de-mos-a-vigo-300x247.jpg 300w, https:\/\/ambel.com.es\/wordpress\/wp-content\/uploads\/2023\/03\/de-mos-a-vigo.jpg 688w\" sizes=\"auto, (max-width: 527px) 100vw, 527px\" \/><\/p>\n<p>de Vel\u00e1zquez Moreno a Moa\u00f1a<\/p>\n<p><img loading=\"lazy\" decoding=\"async\" class=\"alignnone wp-image-2250\" src=\"https:\/\/ambel.com.es\/wordpress\/wp-content\/uploads\/2023\/03\/de-Velazquez-Moreno-a-Moana-253x300.jpg\" alt=\"\" width=\"527\" height=\"625\" srcset=\"https:\/\/ambel.com.es\/wordpress\/wp-content\/uploads\/2023\/03\/de-Velazquez-Moreno-a-Moana-253x300.jpg 253w, https:\/\/ambel.com.es\/wordpress\/wp-content\/uploads\/2023\/03\/de-Velazquez-Moreno-a-Moana.jpg 645w\" sizes=\"auto, (max-width: 527px) 100vw, 527px\" \/><\/p>\n<p>del Miguelete a Santa Catalina<\/p>\n<p><img loading=\"lazy\" decoding=\"async\" class=\"alignnone wp-image-2251\" src=\"https:\/\/ambel.com.es\/wordpress\/wp-content\/uploads\/2023\/03\/del-Migueleta-a-Santa-Catalina-1-300x240.jpg\" alt=\"\" width=\"523\" height=\"418\" srcset=\"https:\/\/ambel.com.es\/wordpress\/wp-content\/uploads\/2023\/03\/del-Migueleta-a-Santa-Catalina-1-300x240.jpg 300w, https:\/\/ambel.com.es\/wordpress\/wp-content\/uploads\/2023\/03\/del-Migueleta-a-Santa-Catalina-1.jpg 708w\" sizes=\"auto, (max-width: 523px) 100vw, 523px\" \/><\/p>\n<p>del n\u00e1utico al edificio Mulder<\/p>\n<p><img loading=\"lazy\" decoding=\"async\" class=\"alignnone wp-image-2252\" src=\"https:\/\/ambel.com.es\/wordpress\/wp-content\/uploads\/2023\/03\/del-nautico-al-edificio-mulder-231x300.jpg\" alt=\"\" width=\"524\" height=\"681\" srcset=\"https:\/\/ambel.com.es\/wordpress\/wp-content\/uploads\/2023\/03\/del-nautico-al-edificio-mulder-231x300.jpg 231w, https:\/\/ambel.com.es\/wordpress\/wp-content\/uploads\/2023\/03\/del-nautico-al-edificio-mulder.jpg 436w\" sizes=\"auto, (max-width: 524px) 100vw, 524px\" \/><\/p>\n<p>DEMOCRACIA<\/p>\n<p><img loading=\"lazy\" decoding=\"async\" class=\"alignnone wp-image-2253\" src=\"https:\/\/ambel.com.es\/wordpress\/wp-content\/uploads\/2023\/03\/DEMOCRACIA-5-megas-300x222.jpg\" alt=\"\" width=\"524\" height=\"388\" srcset=\"https:\/\/ambel.com.es\/wordpress\/wp-content\/uploads\/2023\/03\/DEMOCRACIA-5-megas-300x222.jpg 300w, https:\/\/ambel.com.es\/wordpress\/wp-content\/uploads\/2023\/03\/DEMOCRACIA-5-megas.jpg 600w\" sizes=\"auto, (max-width: 524px) 100vw, 524px\" \/><\/p>\n<p>drag\u00f3n construye ciudades<\/p>\n<p><img loading=\"lazy\" decoding=\"async\" class=\" wp-image-2254\" src=\"https:\/\/ambel.com.es\/wordpress\/wp-content\/uploads\/2023\/03\/dragon-construye-ciudades-223x300.jpg\" alt=\"\" width=\"520\" height=\"700\" srcset=\"https:\/\/ambel.com.es\/wordpress\/wp-content\/uploads\/2023\/03\/dragon-construye-ciudades-223x300.jpg 223w, https:\/\/ambel.com.es\/wordpress\/wp-content\/uploads\/2023\/03\/dragon-construye-ciudades.jpg 422w\" sizes=\"auto, (max-width: 520px) 100vw, 520px\" \/><\/p>\n<p>el at\u00fan perdido<\/p>\n<p><img loading=\"lazy\" decoding=\"async\" class=\"alignnone wp-image-2255\" src=\"https:\/\/ambel.com.es\/wordpress\/wp-content\/uploads\/2023\/03\/el-atun-perdido-300x240.jpg\" alt=\"\" width=\"525\" height=\"420\" srcset=\"https:\/\/ambel.com.es\/wordpress\/wp-content\/uploads\/2023\/03\/el-atun-perdido-300x240.jpg 300w, https:\/\/ambel.com.es\/wordpress\/wp-content\/uploads\/2023\/03\/el-atun-perdido-1024x818.jpg 1024w, https:\/\/ambel.com.es\/wordpress\/wp-content\/uploads\/2023\/03\/el-atun-perdido-768x613.jpg 768w, https:\/\/ambel.com.es\/wordpress\/wp-content\/uploads\/2023\/03\/el-atun-perdido-1536x1227.jpg 1536w, https:\/\/ambel.com.es\/wordpress\/wp-content\/uploads\/2023\/03\/el-atun-perdido-2048x1636.jpg 2048w, https:\/\/ambel.com.es\/wordpress\/wp-content\/uploads\/2023\/03\/el-atun-perdido-1568x1252.jpg 1568w\" sizes=\"auto, (max-width: 525px) 100vw, 525px\" \/><\/p>\n<p>el musico de jazz<\/p>\n<p><img loading=\"lazy\" decoding=\"async\" class=\"alignnone wp-image-2256\" src=\"https:\/\/ambel.com.es\/wordpress\/wp-content\/uploads\/2023\/03\/el-musico-de-jazz-1-228x300.jpg\" alt=\"\" width=\"526\" height=\"692\" srcset=\"https:\/\/ambel.com.es\/wordpress\/wp-content\/uploads\/2023\/03\/el-musico-de-jazz-1-228x300.jpg 228w, https:\/\/ambel.com.es\/wordpress\/wp-content\/uploads\/2023\/03\/el-musico-de-jazz-1.jpg 430w\" sizes=\"auto, (max-width: 526px) 100vw, 526px\" \/><\/p>\n<p>el orensano<\/p>\n<p><img loading=\"lazy\" decoding=\"async\" class=\"alignnone wp-image-2257\" src=\"https:\/\/ambel.com.es\/wordpress\/wp-content\/uploads\/2023\/03\/el-orensano-1-247x300.jpg\" alt=\"\" width=\"523\" height=\"635\" srcset=\"https:\/\/ambel.com.es\/wordpress\/wp-content\/uploads\/2023\/03\/el-orensano-1-247x300.jpg 247w, https:\/\/ambel.com.es\/wordpress\/wp-content\/uploads\/2023\/03\/el-orensano-1.jpg 466w\" sizes=\"auto, (max-width: 523px) 100vw, 523px\" \/><\/p>\n<p>el palau a la nit<\/p>\n<p><img loading=\"lazy\" decoding=\"async\" class=\"alignnone wp-image-2258\" src=\"https:\/\/ambel.com.es\/wordpress\/wp-content\/uploads\/2023\/03\/el-palau-a-la-nit-300x238.jpg\" alt=\"\" width=\"523\" height=\"415\" srcset=\"https:\/\/ambel.com.es\/wordpress\/wp-content\/uploads\/2023\/03\/el-palau-a-la-nit-300x238.jpg 300w, https:\/\/ambel.com.es\/wordpress\/wp-content\/uploads\/2023\/03\/el-palau-a-la-nit.jpg 715w\" sizes=\"auto, (max-width: 523px) 100vw, 523px\" \/><\/p>\n<p>el palomar de Hu\u00e9scar<\/p>\n<p><img loading=\"lazy\" decoding=\"async\" class=\"alignnone wp-image-2259\" src=\"https:\/\/ambel.com.es\/wordpress\/wp-content\/uploads\/2023\/03\/el-palomar-de-huescar-222x300.jpg\" alt=\"\" width=\"526\" height=\"711\" srcset=\"https:\/\/ambel.com.es\/wordpress\/wp-content\/uploads\/2023\/03\/el-palomar-de-huescar-222x300.jpg 222w, https:\/\/ambel.com.es\/wordpress\/wp-content\/uploads\/2023\/03\/el-palomar-de-huescar.jpg 419w\" sizes=\"auto, (max-width: 526px) 100vw, 526px\" \/><\/p>\n<p>el piano en la bodega del capit\u00e1n<\/p>\n<p><img loading=\"lazy\" decoding=\"async\" class=\"alignnone wp-image-2260\" src=\"https:\/\/ambel.com.es\/wordpress\/wp-content\/uploads\/2023\/03\/el-piano-en-la-bodega-del-capitan-226x300.jpg\" alt=\"\" width=\"520\" height=\"690\" srcset=\"https:\/\/ambel.com.es\/wordpress\/wp-content\/uploads\/2023\/03\/el-piano-en-la-bodega-del-capitan-226x300.jpg 226w, https:\/\/ambel.com.es\/wordpress\/wp-content\/uploads\/2023\/03\/el-piano-en-la-bodega-del-capitan.jpg 576w\" sizes=\"auto, (max-width: 520px) 100vw, 520px\" \/><\/p>\n<p>el sol duerme sobre las C\u00edes<\/p>\n<p><img loading=\"lazy\" decoding=\"async\" class=\"alignnone wp-image-2261\" src=\"https:\/\/ambel.com.es\/wordpress\/wp-content\/uploads\/2023\/03\/el-sol-duerme-sobre-las-cies-300x230.jpg\" alt=\"\" width=\"520\" height=\"399\" srcset=\"https:\/\/ambel.com.es\/wordpress\/wp-content\/uploads\/2023\/03\/el-sol-duerme-sobre-las-cies-300x230.jpg 300w, https:\/\/ambel.com.es\/wordpress\/wp-content\/uploads\/2023\/03\/el-sol-duerme-sobre-las-cies.jpg 741w\" sizes=\"auto, (max-width: 520px) 100vw, 520px\" \/><\/p>\n<p>ermita por la comarca de Arra<\/p>\n<p><img loading=\"lazy\" decoding=\"async\" class=\"alignnone wp-image-2262\" src=\"https:\/\/ambel.com.es\/wordpress\/wp-content\/uploads\/2023\/03\/ermita-de-arra-300x244.jpg\" alt=\"\" width=\"518\" height=\"421\" srcset=\"https:\/\/ambel.com.es\/wordpress\/wp-content\/uploads\/2023\/03\/ermita-de-arra-300x244.jpg 300w, https:\/\/ambel.com.es\/wordpress\/wp-content\/uploads\/2023\/03\/ermita-de-arra.jpg 696w\" sizes=\"auto, (max-width: 518px) 100vw, 518px\" \/><\/p>\n<p>ermita de la soledad, Hu\u00e9scar<\/p>\n<p><img loading=\"lazy\" decoding=\"async\" class=\"alignnone wp-image-2263\" src=\"https:\/\/ambel.com.es\/wordpress\/wp-content\/uploads\/2023\/03\/ermita-de-la-soledad-300x196.jpg\" alt=\"\" width=\"516\" height=\"337\" srcset=\"https:\/\/ambel.com.es\/wordpress\/wp-content\/uploads\/2023\/03\/ermita-de-la-soledad-300x196.jpg 300w, https:\/\/ambel.com.es\/wordpress\/wp-content\/uploads\/2023\/03\/ermita-de-la-soledad-768x501.jpg 768w, https:\/\/ambel.com.es\/wordpress\/wp-content\/uploads\/2023\/03\/ermita-de-la-soledad.jpg 870w\" sizes=\"auto, (max-width: 516px) 100vw, 516px\" \/><\/p>\n<p>estampado de pared en Rosal\u00eda 2<\/p>\n<p><img loading=\"lazy\" decoding=\"async\" class=\"alignnone wp-image-2265\" src=\"https:\/\/ambel.com.es\/wordpress\/wp-content\/uploads\/2023\/03\/estampado-de-pared-en-rosalia-2-300x194.jpg\" alt=\"\" width=\"515\" height=\"333\" srcset=\"https:\/\/ambel.com.es\/wordpress\/wp-content\/uploads\/2023\/03\/estampado-de-pared-en-rosalia-2-300x194.jpg 300w, https:\/\/ambel.com.es\/wordpress\/wp-content\/uploads\/2023\/03\/estampado-de-pared-en-rosalia-2-768x495.jpg 768w, https:\/\/ambel.com.es\/wordpress\/wp-content\/uploads\/2023\/03\/estampado-de-pared-en-rosalia-2.jpg 879w\" sizes=\"auto, (max-width: 515px) 100vw, 515px\" \/><\/p>\n<p>estampado de pared en Rosal\u00eda 2<\/p>\n<p><img loading=\"lazy\" decoding=\"async\" class=\"alignnone wp-image-2266\" src=\"https:\/\/ambel.com.es\/wordpress\/wp-content\/uploads\/2023\/03\/estampado-de-pared-en-rosalia-de-castro-300x294.jpg\" alt=\"\" width=\"514\" height=\"504\" srcset=\"https:\/\/ambel.com.es\/wordpress\/wp-content\/uploads\/2023\/03\/estampado-de-pared-en-rosalia-de-castro-300x294.jpg 300w, https:\/\/ambel.com.es\/wordpress\/wp-content\/uploads\/2023\/03\/estampado-de-pared-en-rosalia-de-castro.jpg 578w\" sizes=\"auto, (max-width: 514px) 100vw, 514px\" \/><\/p>\n<p>casa caminantes Cuenca<\/p>\n<p><img loading=\"lazy\" decoding=\"async\" class=\"alignnone wp-image-2267\" src=\"https:\/\/ambel.com.es\/wordpress\/wp-content\/uploads\/2023\/03\/exposicion-Cuenca.-Ambel-07_img_2-1-218x300.jpg\" alt=\"\" width=\"515\" height=\"709\" srcset=\"https:\/\/ambel.com.es\/wordpress\/wp-content\/uploads\/2023\/03\/exposicion-Cuenca.-Ambel-07_img_2-1-218x300.jpg 218w, https:\/\/ambel.com.es\/wordpress\/wp-content\/uploads\/2023\/03\/exposicion-Cuenca.-Ambel-07_img_2-1.jpg 412w\" sizes=\"auto, (max-width: 515px) 100vw, 515px\" \/><\/p>\n<p>San Miguel Procesi\u00f3n, Cuenca<\/p>\n<p><img loading=\"lazy\" decoding=\"async\" class=\"alignnone wp-image-2268\" src=\"https:\/\/ambel.com.es\/wordpress\/wp-content\/uploads\/2023\/03\/exposicion-Cuenca.-Ambel-07_img_4-1-300x220.jpg\" alt=\"\" width=\"520\" height=\"381\" srcset=\"https:\/\/ambel.com.es\/wordpress\/wp-content\/uploads\/2023\/03\/exposicion-Cuenca.-Ambel-07_img_4-1-300x220.jpg 300w, https:\/\/ambel.com.es\/wordpress\/wp-content\/uploads\/2023\/03\/exposicion-Cuenca.-Ambel-07_img_4-1.jpg 471w\" sizes=\"auto, (max-width: 520px) 100vw, 520px\" \/><\/p>\n<p>Mark Chagall, Alfonso VIII<\/p>\n<p><img loading=\"lazy\" decoding=\"async\" class=\"alignnone wp-image-2269\" src=\"https:\/\/ambel.com.es\/wordpress\/wp-content\/uploads\/2023\/03\/exposicion-Cuenca.-Ambel-07_img_6-1-300x250.jpg\" alt=\"\" width=\"520\" height=\"433\" srcset=\"https:\/\/ambel.com.es\/wordpress\/wp-content\/uploads\/2023\/03\/exposicion-Cuenca.-Ambel-07_img_6-1-300x250.jpg 300w, https:\/\/ambel.com.es\/wordpress\/wp-content\/uploads\/2023\/03\/exposicion-Cuenca.-Ambel-07_img_6-1.jpg 427w\" sizes=\"auto, (max-width: 520px) 100vw, 520px\" \/><\/p>\n<p>bajada a Santo Domingo Cuenca<\/p>\n<p><img loading=\"lazy\" decoding=\"async\" class=\"alignnone wp-image-2270\" src=\"https:\/\/ambel.com.es\/wordpress\/wp-content\/uploads\/2023\/03\/exposicion-Cuenca.-Ambel-07_img_8-1-250x300.jpg\" alt=\"\" width=\"515\" height=\"618\" srcset=\"https:\/\/ambel.com.es\/wordpress\/wp-content\/uploads\/2023\/03\/exposicion-Cuenca.-Ambel-07_img_8-1-250x300.jpg 250w, https:\/\/ambel.com.es\/wordpress\/wp-content\/uploads\/2023\/03\/exposicion-Cuenca.-Ambel-07_img_8-1.jpg 473w\" sizes=\"auto, (max-width: 515px) 100vw, 515px\" \/><\/p>\n<p>bajada al Salvador, Cuenca<\/p>\n<p><img loading=\"lazy\" decoding=\"async\" class=\"alignnone wp-image-2271\" src=\"https:\/\/ambel.com.es\/wordpress\/wp-content\/uploads\/2023\/03\/exposicion-Cuenca.-Ambel-07_img_10-1-246x300.jpg\" alt=\"\" width=\"514\" height=\"627\" srcset=\"https:\/\/ambel.com.es\/wordpress\/wp-content\/uploads\/2023\/03\/exposicion-Cuenca.-Ambel-07_img_10-1-246x300.jpg 246w, https:\/\/ambel.com.es\/wordpress\/wp-content\/uploads\/2023\/03\/exposicion-Cuenca.-Ambel-07_img_10-1.jpg 464w\" sizes=\"auto, (max-width: 514px) 100vw, 514px\" \/><\/p>\n<p>nieve en el secano, Cuenca<\/p>\n<p><img loading=\"lazy\" decoding=\"async\" class=\"alignnone wp-image-2272\" src=\"https:\/\/ambel.com.es\/wordpress\/wp-content\/uploads\/2023\/03\/exposicion-Cuenca.-Ambel-07_img_12-1-300x248.jpg\" alt=\"\" width=\"510\" height=\"422\" srcset=\"https:\/\/ambel.com.es\/wordpress\/wp-content\/uploads\/2023\/03\/exposicion-Cuenca.-Ambel-07_img_12-1-300x248.jpg 300w, https:\/\/ambel.com.es\/wordpress\/wp-content\/uploads\/2023\/03\/exposicion-Cuenca.-Ambel-07_img_12-1.jpg 686w\" sizes=\"auto, (max-width: 510px) 100vw, 510px\" \/><\/p>\n<p>Matisse, Gigante\u00a0 y Cabezudos, Cuenca<\/p>\n<p><img loading=\"lazy\" decoding=\"async\" class=\"alignnone wp-image-2273\" src=\"https:\/\/ambel.com.es\/wordpress\/wp-content\/uploads\/2023\/03\/exposicion-Cuenca.-Ambel-07_img_14-1-300x251.jpg\" alt=\"\" width=\"513\" height=\"429\" srcset=\"https:\/\/ambel.com.es\/wordpress\/wp-content\/uploads\/2023\/03\/exposicion-Cuenca.-Ambel-07_img_14-1-300x251.jpg 300w, https:\/\/ambel.com.es\/wordpress\/wp-content\/uploads\/2023\/03\/exposicion-Cuenca.-Ambel-07_img_14-1.jpg 677w\" sizes=\"auto, (max-width: 513px) 100vw, 513px\" \/><\/p>\n<p>Cristo del amparo desde la puerta de Valencia, Cuenca<\/p>\n<p><img loading=\"lazy\" decoding=\"async\" class=\"alignnone wp-image-2274\" src=\"https:\/\/ambel.com.es\/wordpress\/wp-content\/uploads\/2023\/03\/exposicion-Cuenca.-Ambel-07_img_16-1-249x300.jpg\" alt=\"\" width=\"511\" height=\"616\" srcset=\"https:\/\/ambel.com.es\/wordpress\/wp-content\/uploads\/2023\/03\/exposicion-Cuenca.-Ambel-07_img_16-1-249x300.jpg 249w, https:\/\/ambel.com.es\/wordpress\/wp-content\/uploads\/2023\/03\/exposicion-Cuenca.-Ambel-07_img_16-1.jpg 471w\" sizes=\"auto, (max-width: 511px) 100vw, 511px\" \/><\/p>\n<p>de Solera al Salvador, Cuenca<\/p>\n<p><img loading=\"lazy\" decoding=\"async\" class=\"alignnone wp-image-2275\" src=\"https:\/\/ambel.com.es\/wordpress\/wp-content\/uploads\/2023\/03\/exposicion-Cuenca.-Ambel-07_img_18-1-253x300.jpg\" alt=\"\" width=\"508\" height=\"602\" srcset=\"https:\/\/ambel.com.es\/wordpress\/wp-content\/uploads\/2023\/03\/exposicion-Cuenca.-Ambel-07_img_18-1-253x300.jpg 253w, https:\/\/ambel.com.es\/wordpress\/wp-content\/uploads\/2023\/03\/exposicion-Cuenca.-Ambel-07_img_18-1.jpg 478w\" sizes=\"auto, (max-width: 508px) 100vw, 508px\" \/><\/p>\n<p>Dera\u00edn calle san Juan, Cuenca<\/p>\n<p><img loading=\"lazy\" decoding=\"async\" class=\"alignnone wp-image-2276\" src=\"https:\/\/ambel.com.es\/wordpress\/wp-content\/uploads\/2023\/03\/exposicion-Cuenca.-Ambel-07_img_20-1-247x300.jpg\" alt=\"\" width=\"508\" height=\"617\" srcset=\"https:\/\/ambel.com.es\/wordpress\/wp-content\/uploads\/2023\/03\/exposicion-Cuenca.-Ambel-07_img_20-1-247x300.jpg 247w, https:\/\/ambel.com.es\/wordpress\/wp-content\/uploads\/2023\/03\/exposicion-Cuenca.-Ambel-07_img_20-1.jpg 466w\" sizes=\"auto, (max-width: 508px) 100vw, 508px\" \/><\/p>\n<p>el Salvador, Cuenca<\/p>\n<p><img loading=\"lazy\" decoding=\"async\" class=\"alignnone wp-image-2277\" src=\"https:\/\/ambel.com.es\/wordpress\/wp-content\/uploads\/2023\/03\/exposicion-Cuenca.-Ambel-07_img_22-1-300x249.jpg\" alt=\"\" width=\"508\" height=\"422\" srcset=\"https:\/\/ambel.com.es\/wordpress\/wp-content\/uploads\/2023\/03\/exposicion-Cuenca.-Ambel-07_img_22-1-300x249.jpg 300w, https:\/\/ambel.com.es\/wordpress\/wp-content\/uploads\/2023\/03\/exposicion-Cuenca.-Ambel-07_img_22-1.jpg 682w\" sizes=\"auto, (max-width: 508px) 100vw, 508px\" \/><\/p>\n<p>La Santa Cruz, Cuenca<\/p>\n<p><img loading=\"lazy\" decoding=\"async\" class=\"alignnone wp-image-2278\" src=\"https:\/\/ambel.com.es\/wordpress\/wp-content\/uploads\/2023\/03\/exposicion-Cuenca.-Ambel-07_img_24-1-249x300.jpg\" alt=\"\" width=\"504\" height=\"607\" srcset=\"https:\/\/ambel.com.es\/wordpress\/wp-content\/uploads\/2023\/03\/exposicion-Cuenca.-Ambel-07_img_24-1-249x300.jpg 249w, https:\/\/ambel.com.es\/wordpress\/wp-content\/uploads\/2023\/03\/exposicion-Cuenca.-Ambel-07_img_24-1.jpg 471w\" sizes=\"auto, (max-width: 504px) 100vw, 504px\" \/><\/p>\n<p>bajada a las Angustias, Cuenca<\/p>\n<p><img loading=\"lazy\" decoding=\"async\" class=\"alignnone wp-image-2279\" src=\"https:\/\/ambel.com.es\/wordpress\/wp-content\/uploads\/2023\/03\/exposicion-Cuenca.-Ambel-07_img_26-1-233x300.jpg\" alt=\"\" width=\"505\" height=\"650\" srcset=\"https:\/\/ambel.com.es\/wordpress\/wp-content\/uploads\/2023\/03\/exposicion-Cuenca.-Ambel-07_img_26-1-233x300.jpg 233w, https:\/\/ambel.com.es\/wordpress\/wp-content\/uploads\/2023\/03\/exposicion-Cuenca.-Ambel-07_img_26-1.jpg 440w\" sizes=\"auto, (max-width: 505px) 100vw, 505px\" \/><\/p>\n<p>cerro Socorro, Cuenca<\/p>\n<p><img loading=\"lazy\" decoding=\"async\" class=\"alignnone wp-image-2280\" src=\"https:\/\/ambel.com.es\/wordpress\/wp-content\/uploads\/2023\/03\/exposicion-Cuenca.-Ambel-07_img_34-1-300x288.jpg\" alt=\"\" width=\"508\" height=\"488\" srcset=\"https:\/\/ambel.com.es\/wordpress\/wp-content\/uploads\/2023\/03\/exposicion-Cuenca.-Ambel-07_img_34-1-300x288.jpg 300w, https:\/\/ambel.com.es\/wordpress\/wp-content\/uploads\/2023\/03\/exposicion-Cuenca.-Ambel-07_img_34-1.jpg 590w\" sizes=\"auto, (max-width: 508px) 100vw, 508px\" \/><\/p>\n<p>flexisargo<\/p>\n<p><img loading=\"lazy\" decoding=\"async\" class=\"alignnone wp-image-2281\" src=\"https:\/\/ambel.com.es\/wordpress\/wp-content\/uploads\/2023\/03\/flexisargo-1-300x212.jpg\" alt=\"\" width=\"509\" height=\"360\" srcset=\"https:\/\/ambel.com.es\/wordpress\/wp-content\/uploads\/2023\/03\/flexisargo-1-300x212.jpg 300w, https:\/\/ambel.com.es\/wordpress\/wp-content\/uploads\/2023\/03\/flexisargo-1-768x542.jpg 768w, https:\/\/ambel.com.es\/wordpress\/wp-content\/uploads\/2023\/03\/flexisargo-1.jpg 804w\" sizes=\"auto, (max-width: 509px) 100vw, 509px\" \/><\/p>\n<p>fuegos de Bouzas II<\/p>\n<p><img loading=\"lazy\" decoding=\"async\" class=\" wp-image-2282\" src=\"https:\/\/ambel.com.es\/wordpress\/wp-content\/uploads\/2023\/03\/fuegos-de-Bouzas-II-1-300x242.jpg\" alt=\"\" width=\"510\" height=\"411\" srcset=\"https:\/\/ambel.com.es\/wordpress\/wp-content\/uploads\/2023\/03\/fuegos-de-Bouzas-II-1-300x242.jpg 300w, https:\/\/ambel.com.es\/wordpress\/wp-content\/uploads\/2023\/03\/fuegos-de-Bouzas-II-1.jpg 703w\" sizes=\"auto, (max-width: 510px) 100vw, 510px\" \/><\/p>\n<p>fuegos de Buzas<\/p>\n<p><img loading=\"lazy\" decoding=\"async\" class=\"alignnone wp-image-2283\" src=\"https:\/\/ambel.com.es\/wordpress\/wp-content\/uploads\/2023\/03\/fuegos-de-bouzas-300x243.jpg\" alt=\"\" width=\"507\" height=\"411\" srcset=\"https:\/\/ambel.com.es\/wordpress\/wp-content\/uploads\/2023\/03\/fuegos-de-bouzas-300x243.jpg 300w, https:\/\/ambel.com.es\/wordpress\/wp-content\/uploads\/2023\/03\/fuegos-de-bouzas.jpg 699w\" sizes=\"auto, (max-width: 507px) 100vw, 507px\" \/><\/p>\n<p>gaitero<\/p>\n<p><img loading=\"lazy\" decoding=\"async\" class=\"alignnone wp-image-2284\" src=\"https:\/\/ambel.com.es\/wordpress\/wp-content\/uploads\/2023\/03\/gaitero-1-263x300.jpg\" alt=\"\" width=\"501\" height=\"571\" srcset=\"https:\/\/ambel.com.es\/wordpress\/wp-content\/uploads\/2023\/03\/gaitero-1-263x300.jpg 263w, https:\/\/ambel.com.es\/wordpress\/wp-content\/uploads\/2023\/03\/gaitero-1.jpg 512w\" sizes=\"auto, (max-width: 501px) 100vw, 501px\" \/><\/p>\n<p>gallos y gallinas<\/p>\n<p><img loading=\"lazy\" decoding=\"async\" class=\"alignnone wp-image-2285\" src=\"https:\/\/ambel.com.es\/wordpress\/wp-content\/uploads\/2023\/03\/gallos-y-gallians-1-246x300.jpg\" alt=\"\" width=\"501\" height=\"611\" srcset=\"https:\/\/ambel.com.es\/wordpress\/wp-content\/uploads\/2023\/03\/gallos-y-gallians-1-246x300.jpg 246w, https:\/\/ambel.com.es\/wordpress\/wp-content\/uploads\/2023\/03\/gallos-y-gallians-1.jpg 491w\" sizes=\"auto, (max-width: 501px) 100vw, 501px\" \/><\/p>\n<p>ola<\/p>\n<p><img loading=\"lazy\" decoding=\"async\" class=\"alignnone wp-image-2286\" src=\"https:\/\/ambel.com.es\/wordpress\/wp-content\/uploads\/2023\/03\/hola-300x215.jpg\" alt=\"\" width=\"501\" height=\"359\" srcset=\"https:\/\/ambel.com.es\/wordpress\/wp-content\/uploads\/2023\/03\/hola-300x215.jpg 300w, https:\/\/ambel.com.es\/wordpress\/wp-content\/uploads\/2023\/03\/hola-1024x735.jpg 1024w, https:\/\/ambel.com.es\/wordpress\/wp-content\/uploads\/2023\/03\/hola-768x551.jpg 768w, https:\/\/ambel.com.es\/wordpress\/wp-content\/uploads\/2023\/03\/hola-1536x1102.jpg 1536w, https:\/\/ambel.com.es\/wordpress\/wp-content\/uploads\/2023\/03\/hola-1568x1125.jpg 1568w, https:\/\/ambel.com.es\/wordpress\/wp-content\/uploads\/2023\/03\/hola.jpg 1712w\" sizes=\"auto, (max-width: 501px) 100vw, 501px\" \/><\/p>\n<p>hombre dieta<\/p>\n<p><img loading=\"lazy\" decoding=\"async\" class=\"alignnone wp-image-2287\" src=\"https:\/\/ambel.com.es\/wordpress\/wp-content\/uploads\/2023\/03\/hombre-dieta-121x300.jpg\" alt=\"\" width=\"495\" height=\"1227\" \/><\/p>\n<p>hombre sentado l\u00e1piz carboncillo<\/p>\n<p><img loading=\"lazy\" decoding=\"async\" class=\"alignnone wp-image-2288\" src=\"https:\/\/ambel.com.es\/wordpress\/wp-content\/uploads\/2023\/03\/hombre-sentado-lapiz-carboncillo-220x300.jpg\" alt=\"\" width=\"491\" height=\"670\" srcset=\"https:\/\/ambel.com.es\/wordpress\/wp-content\/uploads\/2023\/03\/hombre-sentado-lapiz-carboncillo-220x300.jpg 220w, https:\/\/ambel.com.es\/wordpress\/wp-content\/uploads\/2023\/03\/hombre-sentado-lapiz-carboncillo.jpg 416w\" sizes=\"auto, (max-width: 491px) 100vw, 491px\" \/><\/p>\n<p>homenaje a los bomberos de Nigr\u00e1n<\/p>\n<p><img loading=\"lazy\" decoding=\"async\" class=\"alignnone wp-image-2289\" src=\"https:\/\/ambel.com.es\/wordpress\/wp-content\/uploads\/2023\/03\/homenaje-a-los-bomberos-de-nigran-300x233.jpg\" alt=\"\" width=\"493\" height=\"383\" srcset=\"https:\/\/ambel.com.es\/wordpress\/wp-content\/uploads\/2023\/03\/homenaje-a-los-bomberos-de-nigran-300x233.jpg 300w, https:\/\/ambel.com.es\/wordpress\/wp-content\/uploads\/2023\/03\/homenaje-a-los-bomberos-de-nigran.jpg 730w\" sizes=\"auto, (max-width: 493px) 100vw, 493px\" \/><\/p>\n<p>homenaje a Tapies<\/p>\n<p><img loading=\"lazy\" decoding=\"async\" class=\"alignnone wp-image-2290\" src=\"https:\/\/ambel.com.es\/wordpress\/wp-content\/uploads\/2023\/03\/homenaje-a-tapies-huescar-254x300.jpg\" alt=\"\" width=\"494\" height=\"583\" srcset=\"https:\/\/ambel.com.es\/wordpress\/wp-content\/uploads\/2023\/03\/homenaje-a-tapies-huescar-254x300.jpg 254w, https:\/\/ambel.com.es\/wordpress\/wp-content\/uploads\/2023\/03\/homenaje-a-tapies-huescar.jpg 481w\" sizes=\"auto, (max-width: 494px) 100vw, 494px\" \/><\/p>\n<p>Hu\u00e9scar desde el Cristo<\/p>\n<p><img loading=\"lazy\" decoding=\"async\" class=\"alignnone wp-image-2291\" src=\"https:\/\/ambel.com.es\/wordpress\/wp-content\/uploads\/2023\/03\/huescar-desde-el-cristo-300x222.jpg\" alt=\"\" width=\"499\" height=\"369\" srcset=\"https:\/\/ambel.com.es\/wordpress\/wp-content\/uploads\/2023\/03\/huescar-desde-el-cristo-300x222.jpg 300w, https:\/\/ambel.com.es\/wordpress\/wp-content\/uploads\/2023\/03\/huescar-desde-el-cristo.jpg 766w\" sizes=\"auto, (max-width: 499px) 100vw, 499px\" \/><\/p>\n<p>Hu\u00e9scar desde las cuevas<\/p>\n<p><img loading=\"lazy\" decoding=\"async\" class=\"alignnone wp-image-2292\" src=\"https:\/\/ambel.com.es\/wordpress\/wp-content\/uploads\/2023\/03\/huescar-desde-las-cuevas-300x219.jpg\" alt=\"\" width=\"500\" height=\"365\" srcset=\"https:\/\/ambel.com.es\/wordpress\/wp-content\/uploads\/2023\/03\/huescar-desde-las-cuevas-300x219.jpg 300w, https:\/\/ambel.com.es\/wordpress\/wp-content\/uploads\/2023\/03\/huescar-desde-las-cuevas-768x561.jpg 768w, https:\/\/ambel.com.es\/wordpress\/wp-content\/uploads\/2023\/03\/huescar-desde-las-cuevas.jpg 776w\" sizes=\"auto, (max-width: 500px) 100vw, 500px\" \/><\/p>\n<p>&nbsp;<\/p>\n<p>human big data<\/p>\n<p><img loading=\"lazy\" decoding=\"async\" class=\"alignnone wp-image-2293\" src=\"https:\/\/ambel.com.es\/wordpress\/wp-content\/uploads\/2023\/03\/human-big-data-300x210.jpg\" alt=\"\" width=\"504\" height=\"353\" srcset=\"https:\/\/ambel.com.es\/wordpress\/wp-content\/uploads\/2023\/03\/human-big-data-300x210.jpg 300w, https:\/\/ambel.com.es\/wordpress\/wp-content\/uploads\/2023\/03\/human-big-data-768x538.jpg 768w, https:\/\/ambel.com.es\/wordpress\/wp-content\/uploads\/2023\/03\/human-big-data.jpg 810w\" sizes=\"auto, (max-width: 504px) 100vw, 504px\" \/><\/p>\n<p>la chica de la ventana<\/p>\n<p><img loading=\"lazy\" decoding=\"async\" class=\"alignnone wp-image-2294\" src=\"https:\/\/ambel.com.es\/wordpress\/wp-content\/uploads\/2023\/03\/la-chica-de-la-ventana-300x212.jpg\" alt=\"\" width=\"501\" height=\"354\" srcset=\"https:\/\/ambel.com.es\/wordpress\/wp-content\/uploads\/2023\/03\/la-chica-de-la-ventana-300x212.jpg 300w, https:\/\/ambel.com.es\/wordpress\/wp-content\/uploads\/2023\/03\/la-chica-de-la-ventana-768x542.jpg 768w, https:\/\/ambel.com.es\/wordpress\/wp-content\/uploads\/2023\/03\/la-chica-de-la-ventana.jpg 803w\" sizes=\"auto, (max-width: 501px) 100vw, 501px\" \/><\/p>\n<p>la chica del barco<\/p>\n<p><img loading=\"lazy\" decoding=\"async\" class=\"alignnone wp-image-2295\" src=\"https:\/\/ambel.com.es\/wordpress\/wp-content\/uploads\/2023\/03\/la-chica-del-barco-213x300.jpg\" alt=\"\" width=\"501\" height=\"706\" srcset=\"https:\/\/ambel.com.es\/wordpress\/wp-content\/uploads\/2023\/03\/la-chica-del-barco-213x300.jpg 213w, https:\/\/ambel.com.es\/wordpress\/wp-content\/uploads\/2023\/03\/la-chica-del-barco.jpg 403w\" sizes=\"auto, (max-width: 501px) 100vw, 501px\" \/><\/p>\n<p>la ciudad de las cien puertas<\/p>\n<p><img loading=\"lazy\" decoding=\"async\" class=\"alignnone wp-image-2296\" src=\"https:\/\/ambel.com.es\/wordpress\/wp-content\/uploads\/2023\/03\/la-ciudad-de-las-cien-puertas-1-200x300.jpg\" alt=\"\" width=\"500\" height=\"750\" srcset=\"https:\/\/ambel.com.es\/wordpress\/wp-content\/uploads\/2023\/03\/la-ciudad-de-las-cien-puertas-1-200x300.jpg 200w, https:\/\/ambel.com.es\/wordpress\/wp-content\/uploads\/2023\/03\/la-ciudad-de-las-cien-puertas-1.jpg 569w\" sizes=\"auto, (max-width: 500px) 100vw, 500px\" \/><\/p>\n<p>la concatedral encerrada<\/p>\n<p><img loading=\"lazy\" decoding=\"async\" class=\"alignnone wp-image-2297\" src=\"https:\/\/ambel.com.es\/wordpress\/wp-content\/uploads\/2023\/03\/la-concatedral-encerrda-242x300.jpg\" alt=\"\" width=\"503\" height=\"624\" srcset=\"https:\/\/ambel.com.es\/wordpress\/wp-content\/uploads\/2023\/03\/la-concatedral-encerrda-242x300.jpg 242w, https:\/\/ambel.com.es\/wordpress\/wp-content\/uploads\/2023\/03\/la-concatedral-encerrda.jpg 457w\" sizes=\"auto, (max-width: 503px) 100vw, 503px\" \/><\/p>\n<p>la fuente de las im\u00e1genes collage<\/p>\n<p><img loading=\"lazy\" decoding=\"async\" class=\"alignnone wp-image-2298\" src=\"https:\/\/ambel.com.es\/wordpress\/wp-content\/uploads\/2023\/03\/la-fuente-de-las-imagenes-collage-211x300.jpg\" alt=\"\" width=\"498\" height=\"708\" srcset=\"https:\/\/ambel.com.es\/wordpress\/wp-content\/uploads\/2023\/03\/la-fuente-de-las-imagenes-collage-211x300.jpg 211w, https:\/\/ambel.com.es\/wordpress\/wp-content\/uploads\/2023\/03\/la-fuente-de-las-imagenes-collage.jpg 597w\" sizes=\"auto, (max-width: 498px) 100vw, 498px\" \/><\/p>\n<p>la herrer\u00eda Pontevedra<\/p>\n<p><img loading=\"lazy\" decoding=\"async\" class=\"alignnone wp-image-2299\" src=\"https:\/\/ambel.com.es\/wordpress\/wp-content\/uploads\/2023\/03\/la-herreria-pontevedra-300x241.jpg\" alt=\"\" width=\"500\" height=\"402\" srcset=\"https:\/\/ambel.com.es\/wordpress\/wp-content\/uploads\/2023\/03\/la-herreria-pontevedra-300x241.jpg 300w, https:\/\/ambel.com.es\/wordpress\/wp-content\/uploads\/2023\/03\/la-herreria-pontevedra.jpg 707w\" sizes=\"auto, (max-width: 500px) 100vw, 500px\" \/><\/p>\n<p>la mente del coraz\u00f3n<\/p>\n<p><img loading=\"lazy\" decoding=\"async\" class=\" wp-image-2300\" src=\"https:\/\/ambel.com.es\/wordpress\/wp-content\/uploads\/2023\/03\/la-mente-del-corazon-214x300.jpg\" alt=\"\" width=\"499\" height=\"700\" srcset=\"https:\/\/ambel.com.es\/wordpress\/wp-content\/uploads\/2023\/03\/la-mente-del-corazon-214x300.jpg 214w, https:\/\/ambel.com.es\/wordpress\/wp-content\/uploads\/2023\/03\/la-mente-del-corazon.jpg 404w\" sizes=\"auto, (max-width: 499px) 100vw, 499px\" \/><\/p>\n<p>la nit del foc<\/p>\n<p><img loading=\"lazy\" decoding=\"async\" class=\"alignnone wp-image-2301\" src=\"https:\/\/ambel.com.es\/wordpress\/wp-content\/uploads\/2023\/03\/la-nit-del-foc-1-300x244.jpg\" alt=\"\" width=\"499\" height=\"406\" srcset=\"https:\/\/ambel.com.es\/wordpress\/wp-content\/uploads\/2023\/03\/la-nit-del-foc-1-300x244.jpg 300w, https:\/\/ambel.com.es\/wordpress\/wp-content\/uploads\/2023\/03\/la-nit-del-foc-1.jpg 717w\" sizes=\"auto, (max-width: 499px) 100vw, 499px\" \/><\/p>\n<p>la rapaza del \u00e1rbol<\/p>\n<p><img loading=\"lazy\" decoding=\"async\" class=\"alignnone wp-image-2302\" src=\"https:\/\/ambel.com.es\/wordpress\/wp-content\/uploads\/2023\/03\/la-rapza-del-arbol-246x300.png\" alt=\"\" width=\"498\" height=\"607\" srcset=\"https:\/\/ambel.com.es\/wordpress\/wp-content\/uploads\/2023\/03\/la-rapza-del-arbol-246x300.png 246w, https:\/\/ambel.com.es\/wordpress\/wp-content\/uploads\/2023\/03\/la-rapza-del-arbol.png 508w\" sizes=\"auto, (max-width: 498px) 100vw, 498px\" \/><\/p>\n<p>la raya de Urzaiz hasta Madrid<\/p>\n<p><img loading=\"lazy\" decoding=\"async\" class=\"alignnone wp-image-2303\" src=\"https:\/\/ambel.com.es\/wordpress\/wp-content\/uploads\/2023\/03\/la-raya-de-urzaiz-hasta-madrid-251x300.jpg\" alt=\"\" width=\"499\" height=\"596\" srcset=\"https:\/\/ambel.com.es\/wordpress\/wp-content\/uploads\/2023\/03\/la-raya-de-urzaiz-hasta-madrid-251x300.jpg 251w, https:\/\/ambel.com.es\/wordpress\/wp-content\/uploads\/2023\/03\/la-raya-de-urzaiz-hasta-madrid.jpg 475w\" sizes=\"auto, (max-width: 499px) 100vw, 499px\" \/><\/p>\n<p>los cuatro invasores<\/p>\n<p><img loading=\"lazy\" decoding=\"async\" class=\"alignnone wp-image-2304\" src=\"https:\/\/ambel.com.es\/wordpress\/wp-content\/uploads\/2023\/03\/los-cuatro-invasores-1-226x300.jpg\" alt=\"\" width=\"496\" height=\"658\" srcset=\"https:\/\/ambel.com.es\/wordpress\/wp-content\/uploads\/2023\/03\/los-cuatro-invasores-1-226x300.jpg 226w, https:\/\/ambel.com.es\/wordpress\/wp-content\/uploads\/2023\/03\/los-cuatro-invasores-1.jpg 428w\" sizes=\"auto, (max-width: 496px) 100vw, 496px\" \/><\/p>\n<p>los de Napole\u00f3n abandonan la ciudad 2<\/p>\n<p><img loading=\"lazy\" decoding=\"async\" class=\"alignnone wp-image-2305\" src=\"https:\/\/ambel.com.es\/wordpress\/wp-content\/uploads\/2023\/03\/los-de-napoleon-abandonan-la-ciudad-2-1-300x225.jpg\" alt=\"\" width=\"495\" height=\"371\" srcset=\"https:\/\/ambel.com.es\/wordpress\/wp-content\/uploads\/2023\/03\/los-de-napoleon-abandonan-la-ciudad-2-1-300x225.jpg 300w, https:\/\/ambel.com.es\/wordpress\/wp-content\/uploads\/2023\/03\/los-de-napoleon-abandonan-la-ciudad-2-1.jpg 756w\" sizes=\"auto, (max-width: 495px) 100vw, 495px\" \/><\/p>\n<p>los de napole\u00f3n abandonan la ciudad 1<\/p>\n<p><img loading=\"lazy\" decoding=\"async\" class=\"alignnone wp-image-2306\" src=\"https:\/\/ambel.com.es\/wordpress\/wp-content\/uploads\/2023\/03\/los-de-napoleon-abandonan-la-ciudad-II-acto-1-300x228.jpg\" alt=\"\" width=\"493\" height=\"375\" srcset=\"https:\/\/ambel.com.es\/wordpress\/wp-content\/uploads\/2023\/03\/los-de-napoleon-abandonan-la-ciudad-II-acto-1-300x228.jpg 300w, https:\/\/ambel.com.es\/wordpress\/wp-content\/uploads\/2023\/03\/los-de-napoleon-abandonan-la-ciudad-II-acto-1.jpg 745w\" sizes=\"auto, (max-width: 493px) 100vw, 493px\" \/><\/p>\n<p>catedral de Lugo<\/p>\n<p><img loading=\"lazy\" decoding=\"async\" class=\"alignnone wp-image-2308\" src=\"https:\/\/ambel.com.es\/wordpress\/wp-content\/uploads\/2023\/03\/lugo-256x300.jpg\" alt=\"\" width=\"492\" height=\"577\" srcset=\"https:\/\/ambel.com.es\/wordpress\/wp-content\/uploads\/2023\/03\/lugo-256x300.jpg 256w, https:\/\/ambel.com.es\/wordpress\/wp-content\/uploads\/2023\/03\/lugo.jpg 653w\" sizes=\"auto, (max-width: 492px) 100vw, 492px\" \/><\/p>\n<p>madre Vigo<\/p>\n<p><img loading=\"lazy\" decoding=\"async\" class=\"alignnone size-medium wp-image-2309\" src=\"https:\/\/ambel.com.es\/wordpress\/wp-content\/uploads\/2023\/03\/lugo.tiff.tif\" alt=\"\" width=\"1\" height=\"1\" \/> <img loading=\"lazy\" decoding=\"async\" class=\"alignnone wp-image-2310\" src=\"https:\/\/ambel.com.es\/wordpress\/wp-content\/uploads\/2023\/03\/madre-vigo-1-229x300.png\" alt=\"\" width=\"485\" height=\"635\" srcset=\"https:\/\/ambel.com.es\/wordpress\/wp-content\/uploads\/2023\/03\/madre-vigo-1-229x300.png 229w, https:\/\/ambel.com.es\/wordpress\/wp-content\/uploads\/2023\/03\/madre-vigo-1.png 433w\" sizes=\"auto, (max-width: 485px) 100vw, 485px\" \/><\/p>\n<p>manejando el barco<\/p>\n<p><img loading=\"lazy\" decoding=\"async\" class=\"alignnone wp-image-2311\" src=\"https:\/\/ambel.com.es\/wordpress\/wp-content\/uploads\/2023\/03\/manejando-el-barco-1-300x222.jpg\" alt=\"\" width=\"493\" height=\"365\" srcset=\"https:\/\/ambel.com.es\/wordpress\/wp-content\/uploads\/2023\/03\/manejando-el-barco-1-300x222.jpg 300w, https:\/\/ambel.com.es\/wordpress\/wp-content\/uploads\/2023\/03\/manejando-el-barco-1.jpg 766w\" sizes=\"auto, (max-width: 493px) 100vw, 493px\" \/><\/p>\n<p>Manuel N\u00fa\u00f1ez abigarra las casas de Vigo<\/p>\n<p><img loading=\"lazy\" decoding=\"async\" class=\"alignnone wp-image-2312\" src=\"https:\/\/ambel.com.es\/wordpress\/wp-content\/uploads\/2023\/03\/manuel-nunez-abigarra-las-casas-de-vigo-2-1-257x300.jpg\" alt=\"\" width=\"494\" height=\"577\" srcset=\"https:\/\/ambel.com.es\/wordpress\/wp-content\/uploads\/2023\/03\/manuel-nunez-abigarra-las-casas-de-vigo-2-1-257x300.jpg 257w, https:\/\/ambel.com.es\/wordpress\/wp-content\/uploads\/2023\/03\/manuel-nunez-abigarra-las-casas-de-vigo-2-1.jpg 300w\" sizes=\"auto, (max-width: 494px) 100vw, 494px\" \/><\/p>\n<p>M\u00e1scaras de Goya asombradas ante el arte digital<\/p>\n<p><img loading=\"lazy\" decoding=\"async\" class=\"alignnone wp-image-2313\" src=\"https:\/\/ambel.com.es\/wordpress\/wp-content\/uploads\/2023\/03\/Mascaras-de-Goya-asombradas-ante-el-arte-digital-89-x-116-300x230.jpg\" alt=\"\" width=\"488\" height=\"374\" srcset=\"https:\/\/ambel.com.es\/wordpress\/wp-content\/uploads\/2023\/03\/Mascaras-de-Goya-asombradas-ante-el-arte-digital-89-x-116-300x230.jpg 300w, https:\/\/ambel.com.es\/wordpress\/wp-content\/uploads\/2023\/03\/Mascaras-de-Goya-asombradas-ante-el-arte-digital-89-x-116-768x588.jpg 768w, https:\/\/ambel.com.es\/wordpress\/wp-content\/uploads\/2023\/03\/Mascaras-de-Goya-asombradas-ante-el-arte-digital-89-x-116.jpg 777w\" sizes=\"auto, (max-width: 488px) 100vw, 488px\" \/><\/p>\n<p>m\u00fasicos de jazz<\/p>\n<p><img loading=\"lazy\" decoding=\"async\" class=\"alignnone wp-image-2314\" src=\"https:\/\/ambel.com.es\/wordpress\/wp-content\/uploads\/2023\/03\/mmusicos-de-jaz-alta-217x300.jpg\" alt=\"\" width=\"489\" height=\"676\" srcset=\"https:\/\/ambel.com.es\/wordpress\/wp-content\/uploads\/2023\/03\/mmusicos-de-jaz-alta-217x300.jpg 217w, https:\/\/ambel.com.es\/wordpress\/wp-content\/uploads\/2023\/03\/mmusicos-de-jaz-alta.jpg 410w\" sizes=\"auto, (max-width: 489px) 100vw, 489px\" \/><\/p>\n<p>molinos por Combarro<\/p>\n<p><img loading=\"lazy\" decoding=\"async\" class=\"alignnone wp-image-2315\" src=\"https:\/\/ambel.com.es\/wordpress\/wp-content\/uploads\/2023\/03\/molinos-por-combarro-300x239.jpg\" alt=\"\" width=\"485\" height=\"386\" srcset=\"https:\/\/ambel.com.es\/wordpress\/wp-content\/uploads\/2023\/03\/molinos-por-combarro-300x239.jpg 300w, https:\/\/ambel.com.es\/wordpress\/wp-content\/uploads\/2023\/03\/molinos-por-combarro.jpg 712w\" sizes=\"auto, (max-width: 485px) 100vw, 485px\" \/><\/p>\n<p>monasterio Villagarcia<\/p>\n<p><img loading=\"lazy\" decoding=\"async\" class=\"alignnone wp-image-2316\" src=\"https:\/\/ambel.com.es\/wordpress\/wp-content\/uploads\/2023\/03\/monasterio-villagarcia-300x225.jpg\" alt=\"\" width=\"483\" height=\"362\" srcset=\"https:\/\/ambel.com.es\/wordpress\/wp-content\/uploads\/2023\/03\/monasterio-villagarcia-300x225.jpg 300w, https:\/\/ambel.com.es\/wordpress\/wp-content\/uploads\/2023\/03\/monasterio-villagarcia-1024x768.jpg 1024w, https:\/\/ambel.com.es\/wordpress\/wp-content\/uploads\/2023\/03\/monasterio-villagarcia-768x576.jpg 768w, https:\/\/ambel.com.es\/wordpress\/wp-content\/uploads\/2023\/03\/monasterio-villagarcia.jpg 1066w\" sizes=\"auto, (max-width: 483px) 100vw, 483px\" \/><\/p>\n<p>monstruos especulativos sobrevuelan el Berb\u00e9s<\/p>\n<p><img loading=\"lazy\" decoding=\"async\" class=\"alignnone wp-image-2317\" src=\"https:\/\/ambel.com.es\/wordpress\/wp-content\/uploads\/2023\/03\/monstruos-especulativos-sobrevuelan-el-berves-1-300x231.jpg\" alt=\"\" width=\"486\" height=\"374\" srcset=\"https:\/\/ambel.com.es\/wordpress\/wp-content\/uploads\/2023\/03\/monstruos-especulativos-sobrevuelan-el-berves-1-300x231.jpg 300w, https:\/\/ambel.com.es\/wordpress\/wp-content\/uploads\/2023\/03\/monstruos-especulativos-sobrevuelan-el-berves-1-768x592.jpg 768w, https:\/\/ambel.com.es\/wordpress\/wp-content\/uploads\/2023\/03\/monstruos-especulativos-sobrevuelan-el-berves-1.jpg 772w\" sizes=\"auto, (max-width: 486px) 100vw, 486px\" \/><\/p>\n<p>monstruos especulativos sobrevuelan el Berb\u00e9s 2<\/p>\n<p><img loading=\"lazy\" decoding=\"async\" class=\"alignnone wp-image-2318\" src=\"https:\/\/ambel.com.es\/wordpress\/wp-content\/uploads\/2023\/03\/monstruos-especulativos-sobrevuelan-el-berves-300x240.jpg\" alt=\"\" width=\"483\" height=\"386\" srcset=\"https:\/\/ambel.com.es\/wordpress\/wp-content\/uploads\/2023\/03\/monstruos-especulativos-sobrevuelan-el-berves-300x240.jpg 300w, https:\/\/ambel.com.es\/wordpress\/wp-content\/uploads\/2023\/03\/monstruos-especulativos-sobrevuelan-el-berves-768x615.jpg 768w, https:\/\/ambel.com.es\/wordpress\/wp-content\/uploads\/2023\/03\/monstruos-especulativos-sobrevuelan-el-berves.jpg 910w\" sizes=\"auto, (max-width: 483px) 100vw, 483px\" \/><\/p>\n<p>Montero R\u00edos a principio de siglo<\/p>\n<p><img loading=\"lazy\" decoding=\"async\" class=\"alignnone wp-image-2319\" src=\"https:\/\/ambel.com.es\/wordpress\/wp-content\/uploads\/2023\/03\/montero-rios-a-principio-de-siglo-300x215.png\" alt=\"\" width=\"484\" height=\"347\" srcset=\"https:\/\/ambel.com.es\/wordpress\/wp-content\/uploads\/2023\/03\/montero-rios-a-principio-de-siglo-300x215.png 300w, https:\/\/ambel.com.es\/wordpress\/wp-content\/uploads\/2023\/03\/montero-rios-a-principio-de-siglo-768x549.png 768w, https:\/\/ambel.com.es\/wordpress\/wp-content\/uploads\/2023\/03\/montero-rios-a-principio-de-siglo.png 832w\" sizes=\"auto, (max-width: 484px) 100vw, 484px\" \/><\/p>\n<p>moral de calatrava<\/p>\n<p><img loading=\"lazy\" decoding=\"async\" class=\"alignnone wp-image-2320\" src=\"https:\/\/ambel.com.es\/wordpress\/wp-content\/uploads\/2023\/03\/moral-de-calatrava-300x246.jpg\" alt=\"\" width=\"483\" height=\"396\" srcset=\"https:\/\/ambel.com.es\/wordpress\/wp-content\/uploads\/2023\/03\/moral-de-calatrava-300x246.jpg 300w, https:\/\/ambel.com.es\/wordpress\/wp-content\/uploads\/2023\/03\/moral-de-calatrava-1024x838.jpg 1024w, https:\/\/ambel.com.es\/wordpress\/wp-content\/uploads\/2023\/03\/moral-de-calatrava-768x629.jpg 768w, https:\/\/ambel.com.es\/wordpress\/wp-content\/uploads\/2023\/03\/moral-de-calatrava-1536x1257.jpg 1536w, https:\/\/ambel.com.es\/wordpress\/wp-content\/uploads\/2023\/03\/moral-de-calatrava-1568x1283.jpg 1568w, https:\/\/ambel.com.es\/wordpress\/wp-content\/uploads\/2023\/03\/moral-de-calatrava.jpg 1818w\" sizes=\"auto, (max-width: 483px) 100vw, 483px\" \/><\/p>\n<p>movimiento l\u00e1piz carboncillo<\/p>\n<p>&nbsp;<\/p>\n<figure id=\"attachment_2322\" aria-describedby=\"caption-attachment-2322\" style=\"width: 482px\" class=\"wp-caption alignnone\"><img loading=\"lazy\" decoding=\"async\" class=\" wp-image-2322\" src=\"https:\/\/ambel.com.es\/wordpress\/wp-content\/uploads\/2023\/03\/movimiento-lapiz-carboncillo-213x300.jpg\" alt=\"\" width=\"482\" height=\"679\" srcset=\"https:\/\/ambel.com.es\/wordpress\/wp-content\/uploads\/2023\/03\/movimiento-lapiz-carboncillo-213x300.jpg 213w, https:\/\/ambel.com.es\/wordpress\/wp-content\/uploads\/2023\/03\/movimiento-lapiz-carboncillo.jpg 402w\" sizes=\"auto, (max-width: 482px) 100vw, 482px\" \/><figcaption id=\"caption-attachment-2322\" class=\"wp-caption-text\">mujer desnuda<\/figcaption><\/figure>\n<p><img loading=\"lazy\" decoding=\"async\" class=\" wp-image-2323\" src=\"https:\/\/ambel.com.es\/wordpress\/wp-content\/uploads\/2023\/03\/mujer-desnuda-210x300.jpg\" alt=\"\" width=\"485\" height=\"693\" srcset=\"https:\/\/ambel.com.es\/wordpress\/wp-content\/uploads\/2023\/03\/mujer-desnuda-210x300.jpg 210w, https:\/\/ambel.com.es\/wordpress\/wp-content\/uploads\/2023\/03\/mujer-desnuda.jpg 396w\" sizes=\"auto, (max-width: 485px) 100vw, 485px\" \/><\/p>\n<p>noria de Noia<\/p>\n<p><img loading=\"lazy\" decoding=\"async\" class=\"alignnone wp-image-2325\" src=\"https:\/\/ambel.com.es\/wordpress\/wp-content\/uploads\/2023\/03\/noia-noria-infan-242x300.jpg\" alt=\"\" width=\"483\" height=\"599\" srcset=\"https:\/\/ambel.com.es\/wordpress\/wp-content\/uploads\/2023\/03\/noia-noria-infan-242x300.jpg 242w, https:\/\/ambel.com.es\/wordpress\/wp-content\/uploads\/2023\/03\/noia-noria-infan-824x1024.jpg 824w, https:\/\/ambel.com.es\/wordpress\/wp-content\/uploads\/2023\/03\/noia-noria-infan-768x954.jpg 768w, https:\/\/ambel.com.es\/wordpress\/wp-content\/uploads\/2023\/03\/noia-noria-infan-1237x1536.jpg 1237w, https:\/\/ambel.com.es\/wordpress\/wp-content\/uploads\/2023\/03\/noia-noria-infan-1649x2048.jpg 1649w, https:\/\/ambel.com.es\/wordpress\/wp-content\/uploads\/2023\/03\/noia-noria-infan-1568x1947.jpg 1568w\" sizes=\"auto, (max-width: 483px) 100vw, 483px\" \/><\/p>\n<p>Noia de noche<\/p>\n<p><img loading=\"lazy\" decoding=\"async\" class=\"alignnone wp-image-2326\" src=\"https:\/\/ambel.com.es\/wordpress\/wp-content\/uploads\/2023\/03\/noia-233x300.jpg\" alt=\"\" width=\"488\" height=\"628\" srcset=\"https:\/\/ambel.com.es\/wordpress\/wp-content\/uploads\/2023\/03\/noia-233x300.jpg 233w, https:\/\/ambel.com.es\/wordpress\/wp-content\/uploads\/2023\/03\/noia.jpg 441w\" sizes=\"auto, (max-width: 488px) 100vw, 488px\" \/><\/p>\n<p>portada de libro<\/p>\n<p><img loading=\"lazy\" decoding=\"async\" class=\"alignnone wp-image-2327\" src=\"https:\/\/ambel.com.es\/wordpress\/wp-content\/uploads\/2023\/03\/ocportada-libro-231x300.jpg\" alt=\"\" width=\"485\" height=\"630\" srcset=\"https:\/\/ambel.com.es\/wordpress\/wp-content\/uploads\/2023\/03\/ocportada-libro-231x300.jpg 231w, https:\/\/ambel.com.es\/wordpress\/wp-content\/uploads\/2023\/03\/ocportada-libro.jpg 436w\" sizes=\"auto, (max-width: 485px) 100vw, 485px\" \/><\/p>\n<p>pan para todos, panificadora<\/p>\n<p><img loading=\"lazy\" decoding=\"async\" class=\"alignnone wp-image-2328\" src=\"https:\/\/ambel.com.es\/wordpress\/wp-content\/uploads\/2023\/03\/pan-para-todoso-300x230.jpg\" alt=\"\" width=\"487\" height=\"373\" srcset=\"https:\/\/ambel.com.es\/wordpress\/wp-content\/uploads\/2023\/03\/pan-para-todoso-300x230.jpg 300w, https:\/\/ambel.com.es\/wordpress\/wp-content\/uploads\/2023\/03\/pan-para-todoso.jpg 738w\" sizes=\"auto, (max-width: 487px) 100vw, 487px\" \/><\/p>\n<p>pasacalles con calles<\/p>\n<p><img loading=\"lazy\" decoding=\"async\" class=\"alignnone wp-image-2329\" src=\"https:\/\/ambel.com.es\/wordpress\/wp-content\/uploads\/2023\/03\/pasacalles-con-calles-1-300x223.jpg\" alt=\"\" width=\"488\" height=\"363\" srcset=\"https:\/\/ambel.com.es\/wordpress\/wp-content\/uploads\/2023\/03\/pasacalles-con-calles-1-300x223.jpg 300w, https:\/\/ambel.com.es\/wordpress\/wp-content\/uploads\/2023\/03\/pasacalles-con-calles-1.jpg 763w\" sizes=\"auto, (max-width: 488px) 100vw, 488px\" \/><\/p>\n<p>pasacalles sin calles<\/p>\n<p><img loading=\"lazy\" decoding=\"async\" class=\"alignnone wp-image-2330\" src=\"https:\/\/ambel.com.es\/wordpress\/wp-content\/uploads\/2023\/03\/pasacalles-sin-calles-240x300.jpg\" alt=\"\" width=\"486\" height=\"608\" srcset=\"https:\/\/ambel.com.es\/wordpress\/wp-content\/uploads\/2023\/03\/pasacalles-sin-calles-240x300.jpg 240w, https:\/\/ambel.com.es\/wordpress\/wp-content\/uploads\/2023\/03\/pasacalles-sin-calles.jpg 454w\" sizes=\"auto, (max-width: 486px) 100vw, 486px\" \/><\/p>\n<p>payaso m\u00fasico de Hu\u00e9scar<\/p>\n<p><img loading=\"lazy\" decoding=\"async\" class=\"alignnone wp-image-2331\" src=\"https:\/\/ambel.com.es\/wordpress\/wp-content\/uploads\/2023\/03\/payaso-muisco-de-huescar-252x300.jpg\" alt=\"\" width=\"486\" height=\"579\" srcset=\"https:\/\/ambel.com.es\/wordpress\/wp-content\/uploads\/2023\/03\/payaso-muisco-de-huescar-252x300.jpg 252w, https:\/\/ambel.com.es\/wordpress\/wp-content\/uploads\/2023\/03\/payaso-muisco-de-huescar.jpg 477w\" sizes=\"auto, (max-width: 486px) 100vw, 486px\" \/><\/p>\n<p>peces de colores<\/p>\n<p><img loading=\"lazy\" decoding=\"async\" class=\"alignnone wp-image-2332\" src=\"https:\/\/ambel.com.es\/wordpress\/wp-content\/uploads\/2023\/03\/peces-de-colores-1-223x300.jpg\" alt=\"\" width=\"486\" height=\"654\" srcset=\"https:\/\/ambel.com.es\/wordpress\/wp-content\/uploads\/2023\/03\/peces-de-colores-1-223x300.jpg 223w, https:\/\/ambel.com.es\/wordpress\/wp-content\/uploads\/2023\/03\/peces-de-colores-1.jpg 517w\" sizes=\"auto, (max-width: 486px) 100vw, 486px\" \/><\/p>\n<p>pensador abstracto collage<\/p>\n<p>&nbsp;<\/p>\n<p>&nbsp;<\/p>\n<p><img loading=\"lazy\" decoding=\"async\" class=\" wp-image-2333\" src=\"https:\/\/ambel.com.es\/wordpress\/wp-content\/uploads\/2023\/03\/pensador-abstracto-collage-206x300.jpg\" alt=\"\" width=\"484\" height=\"705\" srcset=\"https:\/\/ambel.com.es\/wordpress\/wp-content\/uploads\/2023\/03\/pensador-abstracto-collage-206x300.jpg 206w, https:\/\/ambel.com.es\/wordpress\/wp-content\/uploads\/2023\/03\/pensador-abstracto-collage.jpg 384w\" sizes=\"auto, (max-width: 484px) 100vw, 484px\" \/><\/p>\n<p>peregrinos<\/p>\n<p><img loading=\"lazy\" decoding=\"async\" class=\"alignnone wp-image-2334\" src=\"https:\/\/ambel.com.es\/wordpress\/wp-content\/uploads\/2023\/03\/peregrinos-1-300x259.jpg\" alt=\"\" width=\"488\" height=\"421\" srcset=\"https:\/\/ambel.com.es\/wordpress\/wp-content\/uploads\/2023\/03\/peregrinos-1-300x259.jpg 300w, https:\/\/ambel.com.es\/wordpress\/wp-content\/uploads\/2023\/03\/peregrinos-1.jpg 656w\" sizes=\"auto, (max-width: 488px) 100vw, 488px\" \/><\/p>\n<p>personajes en vinilo en Rosal\u00eda<\/p>\n<p><img loading=\"lazy\" decoding=\"async\" class=\"alignnone wp-image-2335\" src=\"https:\/\/ambel.com.es\/wordpress\/wp-content\/uploads\/2023\/03\/personajes-en-vinilo-en-rosalia-300x225.jpg\" alt=\"\" width=\"487\" height=\"365\" srcset=\"https:\/\/ambel.com.es\/wordpress\/wp-content\/uploads\/2023\/03\/personajes-en-vinilo-en-rosalia-300x225.jpg 300w, https:\/\/ambel.com.es\/wordpress\/wp-content\/uploads\/2023\/03\/personajes-en-vinilo-en-rosalia.jpg 756w\" sizes=\"auto, (max-width: 487px) 100vw, 487px\" \/><\/p>\n<p>pescantinas al alba en Villagarc\u00eda<\/p>\n<p><img loading=\"lazy\" decoding=\"async\" class=\"alignnone wp-image-2337\" src=\"https:\/\/ambel.com.es\/wordpress\/wp-content\/uploads\/2023\/03\/pescantinas-de-Marin-300x212.jpg\" alt=\"\" width=\"490\" height=\"346\" srcset=\"https:\/\/ambel.com.es\/wordpress\/wp-content\/uploads\/2023\/03\/pescantinas-de-Marin-300x212.jpg 300w, https:\/\/ambel.com.es\/wordpress\/wp-content\/uploads\/2023\/03\/pescantinas-de-Marin-1024x724.jpg 1024w, https:\/\/ambel.com.es\/wordpress\/wp-content\/uploads\/2023\/03\/pescantinas-de-Marin-768x543.jpg 768w, https:\/\/ambel.com.es\/wordpress\/wp-content\/uploads\/2023\/03\/pescantinas-de-Marin-1536x1087.jpg 1536w, https:\/\/ambel.com.es\/wordpress\/wp-content\/uploads\/2023\/03\/pescantinas-de-Marin-2048x1449.jpg 2048w, https:\/\/ambel.com.es\/wordpress\/wp-content\/uploads\/2023\/03\/pescantinas-de-Marin-1568x1109.jpg 1568w\" sizes=\"auto, (max-width: 490px) 100vw, 490px\" \/><\/p>\n<p>playa de Combarro<\/p>\n<p><img loading=\"lazy\" decoding=\"async\" class=\"alignnone wp-image-2338\" src=\"https:\/\/ambel.com.es\/wordpress\/wp-content\/uploads\/2023\/03\/playa-de-combarro-300x244.jpg\" alt=\"\" width=\"489\" height=\"398\" srcset=\"https:\/\/ambel.com.es\/wordpress\/wp-content\/uploads\/2023\/03\/playa-de-combarro-300x244.jpg 300w, https:\/\/ambel.com.es\/wordpress\/wp-content\/uploads\/2023\/03\/playa-de-combarro.jpg 697w\" sizes=\"auto, (max-width: 489px) 100vw, 489px\" \/><\/p>\n<p>plaza de Cedeira<\/p>\n<p><img loading=\"lazy\" decoding=\"async\" class=\"alignnone wp-image-2339\" src=\"https:\/\/ambel.com.es\/wordpress\/wp-content\/uploads\/2023\/03\/plaza-de-cedeira-220x300.jpg\" alt=\"\" width=\"490\" height=\"668\" srcset=\"https:\/\/ambel.com.es\/wordpress\/wp-content\/uploads\/2023\/03\/plaza-de-cedeira-220x300.jpg 220w, https:\/\/ambel.com.es\/wordpress\/wp-content\/uploads\/2023\/03\/plaza-de-cedeira-750x1024.jpg 750w, https:\/\/ambel.com.es\/wordpress\/wp-content\/uploads\/2023\/03\/plaza-de-cedeira-768x1048.jpg 768w, https:\/\/ambel.com.es\/wordpress\/wp-content\/uploads\/2023\/03\/plaza-de-cedeira-1125x1536.jpg 1125w, https:\/\/ambel.com.es\/wordpress\/wp-content\/uploads\/2023\/03\/plaza-de-cedeira-1500x2048.jpg 1500w, https:\/\/ambel.com.es\/wordpress\/wp-content\/uploads\/2023\/03\/plaza-de-cedeira-1568x2140.jpg 1568w, https:\/\/ambel.com.es\/wordpress\/wp-content\/uploads\/2023\/03\/plaza-de-cedeira-scaled.jpg 1875w\" sizes=\"auto, (max-width: 490px) 100vw, 490px\" \/><\/p>\n<p>plaza de la le\u00f1a Pontevedra<\/p>\n<p><img loading=\"lazy\" decoding=\"async\" class=\"alignnone wp-image-2340\" src=\"https:\/\/ambel.com.es\/wordpress\/wp-content\/uploads\/2023\/03\/plaza-de-la-lena-pontevedra-300x246.jpg\" alt=\"\" width=\"489\" height=\"401\" srcset=\"https:\/\/ambel.com.es\/wordpress\/wp-content\/uploads\/2023\/03\/plaza-de-la-lena-pontevedra-300x246.jpg 300w, https:\/\/ambel.com.es\/wordpress\/wp-content\/uploads\/2023\/03\/plaza-de-la-lena-pontevedra.jpg 692w\" sizes=\"auto, (max-width: 489px) 100vw, 489px\" \/><\/p>\n<p>plaza de M\u00e9ndez N\u00fa\u00f1ez<\/p>\n<p><img loading=\"lazy\" decoding=\"async\" class=\"alignnone wp-image-2341\" src=\"https:\/\/ambel.com.es\/wordpress\/wp-content\/uploads\/2023\/03\/plaza-de-mendez-nunez-257x300.jpg\" alt=\"\" width=\"491\" height=\"573\" srcset=\"https:\/\/ambel.com.es\/wordpress\/wp-content\/uploads\/2023\/03\/plaza-de-mendez-nunez-257x300.jpg 257w, https:\/\/ambel.com.es\/wordpress\/wp-content\/uploads\/2023\/03\/plaza-de-mendez-nunez.jpg 486w\" sizes=\"auto, (max-width: 491px) 100vw, 491px\" \/><\/p>\n<p>Porri\u00f1o homenaje a Palacios<\/p>\n<p><img loading=\"lazy\" decoding=\"async\" class=\"alignnone wp-image-2342\" src=\"https:\/\/ambel.com.es\/wordpress\/wp-content\/uploads\/2023\/03\/porrino-homenaje-a-palacios-246x300.jpg\" alt=\"\" width=\"490\" height=\"598\" srcset=\"https:\/\/ambel.com.es\/wordpress\/wp-content\/uploads\/2023\/03\/porrino-homenaje-a-palacios-246x300.jpg 246w, https:\/\/ambel.com.es\/wordpress\/wp-content\/uploads\/2023\/03\/porrino-homenaje-a-palacios-841x1024.jpg 841w, https:\/\/ambel.com.es\/wordpress\/wp-content\/uploads\/2023\/03\/porrino-homenaje-a-palacios-768x935.jpg 768w, https:\/\/ambel.com.es\/wordpress\/wp-content\/uploads\/2023\/03\/porrino-homenaje-a-palacios-1568x1909.jpg 1568w\" sizes=\"auto, (max-width: 490px) 100vw, 490px\" \/><\/p>\n<p>Castillo de Monterrey<\/p>\n<p><img loading=\"lazy\" decoding=\"async\" class=\"alignnone wp-image-2343\" src=\"https:\/\/ambel.com.es\/wordpress\/wp-content\/uploads\/2023\/03\/premio-Xose-Rivada.jpeg-239x300.jpg\" alt=\"\" width=\"490\" height=\"615\" srcset=\"https:\/\/ambel.com.es\/wordpress\/wp-content\/uploads\/2023\/03\/premio-Xose-Rivada.jpeg-239x300.jpg 239w, https:\/\/ambel.com.es\/wordpress\/wp-content\/uploads\/2023\/03\/premio-Xose-Rivada.jpeg-768x965.jpg 768w, https:\/\/ambel.com.es\/wordpress\/wp-content\/uploads\/2023\/03\/premio-Xose-Rivada.jpeg.jpg 815w\" sizes=\"auto, (max-width: 490px) 100vw, 490px\" \/><\/p>\n<p>La raya de Urzaiz hasta Madrid<\/p>\n<p><img loading=\"lazy\" decoding=\"async\" class=\"alignnone wp-image-2344\" src=\"https:\/\/ambel.com.es\/wordpress\/wp-content\/uploads\/2023\/03\/principe-sin-cubierta-215x300.jpg\" alt=\"\" width=\"490\" height=\"684\" srcset=\"https:\/\/ambel.com.es\/wordpress\/wp-content\/uploads\/2023\/03\/principe-sin-cubierta-215x300.jpg 215w, https:\/\/ambel.com.es\/wordpress\/wp-content\/uploads\/2023\/03\/principe-sin-cubierta.jpg 549w\" sizes=\"auto, (max-width: 490px) 100vw, 490px\" \/><\/p>\n<p>procesi\u00f3n del Carmen o Grove<\/p>\n<p><img loading=\"lazy\" decoding=\"async\" class=\"alignnone wp-image-2346\" src=\"https:\/\/ambel.com.es\/wordpress\/wp-content\/uploads\/2023\/03\/procesion-del-carmen-en-o-grove-300x185.jpg\" alt=\"\" width=\"491\" height=\"303\" srcset=\"https:\/\/ambel.com.es\/wordpress\/wp-content\/uploads\/2023\/03\/procesion-del-carmen-en-o-grove-300x185.jpg 300w, https:\/\/ambel.com.es\/wordpress\/wp-content\/uploads\/2023\/03\/procesion-del-carmen-en-o-grove-768x475.jpg 768w, https:\/\/ambel.com.es\/wordpress\/wp-content\/uploads\/2023\/03\/procesion-del-carmen-en-o-grove.jpg 917w\" sizes=\"auto, (max-width: 491px) 100vw, 491px\" \/><\/p>\n<p>pueblo valenciano<\/p>\n<p><img loading=\"lazy\" decoding=\"async\" class=\"alignnone wp-image-2347\" src=\"https:\/\/ambel.com.es\/wordpress\/wp-content\/uploads\/2023\/03\/pueblo-valenciano-1-300x244.jpg\" alt=\"\" width=\"491\" height=\"399\" srcset=\"https:\/\/ambel.com.es\/wordpress\/wp-content\/uploads\/2023\/03\/pueblo-valenciano-1-300x244.jpg 300w, https:\/\/ambel.com.es\/wordpress\/wp-content\/uploads\/2023\/03\/pueblo-valenciano-1.jpg 748w\" sizes=\"auto, (max-width: 491px) 100vw, 491px\" \/><\/p>\n<p>puente romano Ponteareas<\/p>\n<p><img loading=\"lazy\" decoding=\"async\" class=\"alignnone wp-image-2348\" src=\"https:\/\/ambel.com.es\/wordpress\/wp-content\/uploads\/2023\/03\/puente-romano-ponteareas-300x242.jpg\" alt=\"\" width=\"493\" height=\"398\" srcset=\"https:\/\/ambel.com.es\/wordpress\/wp-content\/uploads\/2023\/03\/puente-romano-ponteareas-300x242.jpg 300w, https:\/\/ambel.com.es\/wordpress\/wp-content\/uploads\/2023\/03\/puente-romano-ponteareas.jpg 702w\" sizes=\"auto, (max-width: 493px) 100vw, 493px\" \/><\/p>\n<p>puente San Pedro, Cuenca<\/p>\n<p><img loading=\"lazy\" decoding=\"async\" class=\"alignnone wp-image-2349\" src=\"https:\/\/ambel.com.es\/wordpress\/wp-content\/uploads\/2023\/03\/puente-San-Pedro-1-300x191.jpg\" alt=\"\" width=\"492\" height=\"313\" srcset=\"https:\/\/ambel.com.es\/wordpress\/wp-content\/uploads\/2023\/03\/puente-San-Pedro-1-300x191.jpg 300w, https:\/\/ambel.com.es\/wordpress\/wp-content\/uploads\/2023\/03\/puente-San-Pedro-1-768x489.jpg 768w, https:\/\/ambel.com.es\/wordpress\/wp-content\/uploads\/2023\/03\/puente-San-Pedro-1.jpg 891w\" sizes=\"auto, (max-width: 492px) 100vw, 492px\" \/><\/p>\n<p>puntadas sin hilo<\/p>\n<p><img loading=\"lazy\" decoding=\"async\" class=\"alignnone wp-image-2350\" src=\"https:\/\/ambel.com.es\/wordpress\/wp-content\/uploads\/2023\/03\/puntadas-sin-hilo-224x300.jpg\" alt=\"\" width=\"485\" height=\"650\" srcset=\"https:\/\/ambel.com.es\/wordpress\/wp-content\/uploads\/2023\/03\/puntadas-sin-hilo-224x300.jpg 224w, https:\/\/ambel.com.es\/wordpress\/wp-content\/uploads\/2023\/03\/puntadas-sin-hilo.jpg 423w\" sizes=\"auto, (max-width: 485px) 100vw, 485px\" \/><\/p>\n<p>RANDE<\/p>\n<p><img loading=\"lazy\" decoding=\"async\" class=\"alignnone wp-image-2351\" src=\"https:\/\/ambel.com.es\/wordpress\/wp-content\/uploads\/2023\/03\/RANDE-300x207.jpg\" alt=\"\" width=\"484\" height=\"334\" srcset=\"https:\/\/ambel.com.es\/wordpress\/wp-content\/uploads\/2023\/03\/RANDE-300x207.jpg 300w, https:\/\/ambel.com.es\/wordpress\/wp-content\/uploads\/2023\/03\/RANDE-768x531.jpg 768w, https:\/\/ambel.com.es\/wordpress\/wp-content\/uploads\/2023\/03\/RANDE.jpg 820w\" sizes=\"auto, (max-width: 484px) 100vw, 484px\" \/><\/p>\n<p>recogida de la oliva en el siglo XII<\/p>\n<p><img loading=\"lazy\" decoding=\"async\" class=\"alignnone wp-image-2352\" src=\"https:\/\/ambel.com.es\/wordpress\/wp-content\/uploads\/2023\/03\/recogida-de-la-oliva-en-el-siglo-XII-300x241.jpg\" alt=\"\" width=\"484\" height=\"389\" srcset=\"https:\/\/ambel.com.es\/wordpress\/wp-content\/uploads\/2023\/03\/recogida-de-la-oliva-en-el-siglo-XII-300x241.jpg 300w, https:\/\/ambel.com.es\/wordpress\/wp-content\/uploads\/2023\/03\/recogida-de-la-oliva-en-el-siglo-XII-1024x822.jpg 1024w, https:\/\/ambel.com.es\/wordpress\/wp-content\/uploads\/2023\/03\/recogida-de-la-oliva-en-el-siglo-XII-768x616.jpg 768w, https:\/\/ambel.com.es\/wordpress\/wp-content\/uploads\/2023\/03\/recogida-de-la-oliva-en-el-siglo-XII-1536x1233.jpg 1536w, https:\/\/ambel.com.es\/wordpress\/wp-content\/uploads\/2023\/03\/recogida-de-la-oliva-en-el-siglo-XII-2048x1644.jpg 2048w, https:\/\/ambel.com.es\/wordpress\/wp-content\/uploads\/2023\/03\/recogida-de-la-oliva-en-el-siglo-XII-1568x1258.jpg 1568w\" sizes=\"auto, (max-width: 484px) 100vw, 484px\" \/><\/p>\n<p>rinc\u00f3n de laxe, est\u00e9tica del caos<\/p>\n<p><img loading=\"lazy\" decoding=\"async\" class=\"alignnone wp-image-2353\" src=\"https:\/\/ambel.com.es\/wordpress\/wp-content\/uploads\/2023\/03\/rincon-de-laxe-estetica-del-caos-3-233x300.jpg\" alt=\"\" width=\"484\" height=\"623\" srcset=\"https:\/\/ambel.com.es\/wordpress\/wp-content\/uploads\/2023\/03\/rincon-de-laxe-estetica-del-caos-3-233x300.jpg 233w, https:\/\/ambel.com.es\/wordpress\/wp-content\/uploads\/2023\/03\/rincon-de-laxe-estetica-del-caos-3.jpg 441w\" sizes=\"auto, (max-width: 484px) 100vw, 484px\" \/><\/p>\n<p>r\u00edos de Galicia, Louro<\/p>\n<p><img loading=\"lazy\" decoding=\"async\" class=\"alignnone wp-image-2354\" src=\"https:\/\/ambel.com.es\/wordpress\/wp-content\/uploads\/2023\/03\/rios-de-galica-3-300x246.jpg\" alt=\"\" width=\"484\" height=\"397\" srcset=\"https:\/\/ambel.com.es\/wordpress\/wp-content\/uploads\/2023\/03\/rios-de-galica-3-300x246.jpg 300w, https:\/\/ambel.com.es\/wordpress\/wp-content\/uploads\/2023\/03\/rios-de-galica-3-768x629.jpg 768w, https:\/\/ambel.com.es\/wordpress\/wp-content\/uploads\/2023\/03\/rios-de-galica-3.jpg 948w\" sizes=\"auto, (max-width: 484px) 100vw, 484px\" \/><\/p>\n<p>san Roque Goianes<\/p>\n<p><img loading=\"lazy\" decoding=\"async\" class=\"alignnone wp-image-2355\" src=\"https:\/\/ambel.com.es\/wordpress\/wp-content\/uploads\/2023\/03\/san-roque-goianes-romeria-300x229.jpg\" alt=\"\" width=\"483\" height=\"369\" srcset=\"https:\/\/ambel.com.es\/wordpress\/wp-content\/uploads\/2023\/03\/san-roque-goianes-romeria-300x229.jpg 300w, https:\/\/ambel.com.es\/wordpress\/wp-content\/uploads\/2023\/03\/san-roque-goianes-romeria-1024x781.jpg 1024w, https:\/\/ambel.com.es\/wordpress\/wp-content\/uploads\/2023\/03\/san-roque-goianes-romeria-768x586.jpg 768w, https:\/\/ambel.com.es\/wordpress\/wp-content\/uploads\/2023\/03\/san-roque-goianes-romeria-1536x1171.jpg 1536w, https:\/\/ambel.com.es\/wordpress\/wp-content\/uploads\/2023\/03\/san-roque-goianes-romeria-2048x1562.jpg 2048w, https:\/\/ambel.com.es\/wordpress\/wp-content\/uploads\/2023\/03\/san-roque-goianes-romeria-1568x1196.jpg 1568w\" sizes=\"auto, (max-width: 483px) 100vw, 483px\" \/><\/p>\n<p>santa Cristina en Sabar\u00eds<\/p>\n<p><img loading=\"lazy\" decoding=\"async\" class=\"alignnone wp-image-2356\" src=\"https:\/\/ambel.com.es\/wordpress\/wp-content\/uploads\/2023\/03\/santa-cristina-en-sabaris-242x300.jpg\" alt=\"\" width=\"482\" height=\"598\" srcset=\"https:\/\/ambel.com.es\/wordpress\/wp-content\/uploads\/2023\/03\/santa-cristina-en-sabaris-242x300.jpg 242w, https:\/\/ambel.com.es\/wordpress\/wp-content\/uploads\/2023\/03\/santa-cristina-en-sabaris.jpg 769w\" sizes=\"auto, (max-width: 482px) 100vw, 482px\" \/><\/p>\n<p>santa Mar\u00eda desde camino de las Santas, Hu\u00e9scar<\/p>\n<p><img loading=\"lazy\" decoding=\"async\" class=\"alignnone wp-image-2357\" src=\"https:\/\/ambel.com.es\/wordpress\/wp-content\/uploads\/2023\/03\/santa-maria-desde-camino-de-las-santas-300x254.jpg\" alt=\"\" width=\"483\" height=\"409\" srcset=\"https:\/\/ambel.com.es\/wordpress\/wp-content\/uploads\/2023\/03\/santa-maria-desde-camino-de-las-santas-300x254.jpg 300w, https:\/\/ambel.com.es\/wordpress\/wp-content\/uploads\/2023\/03\/santa-maria-desde-camino-de-las-santas.jpg 670w\" sizes=\"auto, (max-width: 483px) 100vw, 483px\" \/><\/p>\n<p>santa Maria desde la calle de las Campanas<\/p>\n<p><img loading=\"lazy\" decoding=\"async\" class=\"alignnone wp-image-2358\" src=\"https:\/\/ambel.com.es\/wordpress\/wp-content\/uploads\/2023\/03\/santa-maria-desde-la-calle-de-las-campanas-206x300.jpg\" alt=\"\" width=\"480\" height=\"699\" srcset=\"https:\/\/ambel.com.es\/wordpress\/wp-content\/uploads\/2023\/03\/santa-maria-desde-la-calle-de-las-campanas-206x300.jpg 206w, https:\/\/ambel.com.es\/wordpress\/wp-content\/uploads\/2023\/03\/santa-maria-desde-la-calle-de-las-campanas.jpg 389w\" sizes=\"auto, (max-width: 480px) 100vw, 480px\" \/><\/p>\n<p>santa Mar\u00eda Pontevedra<\/p>\n<p><img loading=\"lazy\" decoding=\"async\" class=\"alignnone wp-image-2359\" src=\"https:\/\/ambel.com.es\/wordpress\/wp-content\/uploads\/2023\/03\/santa-maria-pontevedra-300x242.jpg\" alt=\"\" width=\"481\" height=\"388\" srcset=\"https:\/\/ambel.com.es\/wordpress\/wp-content\/uploads\/2023\/03\/santa-maria-pontevedra-300x242.jpg 300w, https:\/\/ambel.com.es\/wordpress\/wp-content\/uploads\/2023\/03\/santa-maria-pontevedra.jpg 702w\" sizes=\"auto, (max-width: 481px) 100vw, 481px\" \/><\/p>\n<p>santa Marta de Ribarterme<\/p>\n<p><img loading=\"lazy\" decoding=\"async\" class=\"alignnone wp-image-2360\" src=\"https:\/\/ambel.com.es\/wordpress\/wp-content\/uploads\/2023\/03\/santa-marta-de-ribarterme-300x247.jpg\" alt=\"\" width=\"479\" height=\"394\" srcset=\"https:\/\/ambel.com.es\/wordpress\/wp-content\/uploads\/2023\/03\/santa-marta-de-ribarterme-300x247.jpg 300w, https:\/\/ambel.com.es\/wordpress\/wp-content\/uploads\/2023\/03\/santa-marta-de-ribarterme-1024x845.jpg 1024w, https:\/\/ambel.com.es\/wordpress\/wp-content\/uploads\/2023\/03\/santa-marta-de-ribarterme-768x633.jpg 768w, https:\/\/ambel.com.es\/wordpress\/wp-content\/uploads\/2023\/03\/santa-marta-de-ribarterme-1536x1267.jpg 1536w, https:\/\/ambel.com.es\/wordpress\/wp-content\/uploads\/2023\/03\/santa-marta-de-ribarterme-2048x1689.jpg 2048w, https:\/\/ambel.com.es\/wordpress\/wp-content\/uploads\/2023\/03\/santa-marta-de-ribarterme-1568x1293.jpg 1568w\" sizes=\"auto, (max-width: 479px) 100vw, 479px\" \/><\/p>\n<p>SECUENCIAS DE MEMORIA<\/p>\n<p><img loading=\"lazy\" decoding=\"async\" class=\"alignnone wp-image-2361\" src=\"https:\/\/ambel.com.es\/wordpress\/wp-content\/uploads\/2023\/03\/SECUENCIAS-DE-MEMORIA-297x300.jpg\" alt=\"\" width=\"476\" height=\"481\" srcset=\"https:\/\/ambel.com.es\/wordpress\/wp-content\/uploads\/2023\/03\/SECUENCIAS-DE-MEMORIA-297x300.jpg 297w, https:\/\/ambel.com.es\/wordpress\/wp-content\/uploads\/2023\/03\/SECUENCIAS-DE-MEMORIA.jpg 561w\" sizes=\"auto, (max-width: 476px) 100vw, 476px\" \/><\/p>\n<p>sue\u00f1o<\/p>\n<p><img loading=\"lazy\" decoding=\"async\" class=\"alignnone wp-image-2362\" src=\"https:\/\/ambel.com.es\/wordpress\/wp-content\/uploads\/2023\/03\/sueno-1-249x300.jpg\" alt=\"\" width=\"475\" height=\"572\" srcset=\"https:\/\/ambel.com.es\/wordpress\/wp-content\/uploads\/2023\/03\/sueno-1-249x300.jpg 249w, https:\/\/ambel.com.es\/wordpress\/wp-content\/uploads\/2023\/03\/sueno-1.jpg 471w\" sizes=\"auto, (max-width: 475px) 100vw, 475px\" \/><\/p>\n<p>tambores Semana Santa Cueca<\/p>\n<p><img loading=\"lazy\" decoding=\"async\" class=\"alignnone wp-image-2363\" src=\"https:\/\/ambel.com.es\/wordpress\/wp-content\/uploads\/2023\/03\/tambores-semana-snta-cueca-239x300.jpg\" alt=\"\" width=\"475\" height=\"596\" srcset=\"https:\/\/ambel.com.es\/wordpress\/wp-content\/uploads\/2023\/03\/tambores-semana-snta-cueca-239x300.jpg 239w, https:\/\/ambel.com.es\/wordpress\/wp-content\/uploads\/2023\/03\/tambores-semana-snta-cueca.jpg 451w\" sizes=\"auto, (max-width: 475px) 100vw, 475px\" \/><\/p>\n<p>tejados y palmeras<\/p>\n<p><img loading=\"lazy\" decoding=\"async\" class=\"alignnone wp-image-2364\" src=\"https:\/\/ambel.com.es\/wordpress\/wp-content\/uploads\/2023\/03\/tejados-y-palmeras-1-229x300.jpg\" alt=\"\" width=\"474\" height=\"621\" srcset=\"https:\/\/ambel.com.es\/wordpress\/wp-content\/uploads\/2023\/03\/tejados-y-palmeras-1-229x300.jpg 229w, https:\/\/ambel.com.es\/wordpress\/wp-content\/uploads\/2023\/03\/tejados-y-palmeras-1.jpg 448w\" sizes=\"auto, (max-width: 474px) 100vw, 474px\" \/><\/p>\n<p>tejados<\/p>\n<figure id=\"attachment_2365\" aria-describedby=\"caption-attachment-2365\" style=\"width: 475px\" class=\"wp-caption alignnone\"><img loading=\"lazy\" decoding=\"async\" class=\" wp-image-2365\" src=\"https:\/\/ambel.com.es\/wordpress\/wp-content\/uploads\/2023\/03\/tejados-300x194.jpg\" alt=\"\" width=\"475\" height=\"307\" srcset=\"https:\/\/ambel.com.es\/wordpress\/wp-content\/uploads\/2023\/03\/tejados-300x194.jpg 300w, https:\/\/ambel.com.es\/wordpress\/wp-content\/uploads\/2023\/03\/tejados-768x495.jpg 768w, https:\/\/ambel.com.es\/wordpress\/wp-content\/uploads\/2023\/03\/tejados.jpg 879w\" sizes=\"auto, (max-width: 475px) 100vw, 475px\" \/><figcaption id=\"caption-attachment-2365\" class=\"wp-caption-text\">templo votivo Panx\u00f3n Antonio Palacios<\/figcaption><\/figure>\n<p><img loading=\"lazy\" decoding=\"async\" class=\"alignnone wp-image-2366\" src=\"https:\/\/ambel.com.es\/wordpress\/wp-content\/uploads\/2023\/03\/tempolo-votivo-panxon-antonio-palacios-300x254.jpg\" alt=\"\" width=\"472\" height=\"400\" srcset=\"https:\/\/ambel.com.es\/wordpress\/wp-content\/uploads\/2023\/03\/tempolo-votivo-panxon-antonio-palacios-300x254.jpg 300w, https:\/\/ambel.com.es\/wordpress\/wp-content\/uploads\/2023\/03\/tempolo-votivo-panxon-antonio-palacios-768x651.jpg 768w, https:\/\/ambel.com.es\/wordpress\/wp-content\/uploads\/2023\/03\/tempolo-votivo-panxon-antonio-palacios.jpg 927w\" sizes=\"auto, (max-width: 472px) 100vw, 472px\" \/><\/p>\n<p>una nueva papeleta para la democracia 2<\/p>\n<p><img loading=\"lazy\" decoding=\"async\" class=\"alignnone wp-image-2367\" src=\"https:\/\/ambel.com.es\/wordpress\/wp-content\/uploads\/2023\/03\/una-nueva-papeleta-para-la-democracia-2-2-300x205.jpg\" alt=\"\" width=\"473\" height=\"323\" srcset=\"https:\/\/ambel.com.es\/wordpress\/wp-content\/uploads\/2023\/03\/una-nueva-papeleta-para-la-democracia-2-2-300x205.jpg 300w, https:\/\/ambel.com.es\/wordpress\/wp-content\/uploads\/2023\/03\/una-nueva-papeleta-para-la-democracia-2-2-768x526.jpg 768w, https:\/\/ambel.com.es\/wordpress\/wp-content\/uploads\/2023\/03\/una-nueva-papeleta-para-la-democracia-2-2.jpg 828w\" sizes=\"auto, (max-width: 473px) 100vw, 473px\" \/><\/p>\n<p>una sombrilla para la sirenita<\/p>\n<p><img loading=\"lazy\" decoding=\"async\" class=\"alignnone wp-image-2368\" src=\"https:\/\/ambel.com.es\/wordpress\/wp-content\/uploads\/2023\/03\/una-sombrilla-para-la-sirenita-300x238.jpg\" alt=\"\" width=\"471\" height=\"374\" srcset=\"https:\/\/ambel.com.es\/wordpress\/wp-content\/uploads\/2023\/03\/una-sombrilla-para-la-sirenita-300x238.jpg 300w, https:\/\/ambel.com.es\/wordpress\/wp-content\/uploads\/2023\/03\/una-sombrilla-para-la-sirenita.jpg 716w\" sizes=\"auto, (max-width: 471px) 100vw, 471px\" \/><\/p>\n<p>VIGO DESDE CANGAS<\/p>\n<p><img loading=\"lazy\" decoding=\"async\" class=\"alignnone wp-image-2369\" src=\"https:\/\/ambel.com.es\/wordpress\/wp-content\/uploads\/2023\/03\/VIGO-DESDE-CANGAS-100X81-1-300x210.jpg\" alt=\"\" width=\"474\" height=\"332\" srcset=\"https:\/\/ambel.com.es\/wordpress\/wp-content\/uploads\/2023\/03\/VIGO-DESDE-CANGAS-100X81-1-300x210.jpg 300w, https:\/\/ambel.com.es\/wordpress\/wp-content\/uploads\/2023\/03\/VIGO-DESDE-CANGAS-100X81-1-768x537.jpg 768w, https:\/\/ambel.com.es\/wordpress\/wp-content\/uploads\/2023\/03\/VIGO-DESDE-CANGAS-100X81-1.jpg 811w\" sizes=\"auto, (max-width: 474px) 100vw, 474px\" \/><\/p>\n<p>Romer\u00eda de San Blas<\/p>\n<p><img loading=\"lazy\" decoding=\"async\" class=\"alignnone wp-image-2370\" src=\"https:\/\/ambel.com.es\/wordpress\/wp-content\/uploads\/2023\/03\/Vigo-20121116-01796-300x210.jpg\" alt=\"\" width=\"473\" height=\"331\" srcset=\"https:\/\/ambel.com.es\/wordpress\/wp-content\/uploads\/2023\/03\/Vigo-20121116-01796-300x210.jpg 300w, https:\/\/ambel.com.es\/wordpress\/wp-content\/uploads\/2023\/03\/Vigo-20121116-01796-768x538.jpg 768w, https:\/\/ambel.com.es\/wordpress\/wp-content\/uploads\/2023\/03\/Vigo-20121116-01796.jpg 809w\" sizes=\"auto, (max-width: 473px) 100vw, 473px\" \/><\/p>\n<p>Vilasaltar<\/p>\n<p><img loading=\"lazy\" decoding=\"async\" class=\"alignnone wp-image-2371\" src=\"https:\/\/ambel.com.es\/wordpress\/wp-content\/uploads\/2023\/03\/vilasaltar-300x250.jpg\" alt=\"\" width=\"473\" height=\"394\" srcset=\"https:\/\/ambel.com.es\/wordpress\/wp-content\/uploads\/2023\/03\/vilasaltar-300x250.jpg 300w, https:\/\/ambel.com.es\/wordpress\/wp-content\/uploads\/2023\/03\/vilasaltar.jpg 714w\" sizes=\"auto, (max-width: 473px) 100vw, 473px\" \/><\/p>\n<p>El vig\u00eda del Caos<\/p>\n<p><img loading=\"lazy\" decoding=\"async\" class=\"alignnone wp-image-2372\" src=\"https:\/\/ambel.com.es\/wordpress\/wp-content\/uploads\/2023\/03\/vixia-del-caos-231x300.jpg\" alt=\"\" width=\"477\" height=\"619\" srcset=\"https:\/\/ambel.com.es\/wordpress\/wp-content\/uploads\/2023\/03\/vixia-del-caos-231x300.jpg 231w, https:\/\/ambel.com.es\/wordpress\/wp-content\/uploads\/2023\/03\/vixia-del-caos.jpg 270w\" sizes=\"auto, (max-width: 477px) 100vw, 477px\" \/><\/p>\n<p>Puerto de noche<\/p>\n<p><img loading=\"lazy\" decoding=\"async\" class=\"alignnone wp-image-2373\" src=\"https:\/\/ambel.com.es\/wordpress\/wp-content\/uploads\/2023\/03\/vulcano--244x300.jpg\" alt=\"\" width=\"472\" height=\"580\" srcset=\"https:\/\/ambel.com.es\/wordpress\/wp-content\/uploads\/2023\/03\/vulcano--244x300.jpg 244w, https:\/\/ambel.com.es\/wordpress\/wp-content\/uploads\/2023\/03\/vulcano-.jpg 461w\" sizes=\"auto, (max-width: 472px) 100vw, 472px\" \/><\/p>\n<p>&nbsp;<\/p>\n","protected":false},"excerpt":{"rendered":"<p>quieres una reproducci\u00f3n de alguno de estos cuadros, en papel de alta calidad en formato A-3 ll\u00e1mame por favor al\u00a0 \u00a0 658 175 111 3 remolcadores rojos arrastrando Vigo pescantinas no porto de Oporto Montero R\u00edos caleidoscopico del s. XX paisaje de Hu\u00e9scar cortijo ermita en Valdovi\u00f1o a fortaleza que antes divida ahora une a&hellip; <a class=\"more-link\" href=\"https:\/\/ambel.com.es\/wordpress\/2023\/03\/01\/galeria-de-cuadros\/\">Seguir leyendo <span class=\"screen-reader-text\">galer\u00eda de cuadros<\/span><\/a><\/p>\n","protected":false},"author":1,"featured_media":0,"comment_status":"closed","ping_status":"open","sticky":false,"template":"","format":"gallery","meta":{"_crdt_document":"","_jetpack_memberships_contains_paid_content":false,"footnotes":""},"categories":[1],"tags":[],"class_list":["post-969","post","type-post","status-publish","format-gallery","hentry","category-sin-categoria","post_format-post-format-gallery","entry"],"jetpack_featured_media_url":"","jetpack_sharing_enabled":true,"_links":{"self":[{"href":"https:\/\/ambel.com.es\/wordpress\/wp-json\/wp\/v2\/posts\/969","targetHints":{"allow":["GET"]}}],"collection":[{"href":"https:\/\/ambel.com.es\/wordpress\/wp-json\/wp\/v2\/posts"}],"about":[{"href":"https:\/\/ambel.com.es\/wordpress\/wp-json\/wp\/v2\/types\/post"}],"author":[{"embeddable":true,"href":"https:\/\/ambel.com.es\/wordpress\/wp-json\/wp\/v2\/users\/1"}],"replies":[{"embeddable":true,"href":"https:\/\/ambel.com.es\/wordpress\/wp-json\/wp\/v2\/comments?post=969"}],"version-history":[{"count":29,"href":"https:\/\/ambel.com.es\/wordpress\/wp-json\/wp\/v2\/posts\/969\/revisions"}],"predecessor-version":[{"id":2680,"href":"https:\/\/ambel.com.es\/wordpress\/wp-json\/wp\/v2\/posts\/969\/revisions\/2680"}],"wp:attachment":[{"href":"https:\/\/ambel.com.es\/wordpress\/wp-json\/wp\/v2\/media?parent=969"}],"wp:term":[{"taxonomy":"category","embeddable":true,"href":"https:\/\/ambel.com.es\/wordpress\/wp-json\/wp\/v2\/categories?post=969"},{"taxonomy":"post_tag","embeddable":true,"href":"https:\/\/ambel.com.es\/wordpress\/wp-json\/wp\/v2\/tags?post=969"}],"curies":[{"name":"wp","href":"https:\/\/api.w.org\/{rel}","templated":true}]}}