{"id":715,"date":"2023-02-21T15:31:30","date_gmt":"2023-02-21T15:31:30","guid":{"rendered":"https:\/\/ambel.com.es\/wordpress\/?p=715"},"modified":"2026-02-18T12:04:50","modified_gmt":"2026-02-18T12:04:50","slug":"febrero-2023-gestion-de-las-dificultades-coloquios-con-el-artista-jose-ramon-santamaria","status":"publish","type":"post","link":"https:\/\/ambel.com.es\/wordpress\/2023\/02\/21\/febrero-2023-gestion-de-las-dificultades-coloquios-con-el-artista-jose-ramon-santamaria\/","title":{"rendered":"febrero 2023. Gesti\u00f3n de las dificultades. Coloquios con el artista. Jos\u00e9 Ram\u00f3n Santamar\u00eda"},"content":{"rendered":"\r\n<figure class=\"wp-block-embed is-type-video is-provider-youtube wp-block-embed-youtube wp-embed-aspect-16-9 wp-has-aspect-ratio\">\r\n<div class=\"wp-block-embed__wrapper\">https:\/\/youtu.be\/tsIw8ud2nWU<\/div>\r\n<\/figure>\r\n","protected":false},"excerpt":{"rendered":"","protected":false},"author":1,"featured_media":0,"comment_status":"closed","ping_status":"open","sticky":false,"template":"","format":"standard","meta":{"_crdt_document":"","_jetpack_memberships_contains_paid_content":false,"footnotes":""},"categories":[1],"tags":[],"class_list":["post-715","post","type-post","status-publish","format-standard","hentry","category-sin-categoria","entry"],"jetpack_featured_media_url":"","jetpack_sharing_enabled":true,"_links":{"self":[{"href":"https:\/\/ambel.com.es\/wordpress\/wp-json\/wp\/v2\/posts\/715","targetHints":{"allow":["GET"]}}],"collection":[{"href":"https:\/\/ambel.com.es\/wordpress\/wp-json\/wp\/v2\/posts"}],"about":[{"href":"https:\/\/ambel.com.es\/wordpress\/wp-json\/wp\/v2\/types\/post"}],"author":[{"embeddable":true,"href":"https:\/\/ambel.com.es\/wordpress\/wp-json\/wp\/v2\/users\/1"}],"replies":[{"embeddable":true,"href":"https:\/\/ambel.com.es\/wordpress\/wp-json\/wp\/v2\/comments?post=715"}],"version-history":[{"count":2,"href":"https:\/\/ambel.com.es\/wordpress\/wp-json\/wp\/v2\/posts\/715\/revisions"}],"predecessor-version":[{"id":2761,"href":"https:\/\/ambel.com.es\/wordpress\/wp-json\/wp\/v2\/posts\/715\/revisions\/2761"}],"wp:attachment":[{"href":"https:\/\/ambel.com.es\/wordpress\/wp-json\/wp\/v2\/media?parent=715"}],"wp:term":[{"taxonomy":"category","embeddable":true,"href":"https:\/\/ambel.com.es\/wordpress\/wp-json\/wp\/v2\/categories?post=715"},{"taxonomy":"post_tag","embeddable":true,"href":"https:\/\/ambel.com.es\/wordpress\/wp-json\/wp\/v2\/tags?post=715"}],"curies":[{"name":"wp","href":"https:\/\/api.w.org\/{rel}","templated":true}]}}