{"id":66,"date":"2022-03-27T19:30:59","date_gmt":"2022-03-27T19:30:59","guid":{"rendered":"http:\/\/ambel.com.es\/wordpress\/?p=66"},"modified":"2024-11-16T20:51:40","modified_gmt":"2024-11-16T20:51:40","slug":"inteligencia-art-inteligencia-natural","status":"publish","type":"post","link":"https:\/\/ambel.com.es\/wordpress\/2022\/03\/27\/inteligencia-art-inteligencia-natural\/","title":{"rendered":"inteligencia art&#8230;inteligencia natural"},"content":{"rendered":"\n<figure class=\"wp-block-image size-large\"><img loading=\"lazy\" decoding=\"async\" width=\"736\" height=\"1024\" src=\"http:\/\/ambel.com.es\/wordpress\/wp-content\/uploads\/2022\/03\/inteligencia-art...natural-2-736x1024.jpg\" alt=\"\" class=\"wp-image-67\" srcset=\"https:\/\/ambel.com.es\/wordpress\/wp-content\/uploads\/2022\/03\/inteligencia-art...natural-2-736x1024.jpg 736w, https:\/\/ambel.com.es\/wordpress\/wp-content\/uploads\/2022\/03\/inteligencia-art...natural-2-215x300.jpg 215w, https:\/\/ambel.com.es\/wordpress\/wp-content\/uploads\/2022\/03\/inteligencia-art...natural-2-768x1069.jpg 768w, https:\/\/ambel.com.es\/wordpress\/wp-content\/uploads\/2022\/03\/inteligencia-art...natural-2-1103x1536.jpg 1103w, https:\/\/ambel.com.es\/wordpress\/wp-content\/uploads\/2022\/03\/inteligencia-art...natural-2-1471x2048.jpg 1471w, https:\/\/ambel.com.es\/wordpress\/wp-content\/uploads\/2022\/03\/inteligencia-art...natural-2-1568x2183.jpg 1568w, https:\/\/ambel.com.es\/wordpress\/wp-content\/uploads\/2022\/03\/inteligencia-art...natural-2-scaled.jpg 1839w\" sizes=\"auto, (max-width: 736px) 100vw, 736px\" \/><\/figure>\n\n\n\n<figure class=\"wp-block-image size-large\"><img loading=\"lazy\" decoding=\"async\" width=\"736\" height=\"1024\" src=\"http:\/\/ambel.com.es\/wordpress\/wp-content\/uploads\/2022\/03\/inteligencia-art...natural-1-736x1024.jpg\" alt=\"\" class=\"wp-image-68\" srcset=\"https:\/\/ambel.com.es\/wordpress\/wp-content\/uploads\/2022\/03\/inteligencia-art...natural-1-736x1024.jpg 736w, https:\/\/ambel.com.es\/wordpress\/wp-content\/uploads\/2022\/03\/inteligencia-art...natural-1-215x300.jpg 215w, https:\/\/ambel.com.es\/wordpress\/wp-content\/uploads\/2022\/03\/inteligencia-art...natural-1-768x1069.jpg 768w, https:\/\/ambel.com.es\/wordpress\/wp-content\/uploads\/2022\/03\/inteligencia-art...natural-1-1103x1536.jpg 1103w, https:\/\/ambel.com.es\/wordpress\/wp-content\/uploads\/2022\/03\/inteligencia-art...natural-1-1471x2048.jpg 1471w, https:\/\/ambel.com.es\/wordpress\/wp-content\/uploads\/2022\/03\/inteligencia-art...natural-1-1568x2183.jpg 1568w, https:\/\/ambel.com.es\/wordpress\/wp-content\/uploads\/2022\/03\/inteligencia-art...natural-1-scaled.jpg 1839w\" sizes=\"auto, (max-width: 736px) 100vw, 736px\" \/><\/figure>\n\n\n\n<p class=\"wp-block-paragraph\">Con estos dos carteles he participado en la Bienal Internacional de Cartelismo Terras Gauda, concurso Francisco Mantec\u00f3n, creativos de 65 pa\u00edses participantes que se exponen en la Estaci\u00f3n Mar\u00edtima de Vigo hasta el 4 de mayo de martes a domingo de 11 a 14 y 18 a 21 h. La idea es un aparato de inteligencia artificial que analiza el olor, las caracter\u00edsticas visuales y el sabor del vino, ademas de las sinergias empresariales de cada marca, aparentemente no es una idea de la carteler\u00eda tradicional, pero desde luego he podido comprobar que es una idea absolutamente original, puesto que no he visto otro parecido, se he visto muchos de los carteles que repiten la idea de curvas u ondas. Mi idea es evidentemente una utop\u00eda pero desde luego me ha ayudado mucho entender los distintos aspectos que ayudan a la creaci\u00f3n de este.<\/p>\n","protected":false},"excerpt":{"rendered":"<p>Con estos dos carteles he participado en la Bienal Internacional de Cartelismo Terras Gauda, concurso Francisco Mantec\u00f3n, creativos de 65 pa\u00edses participantes que se exponen en la Estaci\u00f3n Mar\u00edtima de Vigo hasta el 4 de mayo de martes a domingo de 11 a 14 y 18 a 21 h. La idea es un aparato de&hellip; <a class=\"more-link\" href=\"https:\/\/ambel.com.es\/wordpress\/2022\/03\/27\/inteligencia-art-inteligencia-natural\/\">Seguir leyendo <span class=\"screen-reader-text\">inteligencia art&#8230;inteligencia natural<\/span><\/a><\/p>\n","protected":false},"author":1,"featured_media":0,"comment_status":"closed","ping_status":"open","sticky":false,"template":"","format":"standard","meta":{"_crdt_document":"","_jetpack_memberships_contains_paid_content":false,"footnotes":""},"categories":[1],"tags":[],"class_list":["post-66","post","type-post","status-publish","format-standard","hentry","category-sin-categoria","entry"],"jetpack_featured_media_url":"","jetpack_sharing_enabled":true,"_links":{"self":[{"href":"https:\/\/ambel.com.es\/wordpress\/wp-json\/wp\/v2\/posts\/66","targetHints":{"allow":["GET"]}}],"collection":[{"href":"https:\/\/ambel.com.es\/wordpress\/wp-json\/wp\/v2\/posts"}],"about":[{"href":"https:\/\/ambel.com.es\/wordpress\/wp-json\/wp\/v2\/types\/post"}],"author":[{"embeddable":true,"href":"https:\/\/ambel.com.es\/wordpress\/wp-json\/wp\/v2\/users\/1"}],"replies":[{"embeddable":true,"href":"https:\/\/ambel.com.es\/wordpress\/wp-json\/wp\/v2\/comments?post=66"}],"version-history":[{"count":1,"href":"https:\/\/ambel.com.es\/wordpress\/wp-json\/wp\/v2\/posts\/66\/revisions"}],"predecessor-version":[{"id":69,"href":"https:\/\/ambel.com.es\/wordpress\/wp-json\/wp\/v2\/posts\/66\/revisions\/69"}],"wp:attachment":[{"href":"https:\/\/ambel.com.es\/wordpress\/wp-json\/wp\/v2\/media?parent=66"}],"wp:term":[{"taxonomy":"category","embeddable":true,"href":"https:\/\/ambel.com.es\/wordpress\/wp-json\/wp\/v2\/categories?post=66"},{"taxonomy":"post_tag","embeddable":true,"href":"https:\/\/ambel.com.es\/wordpress\/wp-json\/wp\/v2\/tags?post=66"}],"curies":[{"name":"wp","href":"https:\/\/api.w.org\/{rel}","templated":true}]}}