{"id":553,"date":"2023-01-27T09:10:17","date_gmt":"2023-01-27T09:10:17","guid":{"rendered":"https:\/\/ambel.com.es\/wordpress\/?p=553"},"modified":"2026-04-08T18:02:20","modified_gmt":"2026-04-08T18:02:20","slug":"diario-de-nuevas-ideas-para-el-arte","status":"publish","type":"post","link":"https:\/\/ambel.com.es\/wordpress\/2023\/01\/27\/diario-de-nuevas-ideas-para-el-arte\/","title":{"rendered":"DIARIO DE NUEVAS IDEAS PARA EL ARTE"},"content":{"rendered":"\r\n<p><a href=\"https:\/\/ambel.com.es\/wordpress\/2023\/03\/21\/curriculum\/\">Rafael Jim\u00e9nez Ambel \u00a0curr\u00edculum<\/a><\/p>\r\n<hr class=\"wp-block-separator has-alpha-channel-opacity\" \/>\r\n\r\n\r\n<p class=\"wp-block-paragraph\"><a href=\"https:\/\/ambel.com.es\/wordpress\/2023\/03\/01\/galeria-de-cuadros\/\">galer\u00eda de cuadros<\/a><\/p>\r\n<p><a href=\"https:\/\/ambel.com.es\/wordpress\/NewFolder\/album.html\">galer\u00eda visual<\/a><\/p>\r\n<p><a href=\"https:\/\/ambel.com.es\/wordpress\/2026\/01\/18\/buscador\/\"><strong>BUSCADOR<\/strong><\/a><\/p>\r\n<p><a href=\"https:\/\/ambel.com.es\/wordpress\/2026\/04\/08\/abril-2026-coloquios-con-el-artista\/\">2026 abril. Coloquios con el artista<\/a><\/p>\r\n<p><a href=\"https:\/\/ambel.com.es\/wordpress\/2026\/03\/26\/marzo-2026-coloquios-con-el-artista\/\">2026 marzo. Coloquios con el artista<\/a><\/p>\r\n<p><a href=\"https:\/\/ambel.com.es\/wordpress\/2026\/02\/09\/2026-febrero-coloquios-con-el-artista\/\">2026 febrero. Coloquios con el artista<\/a><\/p>\r\n<p><a href=\"https:\/\/ambel.com.es\/wordpress\/2026\/02\/03\/dibujo-artistico\/\">2026 febrero. Empezamos de nuevo a aprender a dibujar<\/a><\/p>\r\n<p><a href=\"https:\/\/ambel.com.es\/wordpress\/NewFolder\/titulador%20(1).html\">2026 febrero. No te pierdas el titulador con letras capitulares dibujadas por vosotros<\/a><\/p>\r\n<p><a href=\"https:\/\/ambel.com.es\/wordpress\/2026\/01\/19\/los-caminos-del-hombre\/\">2026 enero. Los caminos del hombre<\/a><\/p>\r\n<p><a href=\"https:\/\/ambel.com.es\/wordpress\/2026\/01\/15\/las-pantallas-pequenas-y-gigantes-para-la-pintura\/\">2026 enero. Las pantallas peque\u00f1as y gigantes para la pintura<\/a><\/p>\r\n<p><a href=\"https:\/\/ambel.com.es\/wordpress\/2026\/01\/09\/2026-enero-human-big-data-diptico-interactivo\/\">2026 enero, D\u00edptico interactivo. Candidatura Bienal Vilanova de la Cervera 2026<\/a><\/p>\r\n<p><a href=\"https:\/\/ambel.com.es\/wordpress\/2026\/01\/07\/2026-enero-murales-interactivos-pintura-interactiva\/\">2026 enero. Murales interactivos, pintura interactiva<\/a><\/p>\r\n<p><a href=\"https:\/\/ambel.com.es\/wordpress\/2026\/01\/08\/2026-enero-los-cutro-invasores-el-continuo-cambio-de-movil-y-sus-ondas\/\">2026 enero, Los cuatro invasores<\/a><\/p>\r\n<p><a href=\"https:\/\/ambel.com.es\/wordpress\/2026\/01\/08\/2026-enero-secuencias-de-memoria-el-desastre-tecnologico-de-los-accidentes-de-trafico\/\">2026 enero, Secuencias de memoria<\/a><\/p>\r\n<p><a href=\"https:\/\/ambel.com.es\/wordpress\/2026\/01\/03\/2026-enero-las-cavernas-de-la-historia-cuadro-interactivo\/\">2026 enero. Las cavernas de la historia, cuadro interactivo<\/a><\/p>\r\n<p><a href=\"https:\/\/ambel.com.es\/wordpress\/2023\/01\/26\/2007-enero-cuadro-interactivo-imagen-dulce-sueno-de-los-mortales\/\">2026 enero. El dulce sue\u00f1o de los mortales<\/a><\/p>\r\n<p><a href=\"https:\/\/ambel.com.es\/wordpress\/2026\/01\/03\/2026-enero-flexisargo-sindrome-de-diogenes-de-la-humanidad\/\">2026 enero. Flexisargo, s\u00edndrome de Di\u00f3gnes de la humanidad<\/a><\/p>\r\n<p><a href=\"https:\/\/ambel.com.es\/wordpress\/2026\/01\/09\/2025-diciembre-monumento-a-a-tradicion-micologica-de-mos\/\">2025 diciembre. Monumento a la tradici\u00f3n micol\u00f3gica de Mos<\/a><\/p>\r\n<p><a href=\"https:\/\/ambel.com.es\/wordpress\/2025\/11\/10\/noviembre-2025-monumento-a-la-libertad-de-expresion-los-nuevos-medios\/\">2025 octubre. Libertad de expresi\u00f3n, los nuevos medios<\/a><\/p>\r\n<p><a href=\"https:\/\/ambel.com.es\/wordpress\/2025\/10\/25\/cuando-el-pixel-era-pintura\/\">2025 octubre, cuando el pixel era pintura<\/a><\/p>\r\n<h4><a href=\"https:\/\/ambel.com.es\/wordpress\/2025\/11\/10\/2025-octubre-instalacion-homenaje-a-llos-40-anos-de-la-fundacion-de-apple-por-steve-jobs-en-el-circulo-de-empresarios-de-galicia-diciembre-2024-octubre-2025\/\"><span style=\"color: #3c3c3c;\"><span style=\"font-family: PT Serif, Times New Roman, Times, serif;\"><span style=\"font-size: large;\">2025 octubre, Instalaci\u00f3n homenaje a los 40 a\u00f1os de la fundaci\u00f3n de Apple por Steve Jobs <\/span><\/span><\/span><\/a><span style=\"color: #3c3c3c;\"><span style=\"font-family: PT Serif, Times New Roman, Times, serif;\"><span style=\"font-size: large;\">en el C\u00edrculo de Empresarios de Galicia diciembre 2024- octubre 2025<\/span><\/span><\/span><\/h4>\r\n<p><a href=\"https:\/\/ambel.com.es\/wordpress\/wp-content\/uploads\/2025\/10\/aplicaciones-graficas-del-ordenador-2.pdf\">2025 septiembre., Aplicaciones gr\u00e1ficas del ordenador 2<\/a><\/p>\r\n<p><a href=\"https:\/\/ambel.com.es\/wordpress\/2025\/12\/25\/mural-sobre-la-recogida-de-la-oliva-en-cortes-de-gois-portugal\/\">2025 septiembre, Mural sobre la recogida de la oliva en Cortes de G\u00f6is Portugal<\/a><\/p>\r\n<p><a href=\"https:\/\/ambel.com.es\/wordpress\/2025\/08\/04\/mural-boa-vida-2025\/\">2025 julio., Mural interactivo de los vegetales y sus cualidades en Galicia, con Boa Vida<\/a><\/p>\r\n<p><a href=\"https:\/\/ambel.com.es\/wordpress\/2025\/06\/05\/el-arte-como-territorio-multidisciplinar\/\">2025 mayo, el arte como territorio multidisciplinar<\/a><\/p>\r\n<p><a href=\"https:\/\/ambel.com.es\/wordpress\/2025\/05\/04\/mayo-2025-ciberseguridad-y-arte\/\">2025 mayo. Ciberseguridad y arte<\/a><\/p>\r\n<p><a href=\"https:\/\/ambel.com.es\/wordpress\/2025\/04\/11\/diviertete-interactuando-con-murales\/\">2025 abril. Divi\u00e9rtete interactuando con murales<\/a><\/p>\r\n<p><a href=\"https:\/\/ambel.com.es\/wordpress\/2025\/04\/04\/abril-2025-presentacion-del-no-libro-sarinakys-en-el-circulo-de-empresarios-de-galicia\/\">2025 abril. Presentaci\u00f3n Sari\u00f1akys en el C\u00edrculo de Empresarios de Galicia<\/a><\/p>\r\n<p><a href=\"https:\/\/ambel.com.es\/wordpress\/2025\/03\/06\/bea-rey-premio-laxeiro-2025\/\">2025 marzo. Bea Rey premio laxeiro<\/a><\/p>\r\n<p><a href=\"https:\/\/ambel.com.es\/wordpress\/2025\/03\/04\/2025-febrero-una-historia-de-lo-digital\/\">2025 febrero. Una historia de lo digital y el grabado<\/a><\/p>\r\n<p><a href=\"https:\/\/ambel.com.es\/wordpress\/2025\/02\/15\/febrero-2025-coloquios-con-el-artista-el-arte-de-la-palabra-leer-poesia\/\">2025 febrero.<\/a><a href=\"https:\/\/ambel.com.es\/wordpress\/2025\/02\/15\/febrero-2025-coloquios-con-el-artista-el-arte-de-la-palabra-leer-poesia\/\"> El arte de la palabra<\/a><\/p>\r\n<p><a href=\"https:\/\/ambel.com.es\/wordpress\/2025\/02\/05\/febrero-2025-cambio-climatico-una-obra-de-luz-para-decorar-la-ciudad\/\">2025 febrero. Cambio clim\u00e1tico una escultura de luz para decorar la ciudad<\/a><\/p>\r\n<p><a href=\"https:\/\/ambel.com.es\/wordpress\/2025\/02\/04\/febrero-2025-un-ejercicio-sobre-el-color-interpreta-el-paisaje-de-toledo-del-greco\/\">2025 febrero. Interpreta el paisaje de Toledo de el GRECO<\/a><\/p>\r\n<p><a href=\"https:\/\/ambel.com.es\/wordpress\/2025\/01\/27\/enero-2025-ambel-diverso-expone-en-el-circulo-de-empresarios-de-galicia\/\">2025 enero. Ambel: diverso, expone en el C\u00edrculo de Empresarios de Galicia<\/a><\/p>\r\n<p><a href=\"https:\/\/ambel.com.es\/wordpress\/2024\/12\/30\/diciembre-2014-el-futuro-de-la-enfermeria\/\">2024 diciembre. El futuro de la enfermer\u00eda<\/a><\/p>\r\n<p><a href=\"https:\/\/ambel.com.es\/wordpress\/2024\/12\/23\/una-nueva-papeleta-para-la-democracia-iv\/\">2024 diciembre. Una nueva papeleta para la democracia IV. Inundaciones en VALENCIA<\/a><\/p>\r\n<p><a href=\"https:\/\/ambel.com.es\/wordpress\/2024\/11\/22\/octubre-2024-atlas-de-celulas-humanas-hacia-todos-los-datos-de-cuerpo-humano\/\">2024 noviembre. Atlas de las c\u00e9lulas humanas y \u00abhuman big data\u00bb<\/a><\/p>\r\n<pre><a href=\"https:\/\/ambel.com.es\/wordpress\/2024\/11\/20\/apple-macintosh-40o-aniversario\/\"><strong><span style=\"color: #0a257c;\"><span style=\"font-family: Roboto, Arial, sans-serif;\"><span style=\"font-size: large;\"><b>2024 noviembre. Apple Macintosh 40\u00ba ANIVERSARIO, 40 de creatividad, y mas<\/b><\/span><\/span><\/span><\/strong><\/a><\/pre>\r\n<p><a href=\"https:\/\/ambel.com.es\/wordpress\/wp-content\/uploads\/2023\/01\/a-fonte-das-imaxes-para-pdf.pdf\">f2024 octubre. Fonte das imaxes para pdf<\/a><\/p>\r\n<p><a href=\"https:\/\/ambel.com.es\/wordpress\/2024\/10\/01\/animaciones-abstractas\/\">2024 septiembre. Animaciones abstractas<\/a><\/p>\r\n<p><a href=\"https:\/\/ambel.com.es\/wordpress\/2024\/09\/11\/septiembre-2024-trama-cuadricula-rejilla-estructura-regular-patrones-textura-o-red-geometrica\/\">2024 septiembre. Ret\u00edculas, tramas, redes, m\u00f3dulos, texturas geom\u00e9tricas, rejillas&#8230;.<\/a><\/p>\r\n<p><a href=\"https:\/\/www.youtube.com\/watch?v=iC2KVwe-0ZM\">2024 julio. Folioscopio de<\/a><a style=\"background-color: var(--global--color-background); font-family: var(--global--font-secondary); font-size: var(--global--font-size-base);\" href=\"https:\/\/www.youtube.com\/watch?v=iC2KVwe-0ZM\"> la libertad, Gois-Oroso Arte 2024<\/a><\/p>\r\n<p><a href=\"https:\/\/www.youtube.com\/watch?v=MT3_EVStHlE\">2024 mayo. Dibuja la boca con la forma de la pronunciaci\u00f3n de tu nombre<\/a><\/p>\r\n<p><a href=\"https:\/\/www.youtube.com\/watch?v=7js2_HPxokc\">2024 abril. Animaci\u00f3n de detalles concretos<\/a><\/p>\r\n<p><a href=\"https:\/\/ambel.com.es\/wordpress\/2024\/04\/17\/2024-marzo-concierto-pictorico-en-la-casa-de-galicia-en-madrid-carlos-rosaleny-a-la-guitarra\/\">2024 marzo, Concierto pict\u00f3rico en la Casa de Galicia en Madrid<\/a><\/p>\r\n<p><a href=\"https:\/\/ambel.com.es\/wordpress\/2024\/11\/26\/competencia-digital\/\">2024 febrero, Competencia digital<\/a><\/p>\r\n<p><a href=\"https:\/\/ambel.com.es\/wordpress\/wp-content\/uploads\/2024\/04\/listado-animaciones-que-estan-en-youtube-2023.pdf\">2023 trabajos pr\u00e1cticos, dibujo, pl\u00e1stica etc. para ESO y Bachillerato.<\/a><\/p>\r\n<p><a href=\"https:\/\/ambel.com.es\/wordpress\/2026\/02\/03\/dibujo-artistico\/\">aprende a dibujar.<\/a><\/p>\r\n<p><a href=\"https:\/\/ambel.com.es\/wordpress\/wp-content\/uploads\/2023\/01\/relacion-de-videos.html\">selecci\u00f3n interactiva de trabajos,<\/a><\/p>\r\n\r\n\r\n<hr class=\"wp-block-separator has-alpha-channel-opacity\" \/>\r\n\r\n\r\n<p class=\"wp-block-paragraph\"><a href=\"https:\/\/ambel.com.es\/wordpress\/2023\/10\/15\/junio-2023-innovacion-en-imagen-en-tratamientos-dentales-dr-bertone\/\">2023 mayo, la imagen en el futuro de la odontolog\u00eda,<\/a><\/p>\r\n\r\n\r\n\r\n<p class=\"wp-block-paragraph\">2023 mayo, <a href=\"https:\/\/ambel.com.es\/wordpress\/2023\/05\/07\/fantastica-leccion-de-vinos-leive-ecoadega\/\">Una lecci\u00f3n de vinos,<\/a><\/p>\r\n\r\n\r\n\r\n<p class=\"wp-block-heading\"><a href=\"https:\/\/ambel.com.es\/wordpress\/2023\/05\/04\/el-contenido-y-el-contenedor-escultura-y-arquitectura\/\">2023, mayo, el contenido y el contenedor. Escultura y arquitectura. Portela,<\/a><\/p>\r\n<p>\r\n\r\n<\/p>\r\n<p class=\"wp-block-heading\"><a href=\"https:\/\/ambel.com.es\/wordpress\/2023\/04\/26\/mi-tdah-y-yo\/\">2023 abril, \u00abMki TDAH y yo\u00bb Coloquios con el artista: Ra\u00fal Davila, \u00abequilibrio y resilencia para avanzar\u00bb CUESTIONARTE \u2013 HOTEL VIGO PLAZA,<\/a><\/p>\r\n<p>\r\n\r\n<\/p>\r\n<p class=\"wp-block-heading\"><a href=\"https:\/\/ambel.com.es\/wordpress\/2023\/04\/13\/2023-abril-flores-y-macetas-de-moana\/\">2023 abril, Flores y macetas de Moa\u00f1a,<\/a><\/p>\r\n<p>\r\n\r\n<\/p>\r\n<p class=\"wp-block-heading\"><a href=\"https:\/\/ambel.com.es\/wordpress\/2023\/04\/04\/2023-abril-pintura-cuantica\/\">2023 abril, Pintura cu\u00e1ntica,<\/a><\/p>\r\n<p>\r\n\r\n<\/p>\r\n<p class=\"wp-block-heading\"><a href=\"https:\/\/ambel.com.es\/wordpress\/2023\/04\/03\/abril-2023-celula-madre\/\">Abril 2023. C\u00e9lula madre,<\/a><\/p>\r\n<p>\r\n\r\n<\/p>\r\n<p class=\"wp-block-heading\"><a href=\"https:\/\/ambel.com.es\/wordpress\/2023\/03\/30\/cuestionarte-hotel-vigo-plaza\/\">2023 marzo. CUESTIONARTE. hotel Vigo Plaza,<\/a><\/p>\r\n<h4 class=\"wp-block-heading\">\r\n\r\n<\/h4>\r\n<p class=\"wp-block-heading\"><a href=\"https:\/\/ambel.com.es\/wordpress\/2023\/03\/24\/2023-marzo-50-ano-de-creatividad-resumen-de-ensenanzas-artisticas\/\">2023 marzo. 50 a\u00f1os de creatividad, resumen de ense\u00f1anzas art\u00edsticas,<\/a><\/p>\r\n<p>\r\n\r\n<\/p>\r\n<p class=\"wp-block-heading\"><a href=\"https:\/\/ambel.com.es\/wordpress\/2023\/03\/17\/vino-arte-y-corazon\/\">2023 abril \u00abVino, arte y coraz\u00f3n\u00bb,<\/a><\/p>\r\n<p>\r\n\r\n<\/p>\r\n<p class=\"wp-block-heading\"><a href=\"https:\/\/ambel.com.es\/wordpress\/2023\/03\/19\/marzo-2023\/\">2023 marzo, dise\u00f1o de macetas,<\/a><\/p>\r\n<p>\r\n\r\n<\/p>\r\n<p class=\"wp-block-paragraph\"><a href=\"https:\/\/ambel.com.es\/wordpress\/2023\/03\/16\/2023-marzo-figura-nitida-fondo-difuso\/\">2023 marzo. figura n\u00edtida, fondo difuso,<\/a><\/p>\r\n<h4>\r\n\r\n<\/h4>\r\n<p class=\"wp-block-paragraph\"><a href=\"https:\/\/www.youtube.com\/watch?v=mWCy3WNfRhM\">2023 marzo .I CONGRESO INTERNACIONAL DE EDUCACI\u00d3N TUI-VALENCA.<\/a><\/p>\r\n<p>\r\n\r\n\r\n\r\n<\/p>\r\n<p class=\"wp-block-paragraph\"><a href=\"https:\/\/ambel.com.es\/wordpress\/2023\/03\/05\/2023-marzo-museo-de-arte-contemporaneo-de-moana2-macmo\/\">2023 febero. Museo Arte Contempor\u00e1neo Moa\u00f1a. MACMo,<\/a><\/p>\r\n<p>\r\n\r\n<\/p>\r\n<p class=\"wp-block-paragraph\"><a href=\"https:\/\/www.youtube.com\/watch?v=OgnKRxtWj5Y\">2023 febrero. Diedr\u00f3grafo,<\/a><\/p>\r\n<p><a href=\"https:\/\/ambel.com.es\/wordpress\/wp-content\/uploads\/2023\/01\/diedrografo6.html\">representacion digital del disedr\u00f3grafo,<\/a><\/p>\r\n<p><a href=\"https:\/\/ambel.com.es\/wordpress\/2024\/12\/01\/la-bauhause-dr-bertone\/\">2023 febrero. Coloquios con e artista. La bauhause,<\/a><\/p>\r\n<h4>\r\n\r\n<\/h4>\r\n<p class=\"wp-block-paragraph\"><a href=\"https:\/\/ambel.com.es\/wordpress\/2023\/03\/08\/2023-febrero-museo-nueva-bauhaus-moana\/\">2023 febrero. Exposici\u00f3n Nueva Bauhaus. MACMo. IES As Barxas,<\/a><\/p>\r\n<p>\r\n\r\n<\/p>\r\n<p class=\"wp-block-heading\"><a href=\"https:\/\/ambel.com.es\/wordpress\/2023\/02\/21\/febrero-2023-gestion-de-las-dificultades-coloquios-con-el-artista-jose-ramon-santamaria\/\">2023 febrero. Gesti\u00f3n de las dificultades. Coloquios con el artista. Jos\u00e9 Ram\u00f3n Santamar\u00eda,<\/a><\/p>\r\n<h4 class=\"wp-block-heading\">\r\n\r\n<\/h4>\r\n<p class=\"wp-block-paragraph\">2023 <a href=\"https:\/\/ambel.com.es\/wordpress\/2023\/02\/13\/matices-por-san-valentin\/\">febrero. Matices por San Valent\u00edn,<\/a><\/p>\r\n<p>\r\n\r\n<\/p>\r\n<p>\r\n\r\n<\/p>\r\n<p class=\"wp-block-paragraph\"><a href=\"https:\/\/ambel.com.es\/wordpress\/2023\/02\/12\/texturas-y-collage\/\">2023 enero. Texturas y collage,<\/a><\/p>\r\n<p>\r\n\r\n<\/p>\r\n<p class=\"wp-block-paragraph\"><a href=\"https:\/\/ambel.com.es\/wordpress\/2023\/01\/24\/2023-enero-coloquios-con-el-artista-auditorio-de-nigran\/\">2023 enero, Coloquios con el artista, Auditorio de Nigr\u00e1n,<\/a><\/p>\r\n<p>\r\n\r\n<\/p>\r\n<p class=\"wp-block-paragraph\"><a href=\"https:\/\/ambel.com.es\/wordpress\/2023\/02\/07\/2023-febrero-coloquio-con-el-artista-auditorio-de-nigran-marian-priego-como-usar-la-voz-como-instrumento-de-trabajo\/\">2023 febrero. Coloquio con el artista. Auditorio de Nigr\u00e1n. Marian Priego: como usar la voz como instrumento de trabajo,<\/a><\/p>\r\n<h4>\r\n\r\n<\/h4>\r\n<p class=\"wp-block-paragraph\"><a href=\"https:\/\/ambel.com.es\/wordpress\/2022\/11\/02\/aprende-a-dibujar-con-circunferencias-hechas-a-mano\/\">2023 enero, Aprende a dibujar con circunferencias hechas a mano,<\/a><\/p>\r\n<p>\r\n\r\n<\/p>\r\n<p class=\"wp-block-heading\"><a href=\"https:\/\/ambel.com.es\/wordpress\/2023\/02\/21\/2023-enero-sarinakys\/\">2023 enero, Sari\u00f1aky,<\/a><\/p>\r\n<h4 class=\"wp-block-heading\">\r\n\r\n<\/h4>\r\n<p class=\"wp-block-heading\">2022\u00a0<a href=\"https:\/\/ambel.com.es\/wordpress\/2022\/12\/19\/noviembre-2022-nuevas-formas-de-exponer\/\">Noviembre. Nuevas formas de exponer<\/a><\/p>\r\n\r\n\r\n\r\n<p class=\"wp-block-paragraph\"><a href=\"https:\/\/youtu.be\/WNRtU8x8CcQ\">2022 agosto. Homenaje a los hombres y mujeres de la mar<\/a><\/p>\r\n\r\n\r\n\r\n<p class=\"wp-block-paragraph\"><a href=\"https:\/\/youtu.be\/9Po_9qKMuzM\">2022 julio. Bienal Internsacional de Ponte de Lima<\/a><\/p>\r\n\r\n\r\n\r\n<p class=\"wp-block-paragraph\"><a href=\"http:\/\/ambel.com.es\/wordpress\/2022\/07\/04\/diseno-en-piedra-artificial-de-un-escudo\/\">2022 julio. Dise\u00f1o escudo en piedra artificial<\/a><\/p>\r\n\r\n\r\n\r\n<p class=\"wp-block-paragraph\"><a href=\"http:\/\/ambel.com.es\/wordpress\/2022\/06\/19\/aprende-a-dibujar-fijandote-en-el-pelo\/\">2022 junio. Aprende a dibujar fij\u00e1ndote en el pelo<\/a><\/p>\r\n\r\n\r\n\r\n<p class=\"wp-block-paragraph\"><a href=\"http:\/\/ambel.com.es\/wordpress\/2022\/05\/25\/pulpo-malignasao-3\/\">2022 mayo. Pulpo malignasao<\/a><\/p>\r\n\r\n\r\n\r\n<p class=\"wp-block-paragraph\"><a href=\"http:\/\/ambel.com.es\/wordpress\/2022\/05\/14\/tutorial-estampacion\/\">2022 mayo. Tutorial estampaci\u00f3n<\/a><\/p>\r\n\r\n\r\n\r\n<p class=\"wp-block-paragraph\"><a href=\"http:\/\/ambel.com.es\/wordpress\/2022\/05\/14\/ordenar-muchos-videos-por-temas\/\">2022 mayo. Ordenar muchos videos por temas<\/a><\/p>\r\n\r\n\r\n\r\n<p class=\"wp-block-paragraph\"><a href=\"http:\/\/ambel.com.es\/wordpress\/2022\/05\/07\/prevenir-es-cuidar-homenaje-a-los-bomberos-de-portugal-y-val-minor\/\">2022 mayo. Prevenir es cuidar, homenaje lo bomberos del Val Mi\u00f1or<\/a><\/p>\r\n\r\n\r\n\r\n<p class=\"wp-block-paragraph\"><a href=\"http:\/\/ambel.com.es\/wordpress\/2022\/05\/04\/diseno-de-fachadas-de-casas\/\">2022 mayo. Dise\u00f1o de fachadas de casas<\/a><\/p>\r\n\r\n\r\n\r\n<p class=\"wp-block-paragraph\"><a href=\"http:\/\/ambel.com.es\/wordpress\/2022\/05\/01\/aliens-terraplanistas\/\">2022 mayo. Aliens terraplanistas<\/a><\/p>\r\n\r\n\r\n\r\n<p class=\"wp-block-paragraph\"><a href=\"http:\/\/ambel.com.es\/wordpress\/2022\/04\/19\/una-nueva-materia-llamada-covid\/\">2022 abril. Una nueva materia llamada covid<\/a><\/p>\r\n\r\n\r\n\r\n<p class=\"wp-block-paragraph\"><a href=\"https:\/\/ambel.com.es\/wordpress\/2022\/02\/07\/de-la-abstraccion-a-la-fantasia\/\">2022 enero de la abstracci\u00f3n a la fantas\u00eda<\/a><\/p>\r\n\r\n\r\n\r\n\r\n\r\n<p class=\"wp-block-paragraph\"><a href=\"https:\/\/www.google.com\/url?q=https:\/\/www.youtube.com\/watch?v%3DeSGVbuY1WIs&amp;sa=D&amp;source=editors&amp;ust=1630873069085000&amp;usg=AOvVaw1rq2S_0D4pYQx_4-QFemuh\">2021 julio. Exposici\u00f3n internacional colectiva \u201cGois Oroso Arte\u201d, con la obra \u201cMasclet\u00e0 Virtual\u201d<\/a><\/p>\r\n\r\n\r\n\r\n<p class=\"wp-block-paragraph\"><a href=\"https:\/\/www.youtube.com\/watch?v=OsGol4oVl1c\">2021 octubre. Mural interactivo del pabell\u00f3n de Moa\u00f1a \u00a0(Pontevedra) \u201cLuar das cores\u201d IES As Barxas<\/a><\/p>\r\n\r\n\r\n\r\n<p class=\"wp-block-paragraph\"><a href=\"https:\/\/ambel.com.es\/wordpress\/2023\/01\/27\/2021-mural-interactivo-el-libro-del-dia-y-la-noche-ies-as-barxas-moana\/\">2021 septiembre. Mural interactivo \u201cEl libro del d\u00eda y la noche\u201d IES as Barxas Moa\u00f1a<\/a><\/p>\r\n\r\n\r\n\r\n<p class=\"wp-block-paragraph\"><a href=\"https:\/\/www.youtube.com\/watch?v=eZ6r_XjagHc\">2021 septiembre. Primer mural interactivo de Pontevedra , asociaci\u00f3n Boa Vida en Pontevedra<\/a><\/p>\r\n\r\n\r\n\r\n<p class=\"wp-block-paragraph\"><a href=\"https:\/\/ambel.com.es\/wordpress\/2023\/01\/27\/2020-agosto-a-sombra-da-noitina-ateneo-de-combarro-pontevedra\/\">2020 agosto. A sombra da noiti\u00f1a, Ateneo de Combarro (Pontevedra)<\/a><\/p>\r\n\r\n\r\n\r\n<p class=\"wp-block-paragraph\"><a href=\"https:\/\/www.google.com\/url?q=https:\/\/www.youtube.com\/watch?v%3DQ2Kw8WGW6pA&amp;sa=D&amp;source=editors&amp;ust=1630873069088000&amp;usg=AOvVaw01I8GIN38dUc7b7ClIgTAK\">2020 julio. El primer Mural interactivo de Portugal en la Casa de la Cultura de Gois<\/a>\u00a0<\/p>\r\n\r\n\r\n\r\n<p class=\"wp-block-paragraph\"><a href=\"https:\/\/ambel.com.es\/wordpress\/2023\/01\/27\/2020-julio-exposicion-internacional-de-arte-gois-portugal-participacion-con-la-obra-pasacalles-sin-calles\/\">2020 julio. Exposici\u00f3n internacional de Arte G\u00f3is Portugal. Participaci\u00f3n con la obra \u201cPasacalles sin calles\u201d\u00a0<\/a><\/p>\r\n\r\n\r\n\r\n<p class=\"wp-block-paragraph\"><a href=\"https:\/\/ambel.com.es\/wordpress\/2023\/01\/27\/2020-julio-rotulo-de-la-casa-del-artista-en-gois-portugal\/\">2020 julio. R\u00f3tulo de la casa del artista en Go\u00eds (Portugal)\u00a0<\/a><\/p>\r\n\r\n\r\n\r\n<p class=\"wp-block-paragraph\"><a href=\"https:\/\/ambel.com.es\/wordpress\/2023\/01\/15\/human-big-data\/\">2020 mayo.\u201cHuman Big Data\u201d una aportaci\u00f3n para el futuro inmediato de la sanidad<\/a><\/p>\r\n<p>2020 abril. Ejemplos interactivos de fundamentos del Arte, descarga a continuaci\u00f3n<\/p>\r\n\r\n\r\n\r\n<p class=\"wp-block-paragraph\"><em><a href=\"https:\/\/ambel.com.es\/wordpress\/wp-content\/uploads\/2024\/12\/ejemplos-fundamentos-del-arte-parte-1-para-web.zip\">\u00a0 \u00a0 \u00a0 \u00a0 \u00a0 ejemplos fundamentos del arte parte 1<\/a><\/em><\/p>\r\n\r\n\r\n\r\n<p class=\"wp-block-paragraph\">2020 abril. Ejemplos interactivos de fundamentos del Arte 2. descarga a continuaci\u00f3n<\/p>\r\n<p><em><a href=\"https:\/\/ambel.com.es\/wordpress\/wp-content\/uploads\/2023\/01\/ejemplos-fundamentos-del-arte-parte-2-para-web.zip\">&#8212;&#8212;&#8212;ejemplos fundamentos del arte parte 2 <\/a><\/em><\/p>\r\n\r\n\r\n\r\n<p class=\"wp-block-paragraph\"><a href=\"https:\/\/ambel.com.es\/wordpress\/NewFolder\/titulador (1).html\">Titulador de letras, generador de t\u00edtulos<\/a><\/p>\r\n\r\n\r\n\r\n<p class=\"wp-block-paragraph\">Espejo de <a href=\"https:\/\/ambel.com.es\/wordpress\/wp-content\/uploads\/2023\/01\/Leonardo-escritura-invertida.html\">Leonardo<\/a><\/p>\r\n<p><a href=\"https:\/\/ambel.com.es\/wordpress\/wp-content\/uploads\/2023\/01\/Leonardo-escritura-invertida.html\"> escritura invertida<\/a><\/p>\r\n\r\n\r\n\r\n<p class=\"wp-block-paragraph\"><a href=\"https:\/\/ambel.com.es\/wordpress\/2026\/01\/15\/dibujadores\/\">2020 marzo. Los dibujadores\u00a0<\/a><\/p>\r\n<p><a href=\"https:\/\/ambel.com.es\/wordpress\/wp-content\/uploads\/2026\/01\/composicion-cubos-isometricos.html\">cubos en isom\u00e9trica<\/a>, crea cubos y col\u00f3calos en un espacio isom\u00e9trico<\/p>\r\n<p>placas en isom\u00e9trica<a href=\"https:\/\/ambel.com.es\/wordpress\/wp-content\/uploads\/2023\/01\/creador-de-placas.html.html\">s: idea composiones con este elemto\u00a0 creador de placas.html<\/a><\/p>\r\n<p>barras en isom\u00e9trica comp\u00f3n con barras una estructura <a href=\"https:\/\/ambel.com.es\/wordpress\/wp-content\/uploads\/2023\/01\/creador-de-barras.html\">creador de barras<\/a><\/p>\r\n<p>combinaci\u00f3n de cubos placas y barras <a href=\"https:\/\/ambel.com.es\/wordpress\/wp-content\/uploads\/2023\/01\/creador-cubos-palcas-y-barras.html\">creador cubos palcas y barras<\/a><\/p>\r\n\r\n\r\n\r\n<p class=\"wp-block-paragraph\"><a href=\"https:\/\/ambel.com.es\/wordpress\/2024\/11\/26\/ambel-youtube\/\">Ambel youtube. &#8212;&#8212;&#8212;<\/a><a href=\"https:\/\/ambel.com.es\/wordpress\/wp-content\/uploads\/2023\/01\/todos-los-videos.html\">todos los videos<\/a><\/p>\r\n\r\n\r\n\r\n\r\n\r\n<p class=\"wp-block-paragraph\"><a href=\"https:\/\/www.google.com\/url?q=https:\/\/www.youtube.com\/watch?v%3DKHhQLq9c4lE&amp;sa=D&amp;source=editors&amp;ust=1630873069094000&amp;usg=AOvVaw2Lmcmfq0qJ2BbtSsEKpsUP\">Propuesta trabajo fundamentos del arte: pergaminos inventados.<\/a>\u00a0Creatividad1234<\/p>\r\n\r\n\r\n\r\n<p class=\"wp-block-paragraph\"><a href=\"https:\/\/www.google.com\/url?q=https:\/\/www.youtube.com\/watch?v%3DpMfffrtnsGg&amp;sa=D&amp;source=editors&amp;ust=1630873069094000&amp;usg=AOvVaw2BM1a76_CJgBGIjjPEiFm8\">Propuesta trabajo fundamentos del arte, letras capitulares.<\/a>\u00a0Creatividad1234<\/p>\r\n\r\n\r\n\r\n<p class=\"wp-block-paragraph\"><a href=\"https:\/\/www.google.com\/url?q=https:\/\/www.youtube.com\/watch?v%3DrcmUtzji4Ts&amp;sa=D&amp;source=editors&amp;ust=1630873069095000&amp;usg=AOvVaw18DLTxF-KcospRwL9d4wrk\">Propuesta F.A, Una obra de arte dentro de otra obra de arte.<\/a>\u00a0Creatividad1234<\/p>\r\n\r\n\r\n\r\n<p class=\"wp-block-paragraph\"><a href=\"https:\/\/ambel.com.es\/wordpress\/2023\/01\/27\/2019-junio-art-in-lima\/\">2019 junio. Art in Lima.\u00a0<\/a><\/p>\r\n\r\n\r\n\r\n\r\n\r\n<p class=\"wp-block-paragraph\"><a href=\"https:\/\/www.youtube.com\/watch?v=3IGsSMBZsjE\">2019 mayo. Obra interactiva \u201cEl futuro de la educaci\u00f3n\u201d\u00a0<\/a><\/p>\r\n\r\n\r\n\r\n<p class=\"wp-block-paragraph\"><a href=\"https:\/\/ambel.com.es\/wordpress\/2023\/01\/27\/2018-abril-vigo-cidade-arte\/\">2018 julio. Exposici\u00f3n colectiva Acua calidae, Cuntis \u201cRios de Galicia\u201d<\/a><\/p>\r\n\r\n\r\n\r\n<p class=\"wp-block-paragraph\"><a href=\"https:\/\/ambel.com.es\/wordpress\/2023\/01\/27\/2018-junio-mostrarte\/\">2018 junio. MOSTRARTE. Diez a\u00f1os de exposiciones en el Concello de Vigo<\/a><\/p>\r\n\r\n\r\n\r\n<p class=\"wp-block-paragraph\"><a href=\"https:\/\/ambel.com.es\/wordpress\/2023\/01\/27\/2015-octubre-curarte-esposicion-hospital-de-fatima\/\">2015 octubre , CURARTE, esxosici\u00f3n Hospital de F\u00e1tima<\/a><\/p>\r\n\r\n\r\n\r\n<p class=\"wp-block-paragraph\"><a href=\"https:\/\/www.youtube.com\/watch?v=38B2qBOGuDU\">2018 mayo. Mural exterior del Polit\u00e9cnico de Vigo.\u00a0<\/a><\/p>\r\n\r\n\r\n\r\n<p class=\"wp-block-paragraph\"><a href=\"https:\/\/ambel.com.es\/wordpress\/2023\/02\/08\/2018-mayo-exposicion-colectiva-a-beneficio-de-tierra-de-hombres-un-viaxe-solidaria-e-creativa-a-vida\/\">2018 mayo . Exposici\u00f3n colectiva \u00a0a beneficio de \u201ctierra de hombres\u201d, un viaxe solidaria e creativa \u00e1 vida<\/a><\/p>\r\n\r\n\r\n\r\n<p class=\"wp-block-paragraph\"><a href=\"https:\/\/www.google.com\/url?q=https:\/\/www.youtube.com\/watch?v%3DWTdnq-Qgqwc&amp;sa=D&amp;source=editors&amp;ust=1630873069103000&amp;usg=AOvVaw1_VwguR0xDKGAgidBlomvq\">2018 abril. \u201cLos caminos del hombre\u201d obra interactiva<\/a><\/p>\r\n\r\n\r\n\r\n<p class=\"wp-block-paragraph\"><a href=\"https:\/\/www.google.com\/url?q=https:\/\/www.youtube.com\/watch?v%3DqKP0o3Etxzc&amp;sa=D&amp;source=editors&amp;ust=1630873069103000&amp;usg=AOvVaw3Gszro6GWCWfS2Ls5WDoRp\">20018 abril. El sill\u00f3n Macintosh.<\/a><\/p>\r\n\r\n\r\n\r\n<p class=\"wp-block-paragraph\"><a href=\"https:\/\/ambel.com.es\/wordpress\/2023\/01\/27\/2018-abril-vigo-cidade-arte\/\">2018 abril. Vigo Cidade Arte<\/a><\/p>\r\n\r\n\r\n\r\n<p class=\"wp-block-paragraph\">2018 abril. <a href=\"https:\/\/www.google.com\/url?q=https:\/\/www.youtube.com\/watch?v%3DOuAL-SUKjtM&amp;sa=D&amp;source=editors&amp;ust=1630873069105000&amp;usg=AOvVaw0bejVAoiorc_TCbiVaWwgS\">Actuaci\u00f3n en la Bienal de Vilanova de la Cerveira \u201carte y movimiento\u201d<\/a><\/p>\r\n\r\n\r\n\r\n<p class=\"wp-block-paragraph\"><a href=\"https:\/\/www.google.com\/url?q=https:\/\/www.youtube.com\/watch?v%3DSgoJ4UvS24c&amp;sa=D&amp;source=editors&amp;ust=1630873069105000&amp;usg=AOvVaw1caciLKnC7BXDCW2-H5NyV\">2018 marzo. \u201cLas cavernas de la historia\u201d<\/a><\/p>\r\n\r\n\r\n\r\n<p class=\"wp-block-paragraph\"><a href=\"https:\/\/www.google.com\/url?q=https:\/\/www.youtube.com\/watch?v%3D7eb1Gj_4mBk&amp;sa=D&amp;source=editors&amp;ust=1630873069105000&amp;usg=AOvVaw1hDSkAknRTWGjEksi68Shg\">2018 enero. Coloquios con el artista. Mingos Teixeira<\/a><\/p>\r\n\r\n\r\n\r\n<p class=\"wp-block-paragraph\"><a href=\"https:\/\/ambel.com.es\/wordpress\/2023\/01\/27\/2018-abril-vigo-cidade-arte\/\">2017 junio-julio. Exposici\u00f3n en la Alcald\u00eda de Vigo, Vigo la Ciudad Arte \u201cVigo a cidade arte\u201d<\/a><\/p>\r\n\r\n\r\n\r\n<p class=\"wp-block-paragraph\"><a href=\"https:\/\/ambel.com.es\/wordpress\/2023\/02\/08\/2017-junio-coloquio-con-el-artista-presentacion-en-el-concello-de-vigo-con-la-participacion-de-jose-mejuto-y-marian-priego\/\">2017 junio. Coloquios con el artista. Presentaci\u00f3n en el Concello de Vigo, con la participaci\u00f3n de Jos\u00e9\u00a0 Mejuto y Marian Priego\u00a0<\/a><\/p>\r\n\r\n\r\n\r\n<p class=\"wp-block-paragraph\"><a href=\"https:\/\/ambel.com.es\/wordpress\/2023\/01\/27\/2015-octubre-curarte-esposicion-hospital-de-fatima\/\">2017 febrero. Exposici\u00f3n de pintura Cur-Arte en el hospital Vithas de F\u00e1tima (Vigo)<\/a><\/p>\r\n\r\n\r\n\r\n<p class=\"wp-block-paragraph\"><a href=\"https:\/\/ambel.com.es\/wordpress\/2023\/01\/19\/2014-comic-creatividad-y-nuevas-tecnologias\/\">2016 abril. Creatividad y nuevas tecnolog\u00edas. Proyecta, Proxecta<\/a><\/p>\r\n\r\n\r\n\r\n<p class=\"wp-block-paragraph\"><a href=\"https:\/\/www.google.com\/url?q=https:\/\/www.youtube.com\/watch?v%3D91nc96HY_Ww&amp;sa=D&amp;source=editors&amp;ust=1630873069119000&amp;usg=AOvVaw1RyNhvmzQ-ZmXyaQMr1Jnc\">2015 septiembre. Proyecto para la creaci\u00f3n de un manual digital compatible con papel sobre fundamentos del arte, materia de bachillerato art\u00edstico de 1\u00ba<\/a><\/p>\r\n\r\n\r\n\r\n<p class=\"wp-block-paragraph\"><a href=\"https:\/\/ambel.com.es\/wordpress\/2023\/01\/15\/cuestionarte-2\/\">2015 julio \u201cCuestionarte\u201d, reflexi\u00f3n al l\u00edmite de la est\u00e9tica, pdf<\/a><\/p>\r\n\r\n\r\n\r\n<p class=\"wp-block-paragraph\"><a href=\"https:\/\/www.google.com\/url?q=https:\/\/www.youtube.com\/watch?v%3DCc_GdeWBAtg&amp;sa=D&amp;source=editors&amp;ust=1630873069120000&amp;usg=AOvVaw2C2ijdO2miWi6tJhwMPrbO\">2015 noviembre \u201cVigo.de vista\u201d, exposici\u00f3n de pintura en el C\u00edrculo de Empresarios de Galicia<\/a><\/p>\r\n\r\n\r\n\r\n<p class=\"wp-block-paragraph\">2015 noviembre.\u00a0<a href=\"https:\/\/www.google.com\/url?q=https:\/\/www.youtube.com\/watch?v%3DVnU5PGRGvDA&amp;sa=D&amp;source=editors&amp;ust=1630873069121000&amp;usg=AOvVaw3xhr-9bWl_eacw_2WD32LV\">Entrevista con Raquel S\u00e1nchez\u00a0 Onda Cero<\/a><\/p>\r\n\r\n\r\n\r\n<p class=\"wp-block-paragraph\"><a href=\"https:\/\/ambel.com.es\/wordpress\/2023\/01\/15\/ambel-45-anos-de-creatividad\/\">2013 julio. Ambel, 45 a\u00f1os de creatividad. Obras realizadas entre 1968 y 2013. pdf<\/a><\/p>\r\n\r\n\r\n\r\n<p class=\"wp-block-paragraph\"><a href=\"https:\/\/ambel.com.es\/wordpress\/2023\/01\/27\/2014-noviembre-exposicion-el-colorido-de-vigo-a-portugal-entre-veleros-en-el-real-club-nautico-de-vigo\/\">2014 noviembre. Exposici\u00f3n \u201cEl colorido de Vigo a Portugal entre veleros\u201d en el Real Club N\u00e1utico de Vigo<\/a><\/p>\r\n\r\n\r\n\r\n<p class=\"wp-block-paragraph\"><a href=\"https:\/\/ambel.com.es\/wordpress\/2023\/01\/15\/cartel-exposicion-bbva\/\">2014 junio. Exposici\u00f3n en la sala del BBVA de Vigo. \u201cVigo e passos Portugal\u201d, 5 al 30<\/a><\/p>\r\n\r\n\r\n\r\n<p class=\"wp-block-paragraph\"><a href=\"https:\/\/ambel.com.es\/wordpress\/2023\/01\/19\/nociones-de-diseno-grafico-en-secundaria\/\">2014 enero. Nociones de dise\u00f1o gr\u00e1fico para secundaria. Creatividad1234<\/a><\/p>\r\n\r\n\r\n\r\n<p class=\"wp-block-paragraph\"><a href=\"https:\/\/ambel.com.es\/wordpress\/2023\/01\/19\/2011-actividades-prensa-escuela\/\">2013 diciembre. Actividades con el peri\u00f3dico. Creatividad1234<\/a><\/p>\r\n\r\n\r\n\r\n<p class=\"wp-block-paragraph\"><a href=\"https:\/\/ambel.com.es\/wordpress\/2023\/01\/19\/prensa-escuela-mas-actividades\/\">2013 diciembre. Actividades con prensa escuela<\/a><\/p>\r\n\r\n\r\n\r\n<p class=\"wp-block-paragraph\"><a href=\"https:\/\/www.google.com\/url?q=https:\/\/www.youtube.com\/watch?v%3DzcXdf8PjDlk&amp;sa=D&amp;source=editors&amp;ust=1630873069125000&amp;usg=AOvVaw3oihm8w--Oe4dIgiR2oYhE\">2013 noviembre. 10 a\u00f1os despu\u00e9s: \u201ctar spirit\u201d<\/a><\/p>\r\n\r\n\r\n\r\n<p class=\"wp-block-paragraph\"><a href=\"https:\/\/ambel.com.es\/wordpress\/2023\/01\/15\/catalogo-cep\/\">2013 octubre. El colorido empresarial de Vigo<\/a><\/p>\r\n\r\n\r\n\r\n<p class=\"wp-block-paragraph\"><a href=\"https:\/\/www.google.com\/url?q=http:\/\/www.youtube.com\/watch?v%3DOEcO8NL5V8s&amp;sa=D&amp;source=editors&amp;ust=1630873069126000&amp;usg=AOvVaw0ULv8XWQIdHXyzypEcxXM_\">2013 agosto. Diez a\u00f1os de la Mirada de Uskar<\/a><\/p>\r\n\r\n\r\n\r\n<p class=\"wp-block-paragraph\"><a href=\"https:\/\/www.google.com\/url?q=https:\/\/www.youtube.com\/watch?v%3DkiuQ-Ab50ws&amp;sa=D&amp;source=editors&amp;ust=1630873069126000&amp;usg=AOvVaw35-4TT_zIavpKDVDneS3fs\">2013 Junio .\u201cDe Vigo a Moa\u00f1a, paisaje, arte y gastronom\u00eda<\/a>\u201d<\/p>\r\n\r\n\r\n\r\n<p class=\"wp-block-paragraph\"><a href=\"https:\/\/ambel.com.es\/wordpress\/2024\/11\/17\/vigo-desde-cangas\/\">2013 enero .\u201cVigo desde Cangas\u201d pintura sobre soporte reciclado.<\/a><\/p>\r\n\r\n\r\n\r\n<p class=\"wp-block-paragraph\"><a href=\"https:\/\/www.youtube.com\/watch?v=zcXdf8PjDlk\">2013 diciembre. Chapapote.<\/a><\/p>\r\n\r\n\r\n\r\n<p class=\"wp-block-paragraph\"><a href=\"https:\/\/www.youtube.com\/watch?v=Xelw3BFNad8&amp;list=RDXelw3BFNad8&amp;start_radio=1\">2013 julio. Una nueva papeleta para la democracia<\/a><\/p>\r\n\r\n\r\n\r\n<p class=\"wp-block-paragraph\"><a href=\"https:\/\/ambel.com.es\/wordpress\/2023\/01\/26\/2029-agosto-una-nueva-papeleta-para-la-democracia\/\">Una nueva papeleta para la democracia. art\u00edculo<\/a><\/p>\r\n\r\n\r\n\r\n<p class=\"wp-block-paragraph\"><a href=\"https:\/\/www.google.com\/url?q=https:\/\/www.youtube.com\/watch?v%3Dd3MU4x2QuLA&amp;sa=D&amp;source=editors&amp;ust=1630873069134000&amp;usg=AOvVaw36OyUGD0athDi-S-UDdFLc\">2013 junio Arte, paisaje y gastronom\u00eda<\/a><\/p>\r\n\r\n\r\n\r\n<p class=\"wp-block-paragraph\"><a href=\"https:\/\/ambel.com.es\/wordpress\/2023\/01\/26\/2013-febrero-promocion-del-comic-en-el-moana\/\">2013 febrero. Promoci\u00f3n del c\u00f3mic en el Moa\u00f1a<\/a><\/p>\r\n\r\n\r\n\r\n<p class=\"wp-block-paragraph\"><a href=\"http:\/\/humany-works.blogspot.com\/Homenaje%20a%20personas%20y%20oficios\">2012 diciembre Humany works<\/a><\/p>\r\n\r\n\r\n\r\n<p class=\"wp-block-paragraph\"><a href=\"https:\/\/ambel.com.es\/wordpress\/2023\/01\/26\/2012-noviembre-veinte-anos-de-los-sistemas-de-informacion-interactiva\/\">2012 noviembre. Veinte a\u00f1os de los sistemas de informaci\u00f3n interactiva<\/a><\/p>\r\n\r\n\r\n\r\n<p class=\"wp-block-paragraph\"><a href=\"https:\/\/www.fundacionmapfre.org\/arte-y-cultura\/exposiciones\/historico\/ano-2017\/retratoscoleccion\/\">2012 octubre. Los mejores retratos en la Fundaci\u00f3n Mafre<\/a><\/p>\r\n\r\n\r\n\r\n<p class=\"wp-block-paragraph\"><a href=\"https:\/\/ambel.com.es\/wordpress\/2023\/01\/15\/university-of-live\/\">2012 julio. Fundaci\u00f3n de la University o Live<\/a><\/p>\r\n\r\n\r\n\r\n<p class=\"wp-block-paragraph\"><a href=\"https:\/\/ambel.com.es\/C:%5CUsers%5CRAFAEL%5CDesktop%5Cambel.com.es%5Cambel.com.es%5Cwordpress%5C2023%5C01%5C\">2012 junio. F\u00e1tima en el coraz\u00f3n de Vigo, exposici\u00f3n de pintura de Ambel<\/a><\/p>\r\n\r\n\r\n\r\n<p class=\"wp-block-paragraph\"><a href=\"https:\/\/ambel.com.es\/wordpress\/2023\/01\/15\/el-arte-del-profesor\/\">2011 junio. El arte del profesor<\/a><\/p>\r\n\r\n\r\n\r\n<p class=\"wp-block-paragraph\"><a href=\"https:\/\/www.google.es\/search?q=henry+moore+dibujos&amp;hl=es&amp;prmd=imvnso&amp;tbm=isch&amp;tbo=u&amp;source=univ&amp;sa=X&amp;ei=Jf16T6ioB4y4hAfS9p09&amp;ved=0CCUQsAQ&amp;biw=839&amp;bih=798\">2011 julio. HENRY MOORE obra gr\u00e1fica original<\/a><\/p>\r\n\r\n\r\n\r\n<p class=\"wp-block-paragraph\"><a href=\"https:\/\/ambel.com.es\/wordpress\/2023\/02\/06\/2010-febrero-abstraccion-geometrica-africa-america\/\">2010 febrero. Abstracci\u00f3n geom\u00e9trica \u00c1frica Am\u00e9rica<\/a><\/p>\r\n\r\n\r\n\r\n<p class=\"wp-block-paragraph\"><a href=\"https:\/\/ambel.com.es\/wordpress\/2023\/01\/26\/2010-junio-exposicion-de-pintura-recetas-graficas\/\">2010 junio. Exposici\u00f3n de pintura Recetas gr\u00e1ficas, Casa del Libro de Vigo<\/a><\/p>\r\n\r\n\r\n\r\n<p class=\"wp-block-paragraph\"><a href=\"https:\/\/ambel.com.es\/wordpress\/2023\/01\/26\/2012-diciembre-vigo-desde-mos\/\">2012 diciembre. Vigo desde Mos<\/a><\/p>\r\n\r\n\r\n\r\n<p class=\"wp-block-paragraph\"><a href=\"https:\/\/ambel.com.es\/wordpress\/2023\/01\/26\/2012-junio-fatima-en-el-corazon-de-vigo-exposicion-de-pintura-de-ambel\/\">2012 junio. F\u00e1tima en el coraz\u00f3n de Vigo, exposici\u00f3n de pintura de Ambel<\/a><\/p>\r\n\r\n\r\n\r\n<p class=\"wp-block-paragraph\">\u00a0 \u00a0 <a href=\"https:\/\/www.google.com\/url?q=https:\/\/www.youtube.com\/watch?v%3DhJJxaQKoNFY&amp;sa=D&amp;source=editors&amp;ust=1630873069129000&amp;usg=AOvVaw3cr656XPm1eYkEZ2J1NiCV\">V\u00eddeo de Miguel Reig<\/a><\/p>\r\n\r\n\r\n\r\n<p class=\"wp-block-paragraph\"><a href=\"https:\/\/www.google.com\/url?q=https:\/\/www.youtube.com\/watch?v%3DLykydUYauZU%26t%3D8s&amp;sa=D&amp;source=editors&amp;ust=1630873069130000&amp;usg=AOvVaw1Ud9cu2H5swJ0neniWiFwU\">2012 marzo. Entrevista en el Restaurante Casa Alfredo<\/a><\/p>\r\n\r\n\r\n\r\n<p class=\"wp-block-paragraph\"><a href=\"https:\/\/www.google.com\/url?q=https:\/\/www.youtube.com\/watch?v%3DbQWbI1yumL0&amp;sa=D&amp;source=editors&amp;ust=1630873069130000&amp;usg=AOvVaw11Bb6ItI7u8vyX5GAJPHp-\">2012 enero. Vigo en el coraz\u00f3n de Madrid<\/a><\/p>\r\n<p><a href=\"https:\/\/ambel.com.es\/wordpress\/2024\/11\/17\/catalogo-vigo-en-el-corazon-de-madrid\/\">Cat\u00e1logo Vigo en el Coraz\u00f3n de Madrid<\/a><\/p>\r\n\r\n\r\n\r\n<p class=\"wp-block-paragraph\">2010 julio. exposici\u00f3n de pintura Vigo-Metr\u00f3polis. Diputaci\u00f3n de Pontevedra:<\/p>\r\n\r\n\r\n\r\n<ul>\r\n<li><a href=\"https:\/\/www.google.com\/url?q=https:\/\/www.youtube.com\/watch?v%3DrQrdSFiYCzw&amp;sa=D&amp;source=editors&amp;ust=1630873069132000&amp;usg=AOvVaw1GyM3lJpR650iXJKIrq44i\">Vigo Metr\u00f3polis<\/a>, video<\/li>\r\n<\/ul>\r\n\r\n\r\n\r\n<ul>\r\n<li><a href=\"https:\/\/ambel.com.es\/wordpress\/2023\/01\/15\/vigo-metropolis\/\">Vigo Metr\u00f3polis, art\u00edculo<\/a><\/li>\r\n<li>\u00a0<\/li>\r\n<li><a href=\"https:\/\/ambel.com.es\/wordpress\/2023\/01\/18\/vigo-metropolis-sede-de-la-diputacion-de-pontevedra-en-vigo\/\">Vigo Metr\u00f3polis cat\u00e1logo.<\/a><\/li>\r\n<\/ul>\r\n\r\n\r\n\r\n<p class=\"wp-block-paragraph\"><a href=\"https:\/\/www.google.com\/url?q=https:\/\/www.youtube.com\/watch?v%3DWR6kfFTEcec&amp;sa=D&amp;source=editors&amp;ust=1630873069142000&amp;usg=AOvVaw2obSwfFuLvEDBCQGFimt6l\">2009 mayo. Exposici\u00f3n obra gr\u00e1fica en el Colegio de Abogados de Valencia<\/a><\/p>\r\n<p><a href=\"https:\/\/ambel.com.es\/wordpress\/2023\/01\/18\/exposicion-en-el-colegio-de-abogados-de-valencia-100-aniversario\/\">catalogo exposici\u00f3n obra gr\u00e1fica<\/a><\/p>\r\n\r\n\r\n\r\n<p class=\"wp-block-paragraph\"><a href=\"https:\/\/ambel.com.es\/wordpress\/2023\/02\/26\/2008-mayo-disenos-hipermedia-e-interactivos-para-la-publicidad\/\">2008 mayo. Dise\u00f1os hipermedia e interactivos para la publicidad<\/a><\/p>\r\n\r\n\r\n\r\n<p class=\"wp-block-paragraph\"><a href=\"https:\/\/ambel.com.es\/wordpress\/2023\/01\/26\/2004-octubre-la-danza-del-fuego\/\">2008 mayo. Danza del fuego<\/a><\/p>\r\n\r\n\r\n\r\n<p class=\"wp-block-paragraph\"><a href=\"https:\/\/ambel.com.es\/wordpress\/2023\/01\/26\/2007-septiembre-exposicion-de-pintura-en-el-palacio-de-la-diputacion-de-cuenca\/\">2007 septiembre. Exposici\u00f3n de pintura en el Palacio de la Diputaci\u00f3n de Cuenca<\/a><\/p>\r\n<p><a href=\"https:\/\/ambel.com.es\/wordpress\/2023\/01\/26\/2007-septiembre-exposicion-de-pintura-en-el-palacio-de-la-diputacion-de-cuenca\/\">2007 cat\u00e1logo<\/a><\/p>\r\n\r\n\r\n\r\n\r\n\r\n<p class=\"wp-block-paragraph\"><a href=\"https:\/\/ambel.com.es\/wordpress\/2023\/01\/27\/2007-la-mascleta-virtual\/t\">2007 la masclet\u00e1 virtual<\/a><\/p>\r\n\r\n\r\n\r\n<p class=\"wp-block-paragraph\"><a href=\"https:\/\/ambel.com.es\/wordpress\/2023\/01\/17\/lo-que-el-cuadro-escucha-en-marco-de-vigo\/\">2007 abril. Lo que un cuadro escucha<\/a><\/p>\r\n\r\n\r\n\r\n<p class=\"wp-block-paragraph\"><a href=\"https:\/\/ambel.com.es\/wordpress\/2023\/01\/26\/2007-enero-cuadro-interactivo-imagen-dulce-sueno-de-los-mortales\/\">2007 enero. Cuadro interactivo imagen (\u201cdulce sue\u00f1o de los mortales\u201d)<\/a><\/p>\r\n\r\n\r\n\r\n<p class=\"wp-block-paragraph\"><a href=\"https:\/\/ambel.com.es\/wordpress\/2023\/01\/15\/cuadro-interactivo\/\">2007 enero. Cuadro interactivo (art\u00edculo)<\/a><\/p>\r\n\r\n\r\n\r\n<p class=\"wp-block-paragraph\"><a href=\"https:\/\/ambel.com.es\/wordpress\/2023\/01\/15\/tecnica-mixta\/\">2006 julio. Sin t\u00edtulo t\u00e9cnica mixta\u00a0\u00a0(art\u00edculo)<\/a><\/p>\r\n\r\n\r\n\r\n<p class=\"wp-block-paragraph\"><a href=\"https:\/\/ambel.com.es\/wordpress\/2023\/01\/15\/el-progreso-en-el-mundo-del-color\/\">2006 mayo. Progreso en el mundo del color\u00a0\u00a0(art\u00edculo)<\/a><\/p>\r\n\r\n\r\n\r\n<p class=\"wp-block-paragraph\"><a href=\"https:\/\/www.google.com\/url?q=http:\/\/www.webs.uvigo.es\/rjambel\/interdisciplinariedad.pdf&amp;sa=D&amp;source=editors&amp;ust=1630873069148000&amp;usg=AOvVaw0IMydVaEJopSGOQOjx76wO\">2006 febrero. Interdisciplinariedad, creatividad y comunicaci\u00f3n\u00a0<\/a>\u00a0(art\u00edculo)<\/p>\r\n\r\n\r\n\r\n<p class=\"wp-block-paragraph\"><a href=\"https:\/\/www.google.com\/url?q=http:\/\/www.youtube.com\/watch?v%3DBLMkwB7tk9E&amp;sa=D&amp;source=editors&amp;ust=1630873069149000&amp;usg=AOvVaw2rvnoA43BqbuzMjup8aQlc\">2006 abril. Madre c\u00e9lulas y el plano de la imagen<\/a><\/p>\r\n\r\n\r\n\r\n<p class=\"wp-block-paragraph\"><a href=\"https:\/\/www.museothyssen.org\/exposiciones\/vanguardias-rusas\">2006 febrero. Laboratorio de formas, las vanguardias rusas<\/a><\/p>\r\n\r\n\r\n\r\n<p class=\"wp-block-paragraph\"><a href=\"https:\/\/ambel.com.es\/wordpress\/2023\/01\/17\/proyectos-presentados-en-diseno-de-la-ingenieria-y-ciencias-sociales-comunicacion-y-relaciones-publicas-y-publicidad\/\">2005 proyectos presentados para el bienio<\/a>, Unversidad de Vgo<\/p>\r\n\r\n\r\n\r\n<p class=\"wp-block-paragraph\"><a href=\"http:\/\/www.ambel.com.es\/DIDACTICA%20DIB\">2005 julio. Introducci\u00f3n a los programas de dibujo y dise\u00f1o asistido por ordenador<\/a><\/p>\r\n\r\n\r\n\r\n<p class=\"wp-block-paragraph\"><a href=\"https:\/\/ambel.com.es\/wordpress\/2023\/02\/24\/2005-mayo-construccion-de-la-imagen-corporativa\/\">2005 mayo. La construcci\u00f3n de la imagen visual como valor corporativo de las empresas y las instituciones<\/a><\/p>\r\n\r\n\r\n\r\n<p class=\"wp-block-paragraph\"><a href=\"https:\/\/ambel.com.es\/wordpress\/2023\/01\/16\/dibujo-de-la-forma\/\">2005 enero. Un m\u00e9todo para aprender a dibujar la forma<\/a><\/p>\r\n\r\n\r\n\r\n<p class=\"wp-block-paragraph\"><a href=\"https:\/\/www.google.com\/url?q=https:\/\/www.youtube.com\/watch?v%3DndHLKlchYH8&amp;sa=D&amp;source=editors&amp;ust=1630873069151000&amp;usg=AOvVaw1xZsbUT8_pDwobhSVRCk3e\">2004 diciembre. Carpeta de dibujos de Ambel<\/a><\/p>\r\n\r\n\r\n\r\n<p class=\"wp-block-paragraph\"><a href=\"https:\/\/ambel.com.es\/wordpress\/2023\/01\/15\/arte-interactivo-en-el-paisaje\/\">2004 diciembre. Arte interactivo en el paisaje\u00a0\u00a0(art\u00edculo)<\/a><\/p>\r\n\r\n\r\n\r\n<p class=\"wp-block-paragraph\"><a href=\"https:\/\/ambel.com.es\/wordpress\/2024\/11\/17\/la-danza-del-fuego\/\">2004 octubre.\u00a0 La danza del fuego<\/a><\/p>\r\n\r\n\r\n\r\n<p class=\"wp-block-paragraph\"><a href=\"https:\/\/ambel.com.es\/wordpress\/2023\/01\/17\/ntermedios-un-museo-en-los-medos-impresos\/\">2004 septiembre. Un museo en los medios impresos<\/a><\/p>\r\n\r\n\r\n\r\n<p class=\"wp-block-paragraph\"><a href=\"https:\/\/ambel.com.es\/wordpress\/2023\/01\/15\/secuencias-de-memoria\/\">2004 agosto. Secuencias de memoria,\u00a0 el desastre tecnol\u00f3gico<\/a><\/p>\r\n\r\n\r\n\r\n<p class=\"wp-block-paragraph\"><a href=\"https:\/\/ambel.com.es\/wordpress\/2023\/01\/10\/la-tipografia-digital-en-el-proyecto-audiovisual-3-libros-referencia-en-pdf-a-julio-de-2004\/\">2004 julio. La tipograf\u00eda digital en el proyecto audiovisual<\/a><\/p>\r\n\r\n\r\n\r\n<p class=\"wp-block-paragraph\"><a href=\"https:\/\/ambel.com.es\/wordpress\/2023\/01\/26\/2004-junio-arte-y-ordenador-5o-universidad-de-vigo\/\">2004 junio. Arte y Ordenador 5\u00ba UNIVERSIDAD DE VIGO<\/a><\/p>\r\n\r\n\r\n\r\n<p class=\"wp-block-paragraph\"><a href=\"https:\/\/ambel.com.es\/wordpress\/2024\/11\/17\/motivacion-por-el-diseno-en-la-educacion-secundaria\/\">2004 mayo. Motivaci\u00f3n por el dise\u00f1o en la educaci\u00f3n secundaria<\/a><\/p>\r\n\r\n\r\n\r\n<p class=\"wp-block-paragraph\"><a href=\"https:\/\/www.google.com\/url?q=https:\/\/www.youtube.com\/watch?v%3DHRm3eWbtKds%26list%3DUUzhJHj0PtIG9VMgiR738dLg%26index%3D2&amp;sa=D&amp;source=editors&amp;ust=1630873069156000&amp;usg=AOvVaw17i_cZ0jzkzBFaQ-PozreP\">2004 febrero. Construcci\u00f3n de un drag\u00f3n en piedra artificial<\/a><\/p>\r\n\r\n\r\n\r\n<p class=\"wp-block-paragraph\"><a href=\"https:\/\/ambel.com.es\/wordpress\/2023\/01\/22\/coleccionismo-de-empresa\/\">2004 abril. Coleccionismo de empresa<\/a><\/p>\r\n\r\n\r\n\r\n<p class=\"wp-block-paragraph\"><a href=\"https:\/\/ambel.com.es\/wordpress\/2024\/11\/16\/hypercard\/\">2004 marzo \u00bfQui\u00e9n se ha tragado a HyperCard?<\/a><\/p>\r\n<p><a href=\"https:\/\/ambel.com.es\/wordpress\/2023\/01\/15\/participacion-concurso-nuevo-colegio-arquitectos-de-vigo\/\">2004 Enero\u00a0 concurso de ideas, Colegio Arquitectos de Vigo<\/a><\/p>\r\n\r\n\r\n\r\n\r\n\r\n<p class=\"wp-block-paragraph\"><a href=\"https:\/\/www.imersa.org\/\">2003 diciembre II foro de inmersi\u00f3n en educaci\u00f3n\u00a0 art\u00edstica y museos\u00a0<\/a><\/p>\r\n\r\n\r\n\r\n<p class=\"wp-block-paragraph\"><a href=\"https:\/\/ambel.com.es\/wordpress\/2023\/01\/26\/2003-noviembre-el-tiempo-grafico\/\">2003 noviembre\u00a0El tiempo gr\u00e1fico\u00a0<\/a><\/p>\r\n\r\n\r\n\r\n<p class=\"wp-block-paragraph\"><a href=\"https:\/\/www.google.com\/url?q=http:\/\/translate.google.es\/translate?hl%3Des%26langpair%3Den%257Ces%26u%3Dhttp:\/\/www.artandeducation.net\/author\/massachusetts_institute_of\/&amp;sa=D&amp;source=editors&amp;ust=1630873069159000&amp;usg=AOvVaw2SwGru-l-7ZZcZQ4MhctNr\">2003 octubre\u00a0Nuevos conceptos en educaci\u00f3n art\u00edstica y nuevos medios<\/a><\/p>\r\n\r\n\r\n\r\n<p class=\"wp-block-paragraph\"><a href=\"https:\/\/ambel.com.es\/wordpress\/wp-content\/uploads\/2024\/11\/la-fuente-de-las-imagenes.pdf\">2003 julio-A fonte das imaxes<\/a><\/p>\r\n\r\n\r\n\r\n<p class=\"wp-block-paragraph\"><a href=\"https:\/\/www.facebook.com\/xuliocesarteaxul\/?locale=es_ES\">2003 junio Escuela de inventores<\/a><\/p>\r\n\r\n\r\n\r\n<p class=\"wp-block-paragraph\"><a href=\"https:\/\/ambel.com.es\/wordpress\/2023\/01\/17\/ifi-y-otros-eventos\/\">2003 marzo Ifi y otros eventos<\/a><\/p>\r\n\r\n\r\n\r\n<p class=\"wp-block-paragraph\"><a href=\"https:\/\/www.youtube.com\/watch?v=NdcHYLelcWc\">2003 febrero.<\/a><a href=\"https:\/\/www.youtube.com\/watch?v=NdcHYLelcWc\">\u00a0<\/a><a href=\"https:\/\/www.youtube.com\/watch?v=NdcHYLelcWc\">De la abstracci\u00f3n a la fantas\u00eda<\/a><\/p>\r\n\r\n\r\n\r\n<p class=\"wp-block-paragraph\"><a href=\"https:\/\/ambel.com.es\/wordpress\/wp-admin\/post.php?post=467&amp;action=edit\">2002 noviembre. El pueblo desde la huerta, 1984, de la pintura tricr\u00f3mica a la interactiva<\/a><\/p>\r\n\r\n\r\n\r\n<p class=\"wp-block-paragraph\"><a href=\"https:\/\/www.marcovigo.com\/\"><u>2002 septiembre. Se inaugura en Vigo el MARCO, museo de arte moderno<\/u><\/a><\/p>\r\n\r\n\r\n\r\n<p class=\"wp-block-paragraph\"><a href=\"https:\/\/www.youtube.com\/watch?v=OEcO8NL5V8s\"><u>2002 agosto La mirada de Uskar\u00a0<\/u><\/a><\/p>\r\n\r\n\r\n\r\n<p class=\"wp-block-paragraph\"><u>2002 agosto ver cuadros<\/u><\/p>\r\n\r\n\r\n\r\n<p class=\"wp-block-paragraph\"><a href=\"https:\/\/www.udgusa.org\/detalle_noticia?id=146&amp;t=VI+Foro+de+Museos+MUSA+propone+una+perspectiva+interactiva+hacia+el+futuro+\"><u>2002 junio Foro de inmersi\u00f3n en educaci\u00f3n art\u00edstica y museos<\/u><\/a><\/p>\r\n\r\n\r\n\r\n<p class=\"wp-block-paragraph\"><a href=\"https:\/\/ambel.com.es\/wordpress\/2023\/01\/31\/2002-abril-curso-de-imagen-corporativa-el-diseno-grafico-2\/\"><u>2002 abril. Curso de imagen corporativa, el dise\u00f1o gr\u00e1fico<\/u><\/a><\/p>\r\n\r\n\r\n\r\n<p class=\"wp-block-paragraph\"><a href=\"https:\/\/ambel.com.es\/wordpress\/2023\/01\/31\/2001-junio-taller-de-dibujos-animados-2\/\"><u>2001 junio. Taller de dibujos animados<\/u><\/a><\/p>\r\n\r\n\r\n\r\n<p class=\"wp-block-paragraph\"><a href=\"https:\/\/ambel.com.es\/wordpress\/2025\/02\/16\/de-la-idea-al-producto-curso-de-diseno-grafico\/\"><u>2000 diciembre. De la idea al producto, curso dise\u00f1o gr\u00e1fico<\/u><\/a><\/p>\r\n\r\n\r\n\r\n<p class=\"wp-block-paragraph\"><a href=\"http:\/\/www.ambel.com.es\/index_archivos\/image058.jpg\"><u>2000 octubre. Restaurar o reparar, el ejemplo de una raqueta<\/u><\/a><\/p>\r\n\r\n\r\n\r\n<p class=\"wp-block-paragraph\"><a href=\"https:\/\/ambel.com.es\/wordpress\/2023\/01\/31\/2000-septiembre-nuevas-tecnologias-del-grabado\/\"><u>2000 septiembre. Nuevas tecnolog\u00edas del grabado<\/u><\/a><\/p>\r\n\r\n\r\n\r\n<p class=\"wp-block-paragraph\"><a href=\"https:\/\/ambel.com.es\/wordpress\/2023\/01\/31\/1999-diciembre-del-cubismo-a-la-grafica-y-al-diseno-de-las-ideas-2\/\"><u>1999 diciembre. Del cubismo a la gr\u00e1fica y al dise\u00f1o de las ideas<\/u><\/a><\/p>\r\n\r\n\r\n\r\n<p class=\"wp-block-paragraph\"><a href=\"https:\/\/ambel.com.es\/wordpress\/2023\/01\/31\/1999-septiembre-el-bajo-plato-museo-nacional-de-ceramica-gonzalez-marti\/\"><u>1999 septiembre. El bajo plato, Museo Nacional de Cer\u00e1mica Gonz\u00e1lez Mart\u00ed<\/u>\u00a0<\/a><\/p>\r\n\r\n\r\n\r\n<p class=\"wp-block-paragraph\"><a href=\"https:\/\/ambel.com.es\/wordpress\/2023\/01\/31\/1999-julio-ambel-obra-grafica\/\"><u>1999 julio. Ambel, obra gr\u00e1fica<\/u><\/a><\/p>\r\n\r\n\r\n\r\n<p class=\"wp-block-paragraph\"><a href=\"https:\/\/ambel.com.es\/wordpress\/2023\/01\/31\/1999-mayo-el-legado-andaluci\/\"><u>1999 mayo. El legado andaluc\u00ed<\/u><\/a><\/p>\r\n\r\n\r\n\r\n<p class=\"wp-block-paragraph\"><a href=\"https:\/\/ambel.com.es\/wordpress\/2024\/11\/16\/medio-ambiente-y-arte\/\"><u>1998 octubre. Medio<\/u><u> ambiente y arte\u00a0<\/u><\/a><\/p>\r\n\r\n\r\n\r\n<p class=\"wp-block-paragraph\"><a href=\"https:\/\/ambel.com.es\/C:%5CUsers%5CRAFAEL%5CDesktop%5Cambel.com.es%5CTECNICAS%20DE%20GRABADO%20EN%20SECO\"><u>1998 septiembre. Grabado y creatividad\u00a0<\/u><\/a><\/p>\r\n\r\n\r\n\r\n<p class=\"wp-block-paragraph\"><a href=\"https:\/\/ambel.com.es\/wordpress\/2023\/01\/23\/1998-julio-esquemas-y-dibujos-de-humor-grafico-para-la-publicidad\/\"><u>1998 julio. Esquemas y dibujos de humor gr\u00e1fico para la publicidad\u00a0<\/u><\/a><\/p>\r\n\r\n\r\n\r\n<p class=\"wp-block-paragraph\"><a href=\"https:\/\/ambel.com.es\/C:%5CUsers%5CRAFAEL%5CDesktop%5Cambel.com.es%5Ccomunicacion%20y%20la%20guerra%201\"><u>1998 junio &#8211; Comunicaci\u00f3n y guerra<\/u><\/a><\/p>\r\n\r\n\r\n\r\n<p class=\"wp-block-paragraph\"><a href=\"https:\/\/www.google.com\/url?q=https:\/\/www.youtube.com\/watch?v%3DifsqKqrcF2w%26t%3D30s&amp;sa=D&amp;source=editors&amp;ust=1630873069175000&amp;usg=AOvVaw2XuxKnaLG0qvdvkDfhVy7f\"><u>1997 diciembre. Diez a\u00f1os despu\u00e9s de la televisi\u00f3n por cable<\/u><\/a>\u00a0<\/p>\r\n\r\n\r\n\r\n<p class=\"wp-block-paragraph\"><a href=\"https:\/\/riunet.upv.es\/handle\/10251\/118428\">1986 mayo. Tesis Doctoral. \u201cAportaciones para la renovacion del dise\u00f1o de producto en la industria de vajillas. El caso de Santa Clara\u201d<\/a><\/p>\r\n<p><a href=\"https:\/\/youtu.be\/10UQfNy_1kw\">1996 abril. V\u00eddeo corporativo de Santa Clara<\/a><\/p>\r\n\r\n\r\n\r\n<p class=\"wp-block-paragraph\"><a href=\"https:\/\/ambel.com.es\/wordpress\/2023\/01\/17\/la-velocidad-virtual-el-arte-es-la-idea-congreso-de-realidad-vrtual-de-valencia\/\"><u>1996 noviembre. Congreso de realidad virtual de Valencia<\/u><\/a><\/p>\r\n\r\n\r\n\r\n<p class=\"wp-block-paragraph\"><a href=\"https:\/\/ambel.com.es\/wordpress\/2023\/01\/23\/1996-marzo-diez-anos-de-fotokina-recuerdo-a-luis-girones\/\">1996 marzo. Diez a\u00f1os de Fotokina. Recuerdo a Luis Girones<\/a><\/p>\r\n\r\n\r\n\r\n<p class=\"wp-block-paragraph\"><a href=\"https:\/\/ambel.com.es\/wordpress\/2023\/01\/23\/1995-marzo-vajilla-de-la-infanta-vajilla-real-diseno-informatizado\/\">1995 marzo. Vajilla de la Infanta, Vajilla Real, dise\u00f1o informatizado<\/a><\/p>\r\n\r\n\r\n\r\n<p class=\"wp-block-paragraph\"><a href=\"https:\/\/ambel.com.es\/wordpress\/2023\/01\/23\/1993-julio-infografia-y-tecnicas-de-impresion\/\">1993 julio. Infograf\u00eda y t\u00e9cnicas de impresi\u00f3n<\/a><\/p>\r\n\r\n\r\n\r\n<p class=\"wp-block-paragraph\"><a href=\"https:\/\/ambel.com.es\/wordpress\/2023\/01\/19\/exposicion-de-pintura-informatizada-macworld-92\/\">1992 Macworld. Presentaci\u00f3n de la revista Macworld en Espa\u00f1a, exposici\u00f3n de pintura informatizada R. J. Ambel<\/a><\/p>\r\n\r\n\r\n\r\n<p class=\"wp-block-paragraph\"><a href=\"https:\/\/ambel.com.es\/wordpress\/2023\/02\/25\/julio-1992-sistema-de-informacion-interactiva-del-pabellon-de-valencia-en-la-expo-92-y-de-la-empresa-valenciana-de-cementos\/\">1992 mayo. Sistema interactivo de la Comunidad Valenciana, y la empresa Valenciana de Cementos<\/a><\/p>\r\n\r\n\r\n\r\n<p class=\"wp-block-paragraph\"><a href=\"https:\/\/ambel.com.es\/wordpress\/2023\/01\/26\/2012-noviembre-veinte-anos-de-los-sistemas-de-informacion-interactiva\/\">1992 junio. FIMI sistema de comunicaci\u00f3n interactiva<\/a><\/p>\r\n\r\n\r\n\r\n<p class=\"wp-block-paragraph\"><a href=\"https:\/\/ambel.com.es\/wordpress\/2023\/02\/25\/enero-1991-laboratorio-de-caras-tratamiento-de-imagen-por-ordenador\/\">1991 enero. Lab Faces<\/a><\/p>\r\n\r\n\r\n\r\n<p class=\"wp-block-paragraph\"><a href=\"https:\/\/ambel.com.es\/wordpress\/2023\/01\/19\/electrografias-en-el-museo-de-electrografia-de-cuenca\/\">1991 Museo de electrograf\u00eda de Cuenca<\/a><\/p>\r\n\r\n\r\n\r\n<p class=\"wp-block-paragraph\"><a href=\"https:\/\/ambel.com.es\/wordpress\/2023\/01\/17\/1990-la-huella-del-hombre-arte-y-maquina\/\">1990 la huella del hombre<\/a><\/p>\r\n\r\n\r\n\r\n<p class=\"wp-block-paragraph\"><a href=\"https:\/\/ambel.com.es\/wordpress\/2023\/02\/16\/1996-junio-diseno-de-imagen-de-television-de-bajo-coste\/\"><u>1996 junio. Dise\u00f1o de imagen de televisi\u00f3n de bajo coste<\/u><\/a><\/p>\r\n\r\n\r\n\r\n<p class=\"wp-block-paragraph\"><a href=\"https:\/\/ambel.com.es\/wordpress\/2023\/01\/15\/paginas-de-aula-creatividad-1-2-3\/\"><u>1988 julio. Aula de creatividad<\/u><\/a><\/p>\r\n\r\n\r\n\r\n<p class=\"wp-block-paragraph\"><a href=\"https:\/\/ambel.com.es\/wordpress\/2024\/11\/16\/arte-o-y-comunicacion\/\"><u>1986 Arte o y comu<\/u><u>nicaci\u00f3n\u00a0 \u00a0<\/u><\/a><\/p>\r\n\r\n\r\n\r\n<p class=\"wp-block-paragraph\"><u>1<a href=\"https:\/\/ambel.com.es\/wordpress\/2024\/11\/16\/monumento-a-la-libertad-de-expresion\/\">985 Una escultura interactiva y e\u00f3lica<\/a><\/u><\/p>\r\n\r\n\r\n\r\n<p class=\"wp-block-paragraph\"><a href=\"https:\/\/ambel.com.es\/wordpress\/2023\/01\/23\/1984-diciembre-monumento-a-la-libertad-de-expresion\/\">1985 Monumento a la libertad de expresi\u00f3n<\/a><\/p>\r\n\r\n\r\n\r\n<p class=\"wp-block-paragraph\"><a href=\"https:\/\/ambel.com.es\/wordpress\/2023\/02\/07\/1985-julio-aplicaciones-graficas-del-ordenador\/\">1985 julio Aplicaciones gr\u00e1ficas del ordenador<\/a><\/p>\r\n\r\n\r\n\r\n<p class=\"wp-block-paragraph\"><a href=\"https:\/\/ambel.com.es\/wordpress\/2023\/01\/23\/1984-el-pueblo-desde-la-huerta\/\">1984\u00a0 El pueblo desde la huerta<\/a><a href=\"https:\/\/ambel.com.es\/wordpress\/2023\/01\/23\/1984-el-pueblo-desde-la-huerta\/\">\u00a0 \u00a0<\/a><\/p>\r\n\r\n\r\n\r\n<p class=\"wp-block-paragraph\"><a href=\"https:\/\/ambel.com.es\/wordpress\/2023\/02\/16\/1983-julio-tecnicas-de-grabado-en-seco\/\"><u>1983 julio. T\u00e9cnicas de grabado en seco<\/u><\/a><\/p>\r\n\r\n\r\n\r\n<p class=\"wp-block-paragraph\"><a href=\"https:\/\/ambel.com.es\/wordpress\/2023\/01\/23\/1982-abril-el-cubo-de-guernica-feria-de-arte-en-el-metal-de-valencia\/\">1982 abril. \u201cEl Cubo de Guernica\u201d Feria de Arte en el Metal de Valencia.<\/a><a href=\"https:\/\/ambel.com.es\/wordpress\/2023\/01\/23\/1982-abril-el-cubo-de-guernica-feria-de-arte-en-el-metal-de-valencia\/\">\u00a0<\/a><\/p>\r\n\r\n\r\n\r\n<p class=\"wp-block-paragraph\">curr\u00edculum\u00a0<\/p>\r\n\r\n\r\n\r\n<p class=\"wp-block-paragraph\">&#8211;\u00a0<a href=\"https:\/\/www.google.com\/url?q=http:\/\/www.ambel.com.es\/PUBLICACIONES.htm&amp;sa=D&amp;source=editors&amp;ust=1630873069084000&amp;usg=AOvVaw3808hnbtRnyEK0M9yuq6wk\">publicaciones<\/a><\/p><!-- \/wp:paragraph --><!-- wp:post-content --><p>&nbsp;<\/p>\r\n<!-- wp:paragraph -->\r\n<p>DIARIO DE NUEVAS IDEAS<\/p>\r\n<!-- \/wp:paragraph -->\r\n\r\n<!-- wp:paragraph -->\r\n<p>PARA EL ARTE<\/p>\r\n<!-- \/wp:paragraph -->\r\n\r\n<!-- wp:paragraph -->\r\n<p>1992 &#8211; ISSN\u00a0 1139-3610<\/p>\r\n<!-- \/wp:paragraph -->\r\n\r\n<!-- wp:paragraph -->\r\n<p><a href=\"https:\/\/ambel.com.es\/wordpress\/2023\/03\/21\/curriculum\/\">Rafael Jim\u00e9nez Ambel \u00a0curr\u00edculum<\/a><\/p>\r\n<!-- wp:separator --><hr class=\"wp-block-separator has-alpha-channel-opacity\" \/><!-- \/wp:separator -->\r\n\r\n<!-- wp:paragraph -->\r\n<p><a href=\"https:\/\/ambel.com.es\/wordpress\/2023\/03\/01\/galeria-de-cuadros\/\">galer\u00eda de cuadros<\/a><\/p>\r\n<p><a href=\"https:\/\/ambel.com.es\/wordpress\/NewFolder\/album.html\">galer\u00eda visual<\/a><\/p>\r\n<p><a href=\"https:\/\/ambel.com.es\/wordpress\/2026\/01\/18\/buscador\/\"><strong>BUSCADOR<\/strong><\/a><\/p>\r\n<p><a href=\"https:\/\/ambel.com.es\/wordpress\/2026\/04\/08\/abril-2026-coloquios-con-el-artista\/\">2026 abril. Coloquios con el artista<\/a><\/p>\r\n<p><a href=\"https:\/\/ambel.com.es\/wordpress\/2026\/03\/26\/marzo-2026-coloquios-con-el-artista\/\">2026 marzo. Coloquios con el artista<\/a><\/p>\r\n<p><a href=\"https:\/\/ambel.com.es\/wordpress\/2026\/02\/09\/2026-febrero-coloquios-con-el-artista\/\">2026 febrero. Coloquios con el artista<\/a><\/p>\r\n<p><a href=\"https:\/\/ambel.com.es\/wordpress\/2026\/02\/03\/dibujo-artistico\/\">2026 febrero. Empezamos de nuevo a aprender a dibujar<\/a><\/p>\r\n<p><a href=\"https:\/\/ambel.com.es\/wordpress\/NewFolder\/titulador%20(1).html\">2026 febrero. No te pierdas el titulador con letras capitulares dibujadas por vosotros<\/a><\/p>\r\n<p><a href=\"https:\/\/ambel.com.es\/wordpress\/2026\/01\/19\/los-caminos-del-hombre\/\">2026 enero. Los caminos del hombre<\/a><\/p>\r\n<p><a href=\"https:\/\/ambel.com.es\/wordpress\/2026\/01\/15\/las-pantallas-pequenas-y-gigantes-para-la-pintura\/\">2026 enero. Las pantallas peque\u00f1as y gigantes para la pintura<\/a><\/p>\r\n<p><a href=\"https:\/\/ambel.com.es\/wordpress\/2026\/01\/09\/2026-enero-human-big-data-diptico-interactivo\/\">2026 enero, D\u00edptico interactivo. Candidatura Bienal Vilanova de la Cervera 2026<\/a><\/p>\r\n<p><a href=\"https:\/\/ambel.com.es\/wordpress\/2026\/01\/07\/2026-enero-murales-interactivos-pintura-interactiva\/\">2026 enero. Murales interactivos, pintura interactiva<\/a><\/p>\r\n<p><a href=\"https:\/\/ambel.com.es\/wordpress\/2026\/01\/08\/2026-enero-los-cutro-invasores-el-continuo-cambio-de-movil-y-sus-ondas\/\">2026 enero, Los cuatro invasores<\/a><\/p>\r\n<p><a href=\"https:\/\/ambel.com.es\/wordpress\/2026\/01\/08\/2026-enero-secuencias-de-memoria-el-desastre-tecnologico-de-los-accidentes-de-trafico\/\">2026 enero, Secuencias de memoria<\/a><\/p>\r\n<p><a href=\"https:\/\/ambel.com.es\/wordpress\/2026\/01\/03\/2026-enero-las-cavernas-de-la-historia-cuadro-interactivo\/\">2026 enero. Las cavernas de la historia, cuadro interactivo<\/a><\/p>\r\n<p><a href=\"https:\/\/ambel.com.es\/wordpress\/2023\/01\/26\/2007-enero-cuadro-interactivo-imagen-dulce-sueno-de-los-mortales\/\">2026 enero. El dulce sue\u00f1o de los mortales<\/a><\/p>\r\n<p><a href=\"https:\/\/ambel.com.es\/wordpress\/2026\/01\/03\/2026-enero-flexisargo-sindrome-de-diogenes-de-la-humanidad\/\">2026 enero. Flexisargo, s\u00edndrome de Di\u00f3gnes de la humanidad<\/a><\/p>\r\n<p><a href=\"https:\/\/ambel.com.es\/wordpress\/2026\/01\/09\/2025-diciembre-monumento-a-a-tradicion-micologica-de-mos\/\">2025 diciembre. Monumento a la tradici\u00f3n micol\u00f3gica de Mos<\/a><\/p>\r\n<p><a href=\"https:\/\/ambel.com.es\/wordpress\/2025\/11\/10\/noviembre-2025-monumento-a-la-libertad-de-expresion-los-nuevos-medios\/\">2025 octubre. Libertad de expresi\u00f3n, los nuevos medios<\/a><\/p>\r\n<p><a href=\"https:\/\/ambel.com.es\/wordpress\/2025\/10\/25\/cuando-el-pixel-era-pintura\/\">2025 octubre, cuando el pixel era pintura<\/a><\/p>\r\n<h4><a href=\"https:\/\/ambel.com.es\/wordpress\/2025\/11\/10\/2025-octubre-instalacion-homenaje-a-llos-40-anos-de-la-fundacion-de-apple-por-steve-jobs-en-el-circulo-de-empresarios-de-galicia-diciembre-2024-octubre-2025\/\"><span style=\"color: #3c3c3c;\"><span style=\"font-family: PT Serif, Times New Roman, Times, serif;\"><span style=\"font-size: large;\">2025 octubre, Instalaci\u00f3n homenaje a los 40 a\u00f1os de la fundaci\u00f3n de Apple por Steve Jobs <\/span><\/span><\/span><\/a><span style=\"color: #3c3c3c;\"><span style=\"font-family: PT Serif, Times New Roman, Times, serif;\"><span style=\"font-size: large;\">en el C\u00edrculo de Empresarios de Galicia diciembre 2024- octubre 2025<\/span><\/span><\/span><\/h4>\r\n<p><a href=\"https:\/\/ambel.com.es\/wordpress\/wp-content\/uploads\/2025\/10\/aplicaciones-graficas-del-ordenador-2.pdf\">2025 septiembre., Aplicaciones gr\u00e1ficas del ordenador 2<\/a><\/p>\r\n<p><a href=\"https:\/\/ambel.com.es\/wordpress\/2025\/12\/25\/mural-sobre-la-recogida-de-la-oliva-en-cortes-de-gois-portugal\/\">2025 septiembre, Mural sobre la recogida de la oliva en Cortes de G\u00f6is Portugal<\/a><\/p>\r\n<p><a href=\"https:\/\/ambel.com.es\/wordpress\/2025\/08\/04\/mural-boa-vida-2025\/\">2025 julio., Mural interactivo de los vegetales y sus cualidades en Galicia, con Boa Vida<\/a><\/p>\r\n<p><a href=\"https:\/\/ambel.com.es\/wordpress\/2025\/06\/05\/el-arte-como-territorio-multidisciplinar\/\">2025 mayo, el arte como territorio multidisciplinar<\/a><\/p>\r\n<p><a href=\"https:\/\/ambel.com.es\/wordpress\/2025\/05\/04\/mayo-2025-ciberseguridad-y-arte\/\">2025 mayo. Ciberseguridad y arte<\/a><\/p>\r\n<p><a href=\"https:\/\/ambel.com.es\/wordpress\/2025\/04\/11\/diviertete-interactuando-con-murales\/\">2025 abril. Divi\u00e9rtete interactuando con murales<\/a><\/p>\r\n<p><a href=\"https:\/\/ambel.com.es\/wordpress\/2025\/04\/04\/abril-2025-presentacion-del-no-libro-sarinakys-en-el-circulo-de-empresarios-de-galicia\/\">2025 abril. Presentaci\u00f3n Sari\u00f1akys en el C\u00edrculo de Empresarios de Galicia<\/a><\/p>\r\n<p><a href=\"https:\/\/ambel.com.es\/wordpress\/2025\/03\/06\/bea-rey-premio-laxeiro-2025\/\">2025 marzo. Bea Rey premio laxeiro<\/a><\/p>\r\n<p><a href=\"https:\/\/ambel.com.es\/wordpress\/2025\/03\/04\/2025-febrero-una-historia-de-lo-digital\/\">2025 febrero. Una historia de lo digital y el grabado<\/a><\/p>\r\n<p><a href=\"https:\/\/ambel.com.es\/wordpress\/2025\/02\/15\/febrero-2025-coloquios-con-el-artista-el-arte-de-la-palabra-leer-poesia\/\">2025 febrero.<\/a><a href=\"https:\/\/ambel.com.es\/wordpress\/2025\/02\/15\/febrero-2025-coloquios-con-el-artista-el-arte-de-la-palabra-leer-poesia\/\"> El arte de la palabra<\/a><\/p>\r\n<p><a href=\"https:\/\/ambel.com.es\/wordpress\/2025\/02\/05\/febrero-2025-cambio-climatico-una-obra-de-luz-para-decorar-la-ciudad\/\">2025 febrero. Cambio clim\u00e1tico una escultura de luz para decorar la ciudad<\/a><\/p>\r\n<p><a href=\"https:\/\/ambel.com.es\/wordpress\/2025\/02\/04\/febrero-2025-un-ejercicio-sobre-el-color-interpreta-el-paisaje-de-toledo-del-greco\/\">2025 febrero. Interpreta el paisaje de Toledo de el GRECO<\/a><\/p>\r\n<p><a href=\"https:\/\/ambel.com.es\/wordpress\/2025\/01\/27\/enero-2025-ambel-diverso-expone-en-el-circulo-de-empresarios-de-galicia\/\">2025 enero. Ambel: diverso, expone en el C\u00edrculo de Empresarios de Galicia<\/a><\/p>\r\n<p><a href=\"https:\/\/ambel.com.es\/wordpress\/2024\/12\/30\/diciembre-2014-el-futuro-de-la-enfermeria\/\">2024 diciembre. El futuro de la enfermer\u00eda<\/a><\/p>\r\n<p><a href=\"https:\/\/ambel.com.es\/wordpress\/2024\/12\/23\/una-nueva-papeleta-para-la-democracia-iv\/\">2024 diciembre. Una nueva papeleta para la democracia IV. Inundaciones en VALENCIA<\/a><\/p>\r\n<p><a href=\"https:\/\/ambel.com.es\/wordpress\/2024\/11\/22\/octubre-2024-atlas-de-celulas-humanas-hacia-todos-los-datos-de-cuerpo-humano\/\">2024 noviembre. Atlas de las c\u00e9lulas humanas y \u00abhuman big data\u00bb<\/a><\/p>\r\n<pre><a href=\"https:\/\/ambel.com.es\/wordpress\/2024\/11\/20\/apple-macintosh-40o-aniversario\/\"><strong><span style=\"color: #0a257c;\"><span style=\"font-family: Roboto, Arial, sans-serif;\"><span style=\"font-size: large;\"><b>2024 noviembre. Apple Macintosh 40\u00ba ANIVERSARIO, 40 de creatividad, y mas<\/b><\/span><\/span><\/span><\/strong><\/a><\/pre>\r\n<p><a href=\"https:\/\/ambel.com.es\/wordpress\/wp-content\/uploads\/2023\/01\/a-fonte-das-imaxes-para-pdf.pdf\">f2024 octubre. Fonte das imaxes para pdf<\/a><\/p>\r\n<p><a href=\"https:\/\/ambel.com.es\/wordpress\/2024\/10\/01\/animaciones-abstractas\/\">2024 septiembre. Animaciones abstractas<\/a><\/p>\r\n<p><a href=\"https:\/\/ambel.com.es\/wordpress\/2024\/09\/11\/septiembre-2024-trama-cuadricula-rejilla-estructura-regular-patrones-textura-o-red-geometrica\/\">2024 septiembre. Ret\u00edculas, tramas, redes, m\u00f3dulos, texturas geom\u00e9tricas, rejillas&#8230;.<\/a><\/p>\r\n<p><a href=\"https:\/\/www.youtube.com\/watch?v=iC2KVwe-0ZM\">2024 julio. Folioscopio de<\/a><a style=\"background-color: var(--global--color-background); font-family: var(--global--font-secondary); font-size: var(--global--font-size-base);\" href=\"https:\/\/www.youtube.com\/watch?v=iC2KVwe-0ZM\"> la libertad, Gois-Oroso Arte 2024<\/a><\/p>\r\n<p><a href=\"https:\/\/www.youtube.com\/watch?v=MT3_EVStHlE\">2024 mayo. Dibuja la boca con la forma de la pronunciaci\u00f3n de tu nombre<\/a><\/p>\r\n<p><a href=\"https:\/\/www.youtube.com\/watch?v=7js2_HPxokc\">2024 abril. Animaci\u00f3n de detalles concretos<\/a><\/p>\r\n<p><a href=\"https:\/\/ambel.com.es\/wordpress\/2024\/04\/17\/2024-marzo-concierto-pictorico-en-la-casa-de-galicia-en-madrid-carlos-rosaleny-a-la-guitarra\/\">2024 marzo, Concierto pict\u00f3rico en la Casa de Galicia en Madrid<\/a><\/p>\r\n<p><a href=\"https:\/\/ambel.com.es\/wordpress\/2024\/11\/26\/competencia-digital\/\">2024 febrero, Competencia digital<\/a><\/p>\r\n<p><a href=\"https:\/\/ambel.com.es\/wordpress\/wp-content\/uploads\/2024\/04\/listado-animaciones-que-estan-en-youtube-2023.pdf\">2023 trabajos pr\u00e1cticos, dibujo, pl\u00e1stica etc. para ESO y Bachillerato.<\/a><\/p>\r\n<p><a href=\"https:\/\/ambel.com.es\/wordpress\/2026\/02\/03\/dibujo-artistico\/\">aprende a dibujar.<\/a><\/p>\r\n<p><a href=\"https:\/\/ambel.com.es\/wordpress\/wp-content\/uploads\/2023\/01\/relacion-de-videos.html\">selecci\u00f3n interactiva de trabajos,<\/a><\/p>\r\n<!-- \/wp:paragraph -->\r\n\r\n<!-- wp:separator --><hr class=\"wp-block-separator has-alpha-channel-opacity\" \/><!-- \/wp:separator -->\r\n\r\n<!-- wp:paragraph -->\r\n<p><a href=\"https:\/\/ambel.com.es\/wordpress\/2023\/10\/15\/junio-2023-innovacion-en-imagen-en-tratamientos-dentales-dr-bertone\/\">2023 mayo, la imagen en el futuro de la odontolog\u00eda,<\/a><\/p>\r\n<!-- \/wp:paragraph -->\r\n\r\n<!-- wp:paragraph -->\r\n<p>2023 mayo, <a href=\"https:\/\/ambel.com.es\/wordpress\/2023\/05\/07\/fantastica-leccion-de-vinos-leive-ecoadega\/\">Una lecci\u00f3n de vinos,<\/a><\/p>\r\n<!-- \/wp:paragraph -->\r\n\r\n<!-- wp:heading {\"level\":1} -->\r\n<p class=\"wp-block-heading\"><a href=\"https:\/\/ambel.com.es\/wordpress\/2023\/05\/04\/el-contenido-y-el-contenedor-escultura-y-arquitectura\/\">2023, mayo, el contenido y el contenedor. Escultura y arquitectura. Portela,<\/a><\/p>\r\n<p><!-- \/wp:heading -->\r\n\r\n<!-- wp:heading {\"level\":1} --><\/p>\r\n<p class=\"wp-block-heading\"><a href=\"https:\/\/ambel.com.es\/wordpress\/2023\/04\/26\/mi-tdah-y-yo\/\">2023 abril, \u00abMki TDAH y yo\u00bb Coloquios con el artista: Ra\u00fal Davila, \u00abequilibrio y resilencia para avanzar\u00bb CUESTIONARTE \u2013 HOTEL VIGO PLAZA,<\/a><\/p>\r\n<p><!-- \/wp:heading -->\r\n\r\n<!-- wp:heading {\"level\":1} --><\/p>\r\n<p class=\"wp-block-heading\"><a href=\"https:\/\/ambel.com.es\/wordpress\/2023\/04\/13\/2023-abril-flores-y-macetas-de-moana\/\">2023 abril, Flores y macetas de Moa\u00f1a,<\/a><\/p>\r\n<p><!-- \/wp:heading -->\r\n\r\n<!-- wp:heading {\"level\":1} --><\/p>\r\n<p class=\"wp-block-heading\"><a href=\"https:\/\/ambel.com.es\/wordpress\/2023\/04\/04\/2023-abril-pintura-cuantica\/\">2023 abril, Pintura cu\u00e1ntica,<\/a><\/p>\r\n<p><!-- \/wp:heading -->\r\n\r\n<!-- wp:heading {\"level\":1} --><\/p>\r\n<p class=\"wp-block-heading\"><a href=\"https:\/\/ambel.com.es\/wordpress\/2023\/04\/03\/abril-2023-celula-madre\/\">Abril 2023. C\u00e9lula madre,<\/a><\/p>\r\n<p><!-- \/wp:heading -->\r\n\r\n<!-- wp:heading {\"level\":1} --><\/p>\r\n<p class=\"wp-block-heading\"><a href=\"https:\/\/ambel.com.es\/wordpress\/2023\/03\/30\/cuestionarte-hotel-vigo-plaza\/\">2023 marzo. CUESTIONARTE. hotel Vigo Plaza,<\/a><\/p>\r\n<h4><!-- \/wp:heading -->\r\n\r\n<!-- wp:heading {\"level\":1} --><\/h4>\r\n<p class=\"wp-block-heading\"><a href=\"https:\/\/ambel.com.es\/wordpress\/2023\/03\/24\/2023-marzo-50-ano-de-creatividad-resumen-de-ensenanzas-artisticas\/\">2023 marzo. 50 a\u00f1os de creatividad, resumen de ense\u00f1anzas art\u00edsticas,<\/a><\/p>\r\n<p><!-- \/wp:heading -->\r\n\r\n<!-- wp:heading {\"level\":1} --><\/p>\r\n<p class=\"wp-block-heading\"><a href=\"https:\/\/ambel.com.es\/wordpress\/2023\/03\/17\/vino-arte-y-corazon\/\">2023 abril \u00abVino, arte y coraz\u00f3n\u00bb,<\/a><\/p>\r\n<p><!-- \/wp:heading -->\r\n\r\n<!-- wp:heading {\"level\":1} --><\/p>\r\n<p class=\"wp-block-heading\"><a href=\"https:\/\/ambel.com.es\/wordpress\/2023\/03\/19\/marzo-2023\/\">2023 marzo, dise\u00f1o de macetas,<\/a><\/p>\r\n<p><!-- \/wp:heading -->\r\n\r\n<!-- wp:paragraph --><\/p>\r\n<p><a href=\"https:\/\/ambel.com.es\/wordpress\/2023\/03\/16\/2023-marzo-figura-nitida-fondo-difuso\/\">2023 marzo. figura n\u00edtida, fondo difuso,<\/a><\/p>\r\n<h4><!-- \/wp:paragraph -->\r\n\r\n<!-- wp:paragraph --><\/h4>\r\n<p><a href=\"https:\/\/www.youtube.com\/watch?v=mWCy3WNfRhM\">2023 marzo .I CONGRESO INTERNACIONAL DE EDUCACI\u00d3N TUI-VALENCA.<\/a><\/p>\r\n<p><!-- \/wp:paragraph -->\r\n\r\n<!-- wp:image --><\/p>\r\n<p><!-- \/wp:image -->\r\n\r\n<!-- wp:paragraph --><\/p>\r\n<p><a href=\"https:\/\/ambel.com.es\/wordpress\/2023\/03\/05\/2023-marzo-museo-de-arte-contemporaneo-de-moana2-macmo\/\">2023 febero. Museo Arte Contempor\u00e1neo Moa\u00f1a. MACMo,<\/a><\/p>\r\n<p><!-- \/wp:paragraph -->\r\n\r\n<!-- wp:paragraph --><\/p>\r\n<p><a href=\"https:\/\/www.youtube.com\/watch?v=OgnKRxtWj5Y\">2023 febrero. Diedr\u00f3grafo,<\/a><\/p>\r\n<p><a href=\"https:\/\/ambel.com.es\/wordpress\/wp-content\/uploads\/2023\/01\/diedrografo6.html\">representacion digital del disedr\u00f3grafo,<\/a><\/p>\r\n<p><a href=\"https:\/\/ambel.com.es\/wordpress\/2024\/12\/01\/la-bauhause-dr-bertone\/\">2023 febrero. Coloquios con e artista. La bauhause,<\/a><\/p>\r\n<h4><!-- \/wp:paragraph -->\r\n\r\n<!-- wp:paragraph --><\/h4>\r\n<p><a href=\"https:\/\/ambel.com.es\/wordpress\/2023\/03\/08\/2023-febrero-museo-nueva-bauhaus-moana\/\">2023 febrero. Exposici\u00f3n Nueva Bauhaus. MACMo. IES As Barxas,<\/a><\/p>\r\n<p><!-- \/wp:paragraph -->\r\n\r\n<!-- wp:heading {\"level\":1} --><\/p>\r\n<p class=\"wp-block-heading\"><a href=\"https:\/\/ambel.com.es\/wordpress\/2023\/02\/21\/febrero-2023-gestion-de-las-dificultades-coloquios-con-el-artista-jose-ramon-santamaria\/\">2023 febrero. Gesti\u00f3n de las dificultades. Coloquios con el artista. Jos\u00e9 Ram\u00f3n Santamar\u00eda,<\/a><\/p>\r\n<h4><!-- \/wp:heading -->\r\n\r\n<!-- wp:paragraph --><\/h4>\r\n<p>2023 <a href=\"https:\/\/ambel.com.es\/wordpress\/2023\/02\/13\/matices-por-san-valentin\/\">febrero. Matices por San Valent\u00edn,<\/a><\/p>\r\n<p><!-- \/wp:paragraph -->\r\n\r\n<!-- wp:heading {\"level\":1} --><\/p>\r\n<p><!-- \/wp:heading -->\r\n\r\n<!-- wp:paragraph --><\/p>\r\n<p><a href=\"https:\/\/ambel.com.es\/wordpress\/2023\/02\/12\/texturas-y-collage\/\">2023 enero. Texturas y collage,<\/a><\/p>\r\n<p><!-- \/wp:paragraph -->\r\n\r\n<!-- wp:paragraph --><\/p>\r\n<p><a href=\"https:\/\/ambel.com.es\/wordpress\/2023\/01\/24\/2023-enero-coloquios-con-el-artista-auditorio-de-nigran\/\">2023 enero, Coloquios con el artista, Auditorio de Nigr\u00e1n,<\/a><\/p>\r\n<p><!-- \/wp:paragraph -->\r\n\r\n<!-- wp:paragraph --><\/p>\r\n<p><a href=\"https:\/\/ambel.com.es\/wordpress\/2023\/02\/07\/2023-febrero-coloquio-con-el-artista-auditorio-de-nigran-marian-priego-como-usar-la-voz-como-instrumento-de-trabajo\/\">2023 febrero. Coloquio con el artista. Auditorio de Nigr\u00e1n. Marian Priego: como usar la voz como instrumento de trabajo,<\/a><\/p>\r\n<h4><!-- \/wp:paragraph -->\r\n\r\n<!-- wp:paragraph --><\/h4>\r\n<p><a href=\"https:\/\/ambel.com.es\/wordpress\/2022\/11\/02\/aprende-a-dibujar-con-circunferencias-hechas-a-mano\/\">2023 enero, Aprende a dibujar con circunferencias hechas a mano,<\/a><\/p>\r\n<p><!-- \/wp:paragraph -->\r\n\r\n<!-- wp:heading {\"level\":1} --><\/p>\r\n<p class=\"wp-block-heading\"><a href=\"https:\/\/ambel.com.es\/wordpress\/2023\/02\/21\/2023-enero-sarinakys\/\">2023 enero, Sari\u00f1aky,<\/a><\/p>\r\n<h4><!-- \/wp:heading -->\r\n\r\n<!-- wp:heading {\"level\":1} --><\/h4>\r\n<p class=\"wp-block-heading\">2022\u00a0<a href=\"https:\/\/ambel.com.es\/wordpress\/2022\/12\/19\/noviembre-2022-nuevas-formas-de-exponer\/\">Noviembre. Nuevas formas de exponer<\/a><\/p>\r\n<!-- \/wp:heading -->\r\n\r\n<!-- wp:paragraph -->\r\n<p><a href=\"https:\/\/youtu.be\/WNRtU8x8CcQ\">2022 agosto. Homenaje a los hombres y mujeres de la mar<\/a><\/p>\r\n<!-- \/wp:paragraph -->\r\n\r\n<!-- wp:paragraph -->\r\n<p><a href=\"https:\/\/youtu.be\/9Po_9qKMuzM\">2022 julio. Bienal Internsacional de Ponte de Lima<\/a><\/p>\r\n<!-- \/wp:paragraph -->\r\n\r\n<!-- wp:paragraph -->\r\n<p><a href=\"http:\/\/ambel.com.es\/wordpress\/2022\/07\/04\/diseno-en-piedra-artificial-de-un-escudo\/\">2022 julio. Dise\u00f1o escudo en piedra artificial<\/a><\/p>\r\n<!-- \/wp:paragraph -->\r\n\r\n<!-- wp:paragraph -->\r\n<p><a href=\"http:\/\/ambel.com.es\/wordpress\/2022\/06\/19\/aprende-a-dibujar-fijandote-en-el-pelo\/\">2022 junio. Aprende a dibujar fij\u00e1ndote en el pelo<\/a><\/p>\r\n<!-- \/wp:paragraph -->\r\n\r\n<!-- wp:paragraph -->\r\n<p><a href=\"http:\/\/ambel.com.es\/wordpress\/2022\/05\/25\/pulpo-malignasao-3\/\">2022 mayo. Pulpo malignasao<\/a><\/p>\r\n<!-- \/wp:paragraph -->\r\n\r\n<!-- wp:paragraph -->\r\n<p><a href=\"http:\/\/ambel.com.es\/wordpress\/2022\/05\/14\/tutorial-estampacion\/\">2022 mayo. Tutorial estampaci\u00f3n<\/a><\/p>\r\n<!-- \/wp:paragraph -->\r\n\r\n<!-- wp:paragraph -->\r\n<p><a href=\"http:\/\/ambel.com.es\/wordpress\/2022\/05\/14\/ordenar-muchos-videos-por-temas\/\">2022 mayo. Ordenar muchos videos por temas<\/a><\/p>\r\n<!-- \/wp:paragraph -->\r\n\r\n<!-- wp:paragraph -->\r\n<p><a href=\"http:\/\/ambel.com.es\/wordpress\/2022\/05\/07\/prevenir-es-cuidar-homenaje-a-los-bomberos-de-portugal-y-val-minor\/\">2022 mayo. Prevenir es cuidar, homenaje lo bomberos del Val Mi\u00f1or<\/a><\/p>\r\n<!-- \/wp:paragraph -->\r\n\r\n<!-- wp:paragraph -->\r\n<p><a href=\"http:\/\/ambel.com.es\/wordpress\/2022\/05\/04\/diseno-de-fachadas-de-casas\/\">2022 mayo. Dise\u00f1o de fachadas de casas<\/a><\/p>\r\n<!-- \/wp:paragraph -->\r\n\r\n<!-- wp:paragraph -->\r\n<p><a href=\"http:\/\/ambel.com.es\/wordpress\/2022\/05\/01\/aliens-terraplanistas\/\">2022 mayo. Aliens terraplanistas<\/a><\/p>\r\n<!-- \/wp:paragraph -->\r\n\r\n<!-- wp:paragraph -->\r\n<p><a href=\"http:\/\/ambel.com.es\/wordpress\/2022\/04\/19\/una-nueva-materia-llamada-covid\/\">2022 abril. Una nueva materia llamada covid<\/a><\/p>\r\n<!-- \/wp:paragraph -->\r\n\r\n<!-- wp:paragraph -->\r\n<p><a href=\"https:\/\/ambel.com.es\/wordpress\/2022\/02\/07\/de-la-abstraccion-a-la-fantasia\/\">2022 enero de la abstracci\u00f3n a la fantas\u00eda<\/a><\/p>\r\n<!-- \/wp:paragraph -->\r\n\r\n<!-- wp:paragraph --><!-- \/wp:paragraph -->\r\n\r\n<!-- wp:paragraph -->\r\n<p><a href=\"https:\/\/www.google.com\/url?q=https:\/\/www.youtube.com\/watch?v%3DeSGVbuY1WIs&amp;sa=D&amp;source=editors&amp;ust=1630873069085000&amp;usg=AOvVaw1rq2S_0D4pYQx_4-QFemuh\">2021 julio. Exposici\u00f3n internacional colectiva \u201cGois Oroso Arte\u201d, con la obra \u201cMasclet\u00e0 Virtual\u201d<\/a><\/p>\r\n<!-- \/wp:paragraph -->\r\n\r\n<!-- wp:paragraph -->\r\n<p><a href=\"https:\/\/www.youtube.com\/watch?v=OsGol4oVl1c\">2021 octubre. Mural interactivo del pabell\u00f3n de Moa\u00f1a \u00a0(Pontevedra) \u201cLuar das cores\u201d IES As Barxas<\/a><\/p>\r\n<!-- \/wp:paragraph -->\r\n\r\n<!-- wp:paragraph -->\r\n<p><a href=\"https:\/\/ambel.com.es\/wordpress\/2023\/01\/27\/2021-mural-interactivo-el-libro-del-dia-y-la-noche-ies-as-barxas-moana\/\">2021 septiembre. Mural interactivo \u201cEl libro del d\u00eda y la noche\u201d IES as Barxas Moa\u00f1a<\/a><\/p>\r\n<!-- \/wp:paragraph -->\r\n\r\n<!-- wp:paragraph -->\r\n<p><a href=\"https:\/\/www.youtube.com\/watch?v=eZ6r_XjagHc\">2021 septiembre. Primer mural interactivo de Pontevedra , asociaci\u00f3n Boa Vida en Pontevedra<\/a><\/p>\r\n<!-- \/wp:paragraph -->\r\n\r\n<!-- wp:paragraph -->\r\n<p><a href=\"https:\/\/ambel.com.es\/wordpress\/2023\/01\/27\/2020-agosto-a-sombra-da-noitina-ateneo-de-combarro-pontevedra\/\">2020 agosto. A sombra da noiti\u00f1a, Ateneo de Combarro (Pontevedra)<\/a><\/p>\r\n<!-- \/wp:paragraph -->\r\n\r\n<!-- wp:paragraph -->\r\n<p><a href=\"https:\/\/www.google.com\/url?q=https:\/\/www.youtube.com\/watch?v%3DQ2Kw8WGW6pA&amp;sa=D&amp;source=editors&amp;ust=1630873069088000&amp;usg=AOvVaw01I8GIN38dUc7b7ClIgTAK\">2020 julio. El primer Mural interactivo de Portugal en la Casa de la Cultura de Gois<\/a>\u00a0<\/p>\r\n<!-- \/wp:paragraph -->\r\n\r\n<!-- wp:paragraph -->\r\n<p><a href=\"https:\/\/ambel.com.es\/wordpress\/2023\/01\/27\/2020-julio-exposicion-internacional-de-arte-gois-portugal-participacion-con-la-obra-pasacalles-sin-calles\/\">2020 julio. Exposici\u00f3n internacional de Arte G\u00f3is Portugal. Participaci\u00f3n con la obra \u201cPasacalles sin calles\u201d\u00a0<\/a><\/p>\r\n<!-- \/wp:paragraph -->\r\n\r\n<!-- wp:paragraph -->\r\n<p><a href=\"https:\/\/ambel.com.es\/wordpress\/2023\/01\/27\/2020-julio-rotulo-de-la-casa-del-artista-en-gois-portugal\/\">2020 julio. R\u00f3tulo de la casa del artista en Go\u00eds (Portugal)\u00a0<\/a><\/p>\r\n<!-- \/wp:paragraph -->\r\n\r\n<!-- wp:paragraph -->\r\n<p><a href=\"https:\/\/ambel.com.es\/wordpress\/2023\/01\/15\/human-big-data\/\">2020 mayo.\u201cHuman Big Data\u201d una aportaci\u00f3n para el futuro inmediato de la sanidad<\/a><\/p>\r\n<p>2020 abril. Ejemplos interactivos de fundamentos del Arte, descarga a continuaci\u00f3n<\/p>\r\n<!-- \/wp:paragraph -->\r\n\r\n<!-- wp:paragraph -->\r\n<p><em><a href=\"https:\/\/ambel.com.es\/wordpress\/wp-content\/uploads\/2024\/12\/ejemplos-fundamentos-del-arte-parte-1-para-web.zip\">\u00a0 \u00a0 \u00a0 \u00a0 \u00a0 ejemplos fundamentos del arte parte 1<\/a><\/em><\/p>\r\n<!-- \/wp:paragraph -->\r\n\r\n<!-- wp:paragraph -->\r\n<p>2020 abril. Ejemplos interactivos de fundamentos del Arte 2. descarga a continuaci\u00f3n<\/p>\r\n<p><em><a href=\"https:\/\/ambel.com.es\/wordpress\/wp-content\/uploads\/2023\/01\/ejemplos-fundamentos-del-arte-parte-2-para-web.zip\">&#8212;&#8212;&#8212;ejemplos fundamentos del arte parte 2 <\/a><\/em><\/p>\r\n<!-- \/wp:paragraph -->\r\n\r\n<!-- wp:paragraph -->\r\n<p><a href=\"https:\/\/ambel.com.es\/wordpress\/NewFolder\/titulador (1).html\">Titulador de letras, generador de t\u00edtulos<\/a><\/p>\r\n<!-- \/wp:paragraph -->\r\n\r\n<!-- wp:paragraph -->\r\n<p>Espejo de <a href=\"https:\/\/ambel.com.es\/wordpress\/wp-content\/uploads\/2023\/01\/Leonardo-escritura-invertida.html\">Leonardo<\/a><\/p>\r\n<p><a href=\"https:\/\/ambel.com.es\/wordpress\/wp-content\/uploads\/2023\/01\/Leonardo-escritura-invertida.html\"> escritura invertida<\/a><\/p>\r\n<!-- \/wp:paragraph -->\r\n\r\n<!-- wp:paragraph -->\r\n<p><a href=\"https:\/\/ambel.com.es\/wordpress\/2026\/01\/15\/dibujadores\/\">2020 marzo. Los dibujadores\u00a0<\/a><\/p>\r\n<p><a href=\"https:\/\/ambel.com.es\/wordpress\/wp-content\/uploads\/2026\/01\/composicion-cubos-isometricos.html\">cubos en isom\u00e9trica<\/a>, crea cubos y col\u00f3calos en un espacio isom\u00e9trico<\/p>\r\n<p>placas en isom\u00e9trica<a href=\"https:\/\/ambel.com.es\/wordpress\/wp-content\/uploads\/2023\/01\/creador-de-placas.html.html\">s: idea composiones con este elemto\u00a0 creador de placas.html<\/a><\/p>\r\n<p>barras en isom\u00e9trica comp\u00f3n con barras una estructura <a href=\"https:\/\/ambel.com.es\/wordpress\/wp-content\/uploads\/2023\/01\/creador-de-barras.html\">creador de barras<\/a><\/p>\r\n<p>combinaci\u00f3n de cubos placas y barras <a href=\"https:\/\/ambel.com.es\/wordpress\/wp-content\/uploads\/2023\/01\/creador-cubos-palcas-y-barras.html\">creador cubos palcas y barras<\/a><\/p>\r\n<!-- \/wp:paragraph -->\r\n\r\n<!-- wp:paragraph -->\r\n<p><a href=\"https:\/\/ambel.com.es\/wordpress\/2024\/11\/26\/ambel-youtube\/\">Ambel youtube. &#8212;&#8212;&#8212;<\/a><a href=\"https:\/\/ambel.com.es\/wordpress\/wp-content\/uploads\/2023\/01\/todos-los-videos.html\">todos los videos<\/a><\/p>\r\n<!-- \/wp:paragraph -->\r\n\r\n<!-- wp:paragraph --><!-- \/wp:paragraph -->\r\n\r\n<!-- wp:paragraph -->\r\n<p><a href=\"https:\/\/www.google.com\/url?q=https:\/\/www.youtube.com\/watch?v%3DKHhQLq9c4lE&amp;sa=D&amp;source=editors&amp;ust=1630873069094000&amp;usg=AOvVaw2Lmcmfq0qJ2BbtSsEKpsUP\">Propuesta trabajo fundamentos del arte: pergaminos inventados.<\/a>\u00a0Creatividad1234<\/p>\r\n<!-- \/wp:paragraph -->\r\n\r\n<!-- wp:paragraph -->\r\n<p><a href=\"https:\/\/www.google.com\/url?q=https:\/\/www.youtube.com\/watch?v%3DpMfffrtnsGg&amp;sa=D&amp;source=editors&amp;ust=1630873069094000&amp;usg=AOvVaw2BM1a76_CJgBGIjjPEiFm8\">Propuesta trabajo fundamentos del arte, letras capitulares.<\/a>\u00a0Creatividad1234<\/p>\r\n<!-- \/wp:paragraph -->\r\n\r\n<!-- wp:paragraph -->\r\n<p><a href=\"https:\/\/www.google.com\/url?q=https:\/\/www.youtube.com\/watch?v%3DrcmUtzji4Ts&amp;sa=D&amp;source=editors&amp;ust=1630873069095000&amp;usg=AOvVaw18DLTxF-KcospRwL9d4wrk\">Propuesta F.A, Una obra de arte dentro de otra obra de arte.<\/a>\u00a0Creatividad1234<\/p>\r\n<!-- \/wp:paragraph -->\r\n\r\n<!-- wp:paragraph -->\r\n<p><a href=\"https:\/\/ambel.com.es\/wordpress\/2023\/01\/27\/2019-junio-art-in-lima\/\">2019 junio. Art in Lima.\u00a0<\/a><\/p>\r\n<!-- \/wp:paragraph -->\r\n\r\n<!-- wp:paragraph --><!-- \/wp:paragraph -->\r\n\r\n<!-- wp:paragraph -->\r\n<p><a href=\"https:\/\/www.youtube.com\/watch?v=3IGsSMBZsjE\">2019 mayo. Obra interactiva \u201cEl futuro de la educaci\u00f3n\u201d\u00a0<\/a><\/p>\r\n<!-- \/wp:paragraph -->\r\n\r\n<!-- wp:paragraph -->\r\n<p><a href=\"https:\/\/ambel.com.es\/wordpress\/2023\/01\/27\/2018-abril-vigo-cidade-arte\/\">2018 julio. Exposici\u00f3n colectiva Acua calidae, Cuntis \u201cRios de Galicia\u201d<\/a><\/p>\r\n<!-- \/wp:paragraph -->\r\n\r\n<!-- wp:paragraph -->\r\n<p><a href=\"https:\/\/ambel.com.es\/wordpress\/2023\/01\/27\/2018-junio-mostrarte\/\">2018 junio. MOSTRARTE. Diez a\u00f1os de exposiciones en el Concello de Vigo<\/a><\/p>\r\n<!-- \/wp:paragraph -->\r\n\r\n<!-- wp:paragraph -->\r\n<p><a href=\"https:\/\/ambel.com.es\/wordpress\/2023\/01\/27\/2015-octubre-curarte-esposicion-hospital-de-fatima\/\">2015 octubre , CURARTE, esxosici\u00f3n Hospital de F\u00e1tima<\/a><\/p>\r\n<!-- \/wp:paragraph -->\r\n\r\n<!-- wp:paragraph -->\r\n<p><a href=\"https:\/\/www.youtube.com\/watch?v=38B2qBOGuDU\">2018 mayo. Mural exterior del Polit\u00e9cnico de Vigo.\u00a0<\/a><\/p>\r\n<!-- \/wp:paragraph -->\r\n\r\n<!-- wp:paragraph -->\r\n<p><a href=\"https:\/\/ambel.com.es\/wordpress\/2023\/02\/08\/2018-mayo-exposicion-colectiva-a-beneficio-de-tierra-de-hombres-un-viaxe-solidaria-e-creativa-a-vida\/\">2018 mayo . Exposici\u00f3n colectiva \u00a0a beneficio de \u201ctierra de hombres\u201d, un viaxe solidaria e creativa \u00e1 vida<\/a><\/p>\r\n<!-- \/wp:paragraph -->\r\n\r\n<!-- wp:paragraph -->\r\n<p><a href=\"https:\/\/www.google.com\/url?q=https:\/\/www.youtube.com\/watch?v%3DWTdnq-Qgqwc&amp;sa=D&amp;source=editors&amp;ust=1630873069103000&amp;usg=AOvVaw1_VwguR0xDKGAgidBlomvq\">2018 abril. \u201cLos caminos del hombre\u201d obra interactiva<\/a><\/p>\r\n<!-- \/wp:paragraph -->\r\n\r\n<!-- wp:paragraph -->\r\n<p><a href=\"https:\/\/www.google.com\/url?q=https:\/\/www.youtube.com\/watch?v%3DqKP0o3Etxzc&amp;sa=D&amp;source=editors&amp;ust=1630873069103000&amp;usg=AOvVaw3Gszro6GWCWfS2Ls5WDoRp\">20018 abril. El sill\u00f3n Macintosh.<\/a><\/p>\r\n<!-- \/wp:paragraph -->\r\n\r\n<!-- wp:paragraph -->\r\n<p><a href=\"https:\/\/ambel.com.es\/wordpress\/2023\/01\/27\/2018-abril-vigo-cidade-arte\/\">2018 abril. Vigo Cidade Arte<\/a><\/p>\r\n<!-- \/wp:paragraph -->\r\n\r\n<!-- wp:paragraph -->\r\n<p>2018 abril. <a href=\"https:\/\/www.google.com\/url?q=https:\/\/www.youtube.com\/watch?v%3DOuAL-SUKjtM&amp;sa=D&amp;source=editors&amp;ust=1630873069105000&amp;usg=AOvVaw0bejVAoiorc_TCbiVaWwgS\">Actuaci\u00f3n en la Bienal de Vilanova de la Cerveira \u201carte y movimiento\u201d<\/a><\/p>\r\n<!-- \/wp:paragraph -->\r\n\r\n<!-- wp:paragraph -->\r\n<p><a href=\"https:\/\/www.google.com\/url?q=https:\/\/www.youtube.com\/watch?v%3DSgoJ4UvS24c&amp;sa=D&amp;source=editors&amp;ust=1630873069105000&amp;usg=AOvVaw1caciLKnC7BXDCW2-H5NyV\">2018 marzo. \u201cLas cavernas de la historia\u201d<\/a><\/p>\r\n<!-- \/wp:paragraph -->\r\n\r\n<!-- wp:paragraph -->\r\n<p><a href=\"https:\/\/www.google.com\/url?q=https:\/\/www.youtube.com\/watch?v%3D7eb1Gj_4mBk&amp;sa=D&amp;source=editors&amp;ust=1630873069105000&amp;usg=AOvVaw1hDSkAknRTWGjEksi68Shg\">2018 enero. Coloquios con el artista. Mingos Teixeira<\/a><\/p>\r\n<!-- \/wp:paragraph -->\r\n\r\n<!-- wp:paragraph -->\r\n<p><a href=\"https:\/\/ambel.com.es\/wordpress\/2023\/01\/27\/2018-abril-vigo-cidade-arte\/\">2017 junio-julio. Exposici\u00f3n en la Alcald\u00eda de Vigo, Vigo la Ciudad Arte \u201cVigo a cidade arte\u201d<\/a><\/p>\r\n<!-- \/wp:paragraph -->\r\n\r\n<!-- wp:paragraph -->\r\n<p><a href=\"https:\/\/ambel.com.es\/wordpress\/2023\/02\/08\/2017-junio-coloquio-con-el-artista-presentacion-en-el-concello-de-vigo-con-la-participacion-de-jose-mejuto-y-marian-priego\/\">2017 junio. Coloquios con el artista. Presentaci\u00f3n en el Concello de Vigo, con la participaci\u00f3n de Jos\u00e9\u00a0 Mejuto y Marian Priego\u00a0<\/a><\/p>\r\n<!-- \/wp:paragraph -->\r\n\r\n<!-- wp:paragraph -->\r\n<p><a href=\"https:\/\/ambel.com.es\/wordpress\/2023\/01\/27\/2015-octubre-curarte-esposicion-hospital-de-fatima\/\">2017 febrero. Exposici\u00f3n de pintura Cur-Arte en el hospital Vithas de F\u00e1tima (Vigo)<\/a><\/p>\r\n<!-- \/wp:paragraph -->\r\n\r\n<!-- wp:paragraph -->\r\n<p><a href=\"https:\/\/ambel.com.es\/wordpress\/2023\/01\/19\/2014-comic-creatividad-y-nuevas-tecnologias\/\">2016 abril. Creatividad y nuevas tecnolog\u00edas. Proyecta, Proxecta<\/a><\/p>\r\n<!-- \/wp:paragraph -->\r\n\r\n<!-- wp:paragraph -->\r\n<p><a href=\"https:\/\/www.google.com\/url?q=https:\/\/www.youtube.com\/watch?v%3D91nc96HY_Ww&amp;sa=D&amp;source=editors&amp;ust=1630873069119000&amp;usg=AOvVaw1RyNhvmzQ-ZmXyaQMr1Jnc\">2015 septiembre. Proyecto para la creaci\u00f3n de un manual digital compatible con papel sobre fundamentos del arte, materia de bachillerato art\u00edstico de 1\u00ba<\/a><\/p>\r\n<!-- \/wp:paragraph -->\r\n\r\n<!-- wp:paragraph -->\r\n<p><a href=\"https:\/\/ambel.com.es\/wordpress\/2023\/01\/15\/cuestionarte-2\/\">2015 julio \u201cCuestionarte\u201d, reflexi\u00f3n al l\u00edmite de la est\u00e9tica, pdf<\/a><\/p>\r\n<!-- \/wp:paragraph -->\r\n\r\n<!-- wp:paragraph -->\r\n<p><a href=\"https:\/\/www.google.com\/url?q=https:\/\/www.youtube.com\/watch?v%3DCc_GdeWBAtg&amp;sa=D&amp;source=editors&amp;ust=1630873069120000&amp;usg=AOvVaw2C2ijdO2miWi6tJhwMPrbO\">2015 noviembre \u201cVigo.de vista\u201d, exposici\u00f3n de pintura en el C\u00edrculo de Empresarios de Galicia<\/a><\/p>\r\n<!-- \/wp:paragraph -->\r\n\r\n<!-- wp:paragraph -->\r\n<p>2015 noviembre.\u00a0<a href=\"https:\/\/www.google.com\/url?q=https:\/\/www.youtube.com\/watch?v%3DVnU5PGRGvDA&amp;sa=D&amp;source=editors&amp;ust=1630873069121000&amp;usg=AOvVaw3xhr-9bWl_eacw_2WD32LV\">Entrevista con Raquel S\u00e1nchez\u00a0 Onda Cero<\/a><\/p>\r\n<!-- \/wp:paragraph -->\r\n\r\n<!-- wp:paragraph -->\r\n<p><a href=\"https:\/\/ambel.com.es\/wordpress\/2023\/01\/15\/ambel-45-anos-de-creatividad\/\">2013 julio. Ambel, 45 a\u00f1os de creatividad. Obras realizadas entre 1968 y 2013. pdf<\/a><\/p>\r\n<!-- \/wp:paragraph -->\r\n\r\n<!-- wp:paragraph -->\r\n<p><a href=\"https:\/\/ambel.com.es\/wordpress\/2023\/01\/27\/2014-noviembre-exposicion-el-colorido-de-vigo-a-portugal-entre-veleros-en-el-real-club-nautico-de-vigo\/\">2014 noviembre. Exposici\u00f3n \u201cEl colorido de Vigo a Portugal entre veleros\u201d en el Real Club N\u00e1utico de Vigo<\/a><\/p>\r\n<!-- \/wp:paragraph -->\r\n\r\n<!-- wp:paragraph -->\r\n<p><a href=\"https:\/\/ambel.com.es\/wordpress\/2023\/01\/15\/cartel-exposicion-bbva\/\">2014 junio. Exposici\u00f3n en la sala del BBVA de Vigo. \u201cVigo e passos Portugal\u201d, 5 al 30<\/a><\/p>\r\n<!-- \/wp:paragraph -->\r\n\r\n<!-- wp:paragraph -->\r\n<p><a href=\"https:\/\/ambel.com.es\/wordpress\/2023\/01\/19\/nociones-de-diseno-grafico-en-secundaria\/\">2014 enero. Nociones de dise\u00f1o gr\u00e1fico para secundaria. Creatividad1234<\/a><\/p>\r\n<!-- \/wp:paragraph -->\r\n\r\n<!-- wp:paragraph -->\r\n<p><a href=\"https:\/\/ambel.com.es\/wordpress\/2023\/01\/19\/2011-actividades-prensa-escuela\/\">2013 diciembre. Actividades con el peri\u00f3dico. Creatividad1234<\/a><\/p>\r\n<!-- \/wp:paragraph -->\r\n\r\n<!-- wp:paragraph -->\r\n<p><a href=\"https:\/\/ambel.com.es\/wordpress\/2023\/01\/19\/prensa-escuela-mas-actividades\/\">2013 diciembre. Actividades con prensa escuela<\/a><\/p>\r\n<!-- \/wp:paragraph -->\r\n\r\n<!-- wp:paragraph -->\r\n<p><a href=\"https:\/\/www.google.com\/url?q=https:\/\/www.youtube.com\/watch?v%3DzcXdf8PjDlk&amp;sa=D&amp;source=editors&amp;ust=1630873069125000&amp;usg=AOvVaw3oihm8w--Oe4dIgiR2oYhE\">2013 noviembre. 10 a\u00f1os despu\u00e9s: \u201ctar spirit\u201d<\/a><\/p>\r\n<!-- \/wp:paragraph -->\r\n\r\n<!-- wp:paragraph -->\r\n<p><a href=\"https:\/\/ambel.com.es\/wordpress\/2023\/01\/15\/catalogo-cep\/\">2013 octubre. El colorido empresarial de Vigo<\/a><\/p>\r\n<!-- \/wp:paragraph -->\r\n\r\n<!-- wp:paragraph -->\r\n<p><a href=\"https:\/\/www.google.com\/url?q=http:\/\/www.youtube.com\/watch?v%3DOEcO8NL5V8s&amp;sa=D&amp;source=editors&amp;ust=1630873069126000&amp;usg=AOvVaw0ULv8XWQIdHXyzypEcxXM_\">2013 agosto. Diez a\u00f1os de la Mirada de Uskar<\/a><\/p>\r\n<!-- \/wp:paragraph -->\r\n\r\n<!-- wp:paragraph -->\r\n<p><a href=\"https:\/\/www.google.com\/url?q=https:\/\/www.youtube.com\/watch?v%3DkiuQ-Ab50ws&amp;sa=D&amp;source=editors&amp;ust=1630873069126000&amp;usg=AOvVaw35-4TT_zIavpKDVDneS3fs\">2013 Junio .\u201cDe Vigo a Moa\u00f1a, paisaje, arte y gastronom\u00eda<\/a>\u201d<\/p>\r\n<!-- \/wp:paragraph -->\r\n\r\n<!-- wp:paragraph -->\r\n<p><a href=\"https:\/\/ambel.com.es\/wordpress\/2024\/11\/17\/vigo-desde-cangas\/\">2013 enero .\u201cVigo desde Cangas\u201d pintura sobre soporte reciclado.<\/a><\/p>\r\n<!-- \/wp:paragraph -->\r\n\r\n<!-- wp:paragraph -->\r\n<p><a href=\"https:\/\/www.youtube.com\/watch?v=zcXdf8PjDlk\">2013 diciembre. Chapapote.<\/a><\/p>\r\n<!-- \/wp:paragraph -->\r\n\r\n<!-- wp:paragraph -->\r\n<p><a href=\"https:\/\/www.youtube.com\/watch?v=Xelw3BFNad8&amp;list=RDXelw3BFNad8&amp;start_radio=1\">2013 julio. Una nueva papeleta para la democracia<\/a><\/p>\r\n<!-- \/wp:paragraph -->\r\n\r\n<!-- wp:paragraph -->\r\n<p><a href=\"https:\/\/ambel.com.es\/wordpress\/2023\/01\/26\/2029-agosto-una-nueva-papeleta-para-la-democracia\/\">Una nueva papeleta para la democracia. art\u00edculo<\/a><\/p>\r\n<!-- \/wp:paragraph -->\r\n\r\n<!-- wp:paragraph -->\r\n<p><a href=\"https:\/\/www.google.com\/url?q=https:\/\/www.youtube.com\/watch?v%3Dd3MU4x2QuLA&amp;sa=D&amp;source=editors&amp;ust=1630873069134000&amp;usg=AOvVaw36OyUGD0athDi-S-UDdFLc\">2013 junio Arte, paisaje y gastronom\u00eda<\/a><\/p>\r\n<!-- \/wp:paragraph -->\r\n\r\n<!-- wp:paragraph -->\r\n<p><a href=\"https:\/\/ambel.com.es\/wordpress\/2023\/01\/26\/2013-febrero-promocion-del-comic-en-el-moana\/\">2013 febrero. Promoci\u00f3n del c\u00f3mic en el Moa\u00f1a<\/a><\/p>\r\n<!-- \/wp:paragraph -->\r\n\r\n<!-- wp:paragraph -->\r\n<p><a href=\"http:\/\/humany-works.blogspot.com\/Homenaje%20a%20personas%20y%20oficios\">2012 diciembre Humany works<\/a><\/p>\r\n<!-- \/wp:paragraph -->\r\n\r\n<!-- wp:paragraph -->\r\n<p><a href=\"https:\/\/ambel.com.es\/wordpress\/2023\/01\/26\/2012-noviembre-veinte-anos-de-los-sistemas-de-informacion-interactiva\/\">2012 noviembre. Veinte a\u00f1os de los sistemas de informaci\u00f3n interactiva<\/a><\/p>\r\n<!-- \/wp:paragraph -->\r\n\r\n<!-- wp:paragraph -->\r\n<p><a href=\"https:\/\/www.fundacionmapfre.org\/arte-y-cultura\/exposiciones\/historico\/ano-2017\/retratoscoleccion\/\">2012 octubre. Los mejores retratos en la Fundaci\u00f3n Mafre<\/a><\/p>\r\n<!-- \/wp:paragraph -->\r\n\r\n<!-- wp:paragraph -->\r\n<p><a href=\"https:\/\/ambel.com.es\/wordpress\/2023\/01\/15\/university-of-live\/\">2012 julio. Fundaci\u00f3n de la University o Live<\/a><\/p>\r\n<!-- \/wp:paragraph -->\r\n\r\n<!-- wp:paragraph -->\r\n<p><a href=\"https:\/\/ambel.com.es\/C:%5CUsers%5CRAFAEL%5CDesktop%5Cambel.com.es%5Cambel.com.es%5Cwordpress%5C2023%5C01%5C\">2012 junio. F\u00e1tima en el coraz\u00f3n de Vigo, exposici\u00f3n de pintura de Ambel<\/a><\/p>\r\n<!-- \/wp:paragraph -->\r\n\r\n<!-- wp:paragraph -->\r\n<p><a href=\"https:\/\/ambel.com.es\/wordpress\/2023\/01\/15\/el-arte-del-profesor\/\">2011 junio. El arte del profesor<\/a><\/p>\r\n<!-- \/wp:paragraph -->\r\n\r\n<!-- wp:paragraph -->\r\n<p><a href=\"https:\/\/www.google.es\/search?q=henry+moore+dibujos&amp;hl=es&amp;prmd=imvnso&amp;tbm=isch&amp;tbo=u&amp;source=univ&amp;sa=X&amp;ei=Jf16T6ioB4y4hAfS9p09&amp;ved=0CCUQsAQ&amp;biw=839&amp;bih=798\">2011 julio. HENRY MOORE obra gr\u00e1fica original<\/a><\/p>\r\n<!-- \/wp:paragraph -->\r\n\r\n<!-- wp:paragraph -->\r\n<p><a href=\"https:\/\/ambel.com.es\/wordpress\/2023\/02\/06\/2010-febrero-abstraccion-geometrica-africa-america\/\">2010 febrero. Abstracci\u00f3n geom\u00e9trica \u00c1frica Am\u00e9rica<\/a><\/p>\r\n<!-- \/wp:paragraph -->\r\n\r\n<!-- wp:paragraph -->\r\n<p><a href=\"https:\/\/ambel.com.es\/wordpress\/2023\/01\/26\/2010-junio-exposicion-de-pintura-recetas-graficas\/\">2010 junio. Exposici\u00f3n de pintura Recetas gr\u00e1ficas, Casa del Libro de Vigo<\/a><\/p>\r\n<!-- \/wp:paragraph -->\r\n\r\n<!-- wp:paragraph -->\r\n<p><a href=\"https:\/\/ambel.com.es\/wordpress\/2023\/01\/26\/2012-diciembre-vigo-desde-mos\/\">2012 diciembre. Vigo desde Mos<\/a><\/p>\r\n<!-- \/wp:paragraph -->\r\n\r\n<!-- wp:paragraph -->\r\n<p><a href=\"https:\/\/ambel.com.es\/wordpress\/2023\/01\/26\/2012-junio-fatima-en-el-corazon-de-vigo-exposicion-de-pintura-de-ambel\/\">2012 junio. F\u00e1tima en el coraz\u00f3n de Vigo, exposici\u00f3n de pintura de Ambel<\/a><\/p>\r\n<!-- \/wp:paragraph -->\r\n\r\n<!-- wp:paragraph -->\r\n<p>\u00a0 \u00a0 <a href=\"https:\/\/www.google.com\/url?q=https:\/\/www.youtube.com\/watch?v%3DhJJxaQKoNFY&amp;sa=D&amp;source=editors&amp;ust=1630873069129000&amp;usg=AOvVaw3cr656XPm1eYkEZ2J1NiCV\">V\u00eddeo de Miguel Reig<\/a><\/p>\r\n<!-- \/wp:paragraph -->\r\n\r\n<!-- wp:paragraph -->\r\n<p><a href=\"https:\/\/www.google.com\/url?q=https:\/\/www.youtube.com\/watch?v%3DLykydUYauZU%26t%3D8s&amp;sa=D&amp;source=editors&amp;ust=1630873069130000&amp;usg=AOvVaw1Ud9cu2H5swJ0neniWiFwU\">2012 marzo. Entrevista en el Restaurante Casa Alfredo<\/a><\/p>\r\n<!-- \/wp:paragraph -->\r\n\r\n<!-- wp:paragraph -->\r\n<p><a href=\"https:\/\/www.google.com\/url?q=https:\/\/www.youtube.com\/watch?v%3DbQWbI1yumL0&amp;sa=D&amp;source=editors&amp;ust=1630873069130000&amp;usg=AOvVaw11Bb6ItI7u8vyX5GAJPHp-\">2012 enero. Vigo en el coraz\u00f3n de Madrid<\/a><\/p>\r\n<p><a href=\"https:\/\/ambel.com.es\/wordpress\/2024\/11\/17\/catalogo-vigo-en-el-corazon-de-madrid\/\">Cat\u00e1logo Vigo en el Coraz\u00f3n de Madrid<\/a><\/p>\r\n<!-- \/wp:paragraph -->\r\n\r\n<!-- wp:paragraph -->\r\n<p>2010 julio. exposici\u00f3n de pintura Vigo-Metr\u00f3polis. Diputaci\u00f3n de Pontevedra:<\/p>\r\n<!-- \/wp:paragraph -->\r\n\r\n<!-- wp:paragraph -->\r\n<ul>\r\n<li><a href=\"https:\/\/www.google.com\/url?q=https:\/\/www.youtube.com\/watch?v%3DrQrdSFiYCzw&amp;sa=D&amp;source=editors&amp;ust=1630873069132000&amp;usg=AOvVaw1GyM3lJpR650iXJKIrq44i\">Vigo Metr\u00f3polis<\/a>, video<\/li>\r\n<\/ul>\r\n<!-- \/wp:paragraph -->\r\n\r\n<!-- wp:paragraph -->\r\n<ul>\r\n<li><a href=\"https:\/\/ambel.com.es\/wordpress\/2023\/01\/15\/vigo-metropolis\/\">Vigo Metr\u00f3polis, art\u00edculo<\/a><\/li>\r\n<li>\u00a0<\/li>\r\n<li><a href=\"https:\/\/ambel.com.es\/wordpress\/2023\/01\/18\/vigo-metropolis-sede-de-la-diputacion-de-pontevedra-en-vigo\/\">Vigo Metr\u00f3polis cat\u00e1logo.<\/a><\/li>\r\n<\/ul>\r\n<!-- \/wp:paragraph -->\r\n\r\n<!-- wp:paragraph -->\r\n<p><a href=\"https:\/\/www.google.com\/url?q=https:\/\/www.youtube.com\/watch?v%3DWR6kfFTEcec&amp;sa=D&amp;source=editors&amp;ust=1630873069142000&amp;usg=AOvVaw2obSwfFuLvEDBCQGFimt6l\">2009 mayo. Exposici\u00f3n obra gr\u00e1fica en el Colegio de Abogados de Valencia<\/a><\/p>\r\n<p><a href=\"https:\/\/ambel.com.es\/wordpress\/2023\/01\/18\/exposicion-en-el-colegio-de-abogados-de-valencia-100-aniversario\/\">catalogo exposici\u00f3n obra gr\u00e1fica<\/a><\/p>\r\n<!-- \/wp:paragraph -->\r\n\r\n<!-- wp:paragraph -->\r\n<p><a href=\"https:\/\/ambel.com.es\/wordpress\/2023\/02\/26\/2008-mayo-disenos-hipermedia-e-interactivos-para-la-publicidad\/\">2008 mayo. Dise\u00f1os hipermedia e interactivos para la publicidad<\/a><\/p>\r\n<!-- \/wp:paragraph -->\r\n\r\n<!-- wp:paragraph -->\r\n<p><a href=\"https:\/\/ambel.com.es\/wordpress\/2023\/01\/26\/2004-octubre-la-danza-del-fuego\/\">2008 mayo. Danza del fuego<\/a><\/p>\r\n<!-- \/wp:paragraph -->\r\n\r\n<!-- wp:paragraph -->\r\n<p><a href=\"https:\/\/ambel.com.es\/wordpress\/2023\/01\/26\/2007-septiembre-exposicion-de-pintura-en-el-palacio-de-la-diputacion-de-cuenca\/\">2007 septiembre. Exposici\u00f3n de pintura en el Palacio de la Diputaci\u00f3n de Cuenca<\/a><\/p>\r\n<p><a href=\"https:\/\/ambel.com.es\/wordpress\/2023\/01\/26\/2007-septiembre-exposicion-de-pintura-en-el-palacio-de-la-diputacion-de-cuenca\/\">2007 cat\u00e1logo<\/a><\/p>\r\n<!-- \/wp:paragraph -->\r\n\r\n<!-- wp:paragraph --><!-- \/wp:paragraph -->\r\n\r\n<!-- wp:paragraph -->\r\n<p><a href=\"https:\/\/ambel.com.es\/wordpress\/2023\/01\/27\/2007-la-mascleta-virtual\/t\">2007 la masclet\u00e1 virtual<\/a><\/p>\r\n<!-- \/wp:paragraph -->\r\n\r\n<!-- wp:paragraph -->\r\n<p><a href=\"https:\/\/ambel.com.es\/wordpress\/2023\/01\/17\/lo-que-el-cuadro-escucha-en-marco-de-vigo\/\">2007 abril. Lo que un cuadro escucha<\/a><\/p>\r\n<!-- \/wp:paragraph -->\r\n\r\n<!-- wp:paragraph -->\r\n<p><a href=\"https:\/\/ambel.com.es\/wordpress\/2023\/01\/26\/2007-enero-cuadro-interactivo-imagen-dulce-sueno-de-los-mortales\/\">2007 enero. Cuadro interactivo imagen (\u201cdulce sue\u00f1o de los mortales\u201d)<\/a><\/p>\r\n<!-- \/wp:paragraph -->\r\n\r\n<!-- wp:paragraph -->\r\n<p><a href=\"https:\/\/ambel.com.es\/wordpress\/2023\/01\/15\/cuadro-interactivo\/\">2007 enero. Cuadro interactivo (art\u00edculo)<\/a><\/p>\r\n<!-- \/wp:paragraph -->\r\n\r\n<!-- wp:paragraph -->\r\n<p><a href=\"https:\/\/ambel.com.es\/wordpress\/2023\/01\/15\/tecnica-mixta\/\">2006 julio. Sin t\u00edtulo t\u00e9cnica mixta\u00a0\u00a0(art\u00edculo)<\/a><\/p>\r\n<!-- \/wp:paragraph -->\r\n\r\n<!-- wp:paragraph -->\r\n<p><a href=\"https:\/\/ambel.com.es\/wordpress\/2023\/01\/15\/el-progreso-en-el-mundo-del-color\/\">2006 mayo. Progreso en el mundo del color\u00a0\u00a0(art\u00edculo)<\/a><\/p>\r\n<!-- \/wp:paragraph -->\r\n\r\n<!-- wp:paragraph -->\r\n<p><a href=\"https:\/\/www.google.com\/url?q=http:\/\/www.webs.uvigo.es\/rjambel\/interdisciplinariedad.pdf&amp;sa=D&amp;source=editors&amp;ust=1630873069148000&amp;usg=AOvVaw0IMydVaEJopSGOQOjx76wO\">2006 febrero. Interdisciplinariedad, creatividad y comunicaci\u00f3n\u00a0<\/a>\u00a0(art\u00edculo)<\/p>\r\n<!-- \/wp:paragraph -->\r\n\r\n<!-- wp:paragraph -->\r\n<p><a href=\"https:\/\/www.google.com\/url?q=http:\/\/www.youtube.com\/watch?v%3DBLMkwB7tk9E&amp;sa=D&amp;source=editors&amp;ust=1630873069149000&amp;usg=AOvVaw2rvnoA43BqbuzMjup8aQlc\">2006 abril. Madre c\u00e9lulas y el plano de la imagen<\/a><\/p>\r\n<!-- \/wp:paragraph -->\r\n\r\n<!-- wp:paragraph -->\r\n<p><a href=\"https:\/\/www.museothyssen.org\/exposiciones\/vanguardias-rusas\">2006 febrero. Laboratorio de formas, las vanguardias rusas<\/a><\/p>\r\n<!-- \/wp:paragraph -->\r\n\r\n<!-- wp:paragraph -->\r\n<p><a href=\"https:\/\/ambel.com.es\/wordpress\/2023\/01\/17\/proyectos-presentados-en-diseno-de-la-ingenieria-y-ciencias-sociales-comunicacion-y-relaciones-publicas-y-publicidad\/\">2005 proyectos presentados para el bienio<\/a>, Unversidad de Vgo<\/p>\r\n<!-- \/wp:paragraph -->\r\n\r\n<!-- wp:paragraph -->\r\n<p><a href=\"http:\/\/www.ambel.com.es\/DIDACTICA%20DIB\">2005 julio. Introducci\u00f3n a los programas de dibujo y dise\u00f1o asistido por ordenador<\/a><\/p>\r\n<!-- \/wp:paragraph -->\r\n\r\n<!-- wp:paragraph -->\r\n<p><a href=\"https:\/\/ambel.com.es\/wordpress\/2023\/02\/24\/2005-mayo-construccion-de-la-imagen-corporativa\/\">2005 mayo. La construcci\u00f3n de la imagen visual como valor corporativo de las empresas y las instituciones<\/a><\/p>\r\n<!-- \/wp:paragraph -->\r\n\r\n<!-- wp:paragraph -->\r\n<p><a href=\"https:\/\/ambel.com.es\/wordpress\/2023\/01\/16\/dibujo-de-la-forma\/\">2005 enero. Un m\u00e9todo para aprender a dibujar la forma<\/a><\/p>\r\n<!-- \/wp:paragraph -->\r\n\r\n<!-- wp:paragraph -->\r\n<p><a href=\"https:\/\/www.google.com\/url?q=https:\/\/www.youtube.com\/watch?v%3DndHLKlchYH8&amp;sa=D&amp;source=editors&amp;ust=1630873069151000&amp;usg=AOvVaw1xZsbUT8_pDwobhSVRCk3e\">2004 diciembre. Carpeta de dibujos de Ambel<\/a><\/p>\r\n<!-- \/wp:paragraph -->\r\n\r\n<!-- wp:paragraph -->\r\n<p><a href=\"https:\/\/ambel.com.es\/wordpress\/2023\/01\/15\/arte-interactivo-en-el-paisaje\/\">2004 diciembre. Arte interactivo en el paisaje\u00a0\u00a0(art\u00edculo)<\/a><\/p>\r\n<!-- \/wp:paragraph -->\r\n\r\n<!-- wp:paragraph -->\r\n<p><a href=\"https:\/\/ambel.com.es\/wordpress\/2024\/11\/17\/la-danza-del-fuego\/\">2004 octubre.\u00a0 La danza del fuego<\/a><\/p>\r\n<!-- \/wp:paragraph -->\r\n\r\n<!-- wp:paragraph -->\r\n<p><a href=\"https:\/\/ambel.com.es\/wordpress\/2023\/01\/17\/ntermedios-un-museo-en-los-medos-impresos\/\">2004 septiembre. Un museo en los medios impresos<\/a><\/p>\r\n<!-- \/wp:paragraph -->\r\n\r\n<!-- wp:paragraph -->\r\n<p><a href=\"https:\/\/ambel.com.es\/wordpress\/2023\/01\/15\/secuencias-de-memoria\/\">2004 agosto. Secuencias de memoria,\u00a0 el desastre tecnol\u00f3gico<\/a><\/p>\r\n<!-- \/wp:paragraph -->\r\n\r\n<!-- wp:paragraph -->\r\n<p><a href=\"https:\/\/ambel.com.es\/wordpress\/2023\/01\/10\/la-tipografia-digital-en-el-proyecto-audiovisual-3-libros-referencia-en-pdf-a-julio-de-2004\/\">2004 julio. La tipograf\u00eda digital en el proyecto audiovisual<\/a><\/p>\r\n<!-- \/wp:paragraph -->\r\n\r\n<!-- wp:paragraph -->\r\n<p><a href=\"https:\/\/ambel.com.es\/wordpress\/2023\/01\/26\/2004-junio-arte-y-ordenador-5o-universidad-de-vigo\/\">2004 junio. Arte y Ordenador 5\u00ba UNIVERSIDAD DE VIGO<\/a><\/p>\r\n<!-- \/wp:paragraph -->\r\n\r\n<!-- wp:paragraph -->\r\n<p><a href=\"https:\/\/ambel.com.es\/wordpress\/2024\/11\/17\/motivacion-por-el-diseno-en-la-educacion-secundaria\/\">2004 mayo. Motivaci\u00f3n por el dise\u00f1o en la educaci\u00f3n secundaria<\/a><\/p>\r\n<!-- \/wp:paragraph -->\r\n\r\n<!-- wp:paragraph -->\r\n<p><a href=\"https:\/\/www.google.com\/url?q=https:\/\/www.youtube.com\/watch?v%3DHRm3eWbtKds%26list%3DUUzhJHj0PtIG9VMgiR738dLg%26index%3D2&amp;sa=D&amp;source=editors&amp;ust=1630873069156000&amp;usg=AOvVaw17i_cZ0jzkzBFaQ-PozreP\">2004 febrero. Construcci\u00f3n de un drag\u00f3n en piedra artificial<\/a><\/p>\r\n<!-- \/wp:paragraph -->\r\n\r\n<!-- wp:paragraph -->\r\n<p><a href=\"https:\/\/ambel.com.es\/wordpress\/2023\/01\/22\/coleccionismo-de-empresa\/\">2004 abril. Coleccionismo de empresa<\/a><\/p>\r\n<!-- \/wp:paragraph -->\r\n\r\n<!-- wp:paragraph -->\r\n<p><a href=\"https:\/\/ambel.com.es\/wordpress\/2024\/11\/16\/hypercard\/\">2004 marzo \u00bfQui\u00e9n se ha tragado a HyperCard?<\/a><\/p>\r\n<p><a href=\"https:\/\/ambel.com.es\/wordpress\/2023\/01\/15\/participacion-concurso-nuevo-colegio-arquitectos-de-vigo\/\">2004 Enero\u00a0 concurso de ideas, Colegio Arquitectos de Vigo<\/a><\/p>\r\n<!-- \/wp:paragraph -->\r\n\r\n<!-- wp:paragraph --><!-- \/wp:paragraph -->\r\n\r\n<!-- wp:paragraph -->\r\n<p><a href=\"https:\/\/www.imersa.org\/\">2003 diciembre II foro de inmersi\u00f3n en educaci\u00f3n\u00a0 art\u00edstica y museos\u00a0<\/a><\/p>\r\n<!-- \/wp:paragraph -->\r\n\r\n<!-- wp:paragraph -->\r\n<p><a href=\"https:\/\/ambel.com.es\/wordpress\/2023\/01\/26\/2003-noviembre-el-tiempo-grafico\/\">2003 noviembre\u00a0El tiempo gr\u00e1fico\u00a0<\/a><\/p>\r\n<!-- \/wp:paragraph -->\r\n\r\n<!-- wp:paragraph -->\r\n<p><a href=\"https:\/\/www.google.com\/url?q=http:\/\/translate.google.es\/translate?hl%3Des%26langpair%3Den%257Ces%26u%3Dhttp:\/\/www.artandeducation.net\/author\/massachusetts_institute_of\/&amp;sa=D&amp;source=editors&amp;ust=1630873069159000&amp;usg=AOvVaw2SwGru-l-7ZZcZQ4MhctNr\">2003 octubre\u00a0Nuevos conceptos en educaci\u00f3n art\u00edstica y nuevos medios<\/a><\/p>\r\n<!-- \/wp:paragraph -->\r\n\r\n<!-- wp:paragraph -->\r\n<p><a href=\"https:\/\/ambel.com.es\/wordpress\/wp-content\/uploads\/2024\/11\/la-fuente-de-las-imagenes.pdf\">2003 julio-A fonte das imaxes<\/a><\/p>\r\n<!-- \/wp:paragraph -->\r\n\r\n<!-- wp:paragraph -->\r\n<p><a href=\"https:\/\/www.facebook.com\/xuliocesarteaxul\/?locale=es_ES\">2003 junio Escuela de inventores<\/a><\/p>\r\n<!-- \/wp:paragraph -->\r\n\r\n<!-- wp:paragraph -->\r\n<p><a href=\"https:\/\/ambel.com.es\/wordpress\/2023\/01\/17\/ifi-y-otros-eventos\/\">2003 marzo Ifi y otros eventos<\/a><\/p>\r\n<!-- \/wp:paragraph -->\r\n\r\n<!-- wp:paragraph -->\r\n<p><a href=\"https:\/\/www.youtube.com\/watch?v=NdcHYLelcWc\">2003 febrero.<\/a><a href=\"https:\/\/www.youtube.com\/watch?v=NdcHYLelcWc\">\u00a0<\/a><a href=\"https:\/\/www.youtube.com\/watch?v=NdcHYLelcWc\">De la abstracci\u00f3n a la fantas\u00eda<\/a><\/p>\r\n<!-- \/wp:paragraph -->\r\n\r\n<!-- wp:paragraph -->\r\n<p><a href=\"https:\/\/ambel.com.es\/wordpress\/wp-admin\/post.php?post=467&amp;action=edit\">2002 noviembre. El pueblo desde la huerta, 1984, de la pintura tricr\u00f3mica a la interactiva<\/a><\/p>\r\n<!-- \/wp:paragraph -->\r\n\r\n<!-- wp:paragraph -->\r\n<p><a href=\"https:\/\/www.marcovigo.com\/\"><u>2002 septiembre. Se inaugura en Vigo el MARCO, museo de arte moderno<\/u><\/a><\/p>\r\n<!-- \/wp:paragraph -->\r\n\r\n<!-- wp:paragraph -->\r\n<p><a href=\"https:\/\/www.youtube.com\/watch?v=OEcO8NL5V8s\"><u>2002 agosto La mirada de Uskar\u00a0<\/u><\/a><\/p>\r\n<!-- \/wp:paragraph -->\r\n\r\n<!-- wp:paragraph -->\r\n<p><u>2002 agosto ver cuadros<\/u><\/p>\r\n<!-- \/wp:paragraph -->\r\n\r\n<!-- wp:paragraph -->\r\n<p><a href=\"https:\/\/www.udgusa.org\/detalle_noticia?id=146&amp;t=VI+Foro+de+Museos+MUSA+propone+una+perspectiva+interactiva+hacia+el+futuro+\"><u>2002 junio Foro de inmersi\u00f3n en educaci\u00f3n art\u00edstica y museos<\/u><\/a><\/p>\r\n<!-- \/wp:paragraph -->\r\n\r\n<!-- wp:paragraph -->\r\n<p><a href=\"https:\/\/ambel.com.es\/wordpress\/2023\/01\/31\/2002-abril-curso-de-imagen-corporativa-el-diseno-grafico-2\/\"><u>2002 abril. Curso de imagen corporativa, el dise\u00f1o gr\u00e1fico<\/u><\/a><\/p>\r\n<!-- \/wp:paragraph -->\r\n\r\n<!-- wp:paragraph -->\r\n<p><a href=\"https:\/\/ambel.com.es\/wordpress\/2023\/01\/31\/2001-junio-taller-de-dibujos-animados-2\/\"><u>2001 junio. Taller de dibujos animados<\/u><\/a><\/p>\r\n<!-- \/wp:paragraph -->\r\n\r\n<!-- wp:paragraph -->\r\n<p><a href=\"https:\/\/ambel.com.es\/wordpress\/2025\/02\/16\/de-la-idea-al-producto-curso-de-diseno-grafico\/\"><u>2000 diciembre. De la idea al producto, curso dise\u00f1o gr\u00e1fico<\/u><\/a><\/p>\r\n<!-- \/wp:paragraph -->\r\n\r\n<!-- wp:paragraph -->\r\n<p><a href=\"http:\/\/www.ambel.com.es\/index_archivos\/image058.jpg\"><u>2000 octubre. Restaurar o reparar, el ejemplo de una raqueta<\/u><\/a><\/p>\r\n<!-- \/wp:paragraph -->\r\n\r\n<!-- wp:paragraph -->\r\n<p><a href=\"https:\/\/ambel.com.es\/wordpress\/2023\/01\/31\/2000-septiembre-nuevas-tecnologias-del-grabado\/\"><u>2000 septiembre. Nuevas tecnolog\u00edas del grabado<\/u><\/a><\/p>\r\n<!-- \/wp:paragraph -->\r\n\r\n<!-- wp:paragraph -->\r\n<p><a href=\"https:\/\/ambel.com.es\/wordpress\/2023\/01\/31\/1999-diciembre-del-cubismo-a-la-grafica-y-al-diseno-de-las-ideas-2\/\"><u>1999 diciembre. Del cubismo a la gr\u00e1fica y al dise\u00f1o de las ideas<\/u><\/a><\/p>\r\n<!-- \/wp:paragraph -->\r\n\r\n<!-- wp:paragraph -->\r\n<p><a href=\"https:\/\/ambel.com.es\/wordpress\/2023\/01\/31\/1999-septiembre-el-bajo-plato-museo-nacional-de-ceramica-gonzalez-marti\/\"><u>1999 septiembre. El bajo plato, Museo Nacional de Cer\u00e1mica Gonz\u00e1lez Mart\u00ed<\/u>\u00a0<\/a><\/p>\r\n<!-- \/wp:paragraph -->\r\n\r\n<!-- wp:paragraph -->\r\n<p><a href=\"https:\/\/ambel.com.es\/wordpress\/2023\/01\/31\/1999-julio-ambel-obra-grafica\/\"><u>1999 julio. Ambel, obra gr\u00e1fica<\/u><\/a><\/p>\r\n<!-- \/wp:paragraph -->\r\n\r\n<!-- wp:paragraph -->\r\n<p><a href=\"https:\/\/ambel.com.es\/wordpress\/2023\/01\/31\/1999-mayo-el-legado-andaluci\/\"><u>1999 mayo. El legado andaluc\u00ed<\/u><\/a><\/p>\r\n<!-- \/wp:paragraph -->\r\n\r\n<!-- wp:paragraph -->\r\n<p><a href=\"https:\/\/ambel.com.es\/wordpress\/2024\/11\/16\/medio-ambiente-y-arte\/\"><u>1998 octubre. Medio<\/u><u> ambiente y arte\u00a0<\/u><\/a><\/p>\r\n<!-- \/wp:paragraph -->\r\n\r\n<!-- wp:paragraph -->\r\n<p><a href=\"https:\/\/ambel.com.es\/C:%5CUsers%5CRAFAEL%5CDesktop%5Cambel.com.es%5CTECNICAS%20DE%20GRABADO%20EN%20SECO\"><u>1998 septiembre. Grabado y creatividad\u00a0<\/u><\/a><\/p>\r\n<!-- \/wp:paragraph -->\r\n\r\n<!-- wp:paragraph -->\r\n<p><a href=\"https:\/\/ambel.com.es\/wordpress\/2023\/01\/23\/1998-julio-esquemas-y-dibujos-de-humor-grafico-para-la-publicidad\/\"><u>1998 julio. Esquemas y dibujos de humor gr\u00e1fico para la publicidad\u00a0<\/u><\/a><\/p>\r\n<!-- \/wp:paragraph -->\r\n\r\n<!-- wp:paragraph -->\r\n<p><a href=\"https:\/\/ambel.com.es\/C:%5CUsers%5CRAFAEL%5CDesktop%5Cambel.com.es%5Ccomunicacion%20y%20la%20guerra%201\"><u>1998 junio &#8211; Comunicaci\u00f3n y guerra<\/u><\/a><\/p>\r\n<!-- \/wp:paragraph -->\r\n\r\n<!-- wp:paragraph -->\r\n<p><a href=\"https:\/\/www.google.com\/url?q=https:\/\/www.youtube.com\/watch?v%3DifsqKqrcF2w%26t%3D30s&amp;sa=D&amp;source=editors&amp;ust=1630873069175000&amp;usg=AOvVaw2XuxKnaLG0qvdvkDfhVy7f\"><u>1997 diciembre. Diez a\u00f1os despu\u00e9s de la televisi\u00f3n por cable<\/u><\/a>\u00a0<\/p>\r\n<!-- \/wp:paragraph -->\r\n\r\n<!-- wp:paragraph -->\r\n<p><a href=\"https:\/\/riunet.upv.es\/handle\/10251\/118428\">1986 mayo. Tesis Doctoral. \u201cAportaciones para la renovacion del dise\u00f1o de producto en la industria de vajillas. El caso de Santa Clara\u201d<\/a><\/p>\r\n<p><a href=\"https:\/\/youtu.be\/10UQfNy_1kw\">1996 abril. V\u00eddeo corporativo de Santa Clara<\/a><\/p>\r\n<!-- \/wp:paragraph -->\r\n\r\n<!-- wp:paragraph -->\r\n<p><a href=\"https:\/\/ambel.com.es\/wordpress\/2023\/01\/17\/la-velocidad-virtual-el-arte-es-la-idea-congreso-de-realidad-vrtual-de-valencia\/\"><u>1996 noviembre. Congreso de realidad virtual de Valencia<\/u><\/a><\/p>\r\n<!-- \/wp:paragraph -->\r\n\r\n<!-- wp:paragraph -->\r\n<p><a href=\"https:\/\/ambel.com.es\/wordpress\/2023\/01\/23\/1996-marzo-diez-anos-de-fotokina-recuerdo-a-luis-girones\/\">1996 marzo. Diez a\u00f1os de Fotokina. Recuerdo a Luis Girones<\/a><\/p>\r\n<!-- \/wp:paragraph -->\r\n\r\n<!-- wp:paragraph -->\r\n<p><a href=\"https:\/\/ambel.com.es\/wordpress\/2023\/01\/23\/1995-marzo-vajilla-de-la-infanta-vajilla-real-diseno-informatizado\/\">1995 marzo. Vajilla de la Infanta, Vajilla Real, dise\u00f1o informatizado<\/a><\/p>\r\n<!-- \/wp:paragraph -->\r\n\r\n<!-- wp:paragraph -->\r\n<p><a href=\"https:\/\/ambel.com.es\/wordpress\/2023\/01\/23\/1993-julio-infografia-y-tecnicas-de-impresion\/\">1993 julio. Infograf\u00eda y t\u00e9cnicas de impresi\u00f3n<\/a><\/p>\r\n<!-- \/wp:paragraph -->\r\n\r\n<!-- wp:paragraph -->\r\n<p><a href=\"https:\/\/ambel.com.es\/wordpress\/2023\/01\/19\/exposicion-de-pintura-informatizada-macworld-92\/\">1992 Macworld. Presentaci\u00f3n de la revista Macworld en Espa\u00f1a, exposici\u00f3n de pintura informatizada R. J. Ambel<\/a><\/p>\r\n<!-- \/wp:paragraph -->\r\n\r\n<!-- wp:paragraph -->\r\n<p><a href=\"https:\/\/ambel.com.es\/wordpress\/2023\/02\/25\/julio-1992-sistema-de-informacion-interactiva-del-pabellon-de-valencia-en-la-expo-92-y-de-la-empresa-valenciana-de-cementos\/\">1992 mayo. Sistema interactivo de la Comunidad Valenciana, y la empresa Valenciana de Cementos<\/a><\/p>\r\n<!-- \/wp:paragraph -->\r\n\r\n<!-- wp:paragraph -->\r\n<p><a href=\"https:\/\/ambel.com.es\/wordpress\/2023\/01\/26\/2012-noviembre-veinte-anos-de-los-sistemas-de-informacion-interactiva\/\">1992 junio. FIMI sistema de comunicaci\u00f3n interactiva<\/a><\/p>\r\n<!-- \/wp:paragraph -->\r\n\r\n<!-- wp:paragraph -->\r\n<p><a href=\"https:\/\/ambel.com.es\/wordpress\/2023\/02\/25\/enero-1991-laboratorio-de-caras-tratamiento-de-imagen-por-ordenador\/\">1991 enero. Lab Faces<\/a><\/p>\r\n<!-- \/wp:paragraph -->\r\n\r\n<!-- wp:paragraph -->\r\n<p><a href=\"https:\/\/ambel.com.es\/wordpress\/2023\/01\/19\/electrografias-en-el-museo-de-electrografia-de-cuenca\/\">1991 Museo de electrograf\u00eda de Cuenca<\/a><\/p>\r\n<!-- \/wp:paragraph -->\r\n\r\n<!-- wp:paragraph -->\r\n<p><a href=\"https:\/\/ambel.com.es\/wordpress\/2023\/01\/17\/1990-la-huella-del-hombre-arte-y-maquina\/\">1990 la huella del hombre<\/a><\/p>\r\n<!-- \/wp:paragraph -->\r\n\r\n<!-- wp:paragraph -->\r\n<p><a href=\"https:\/\/ambel.com.es\/wordpress\/2023\/02\/16\/1996-junio-diseno-de-imagen-de-television-de-bajo-coste\/\"><u>1996 junio. Dise\u00f1o de imagen de televisi\u00f3n de bajo coste<\/u><\/a><\/p>\r\n<!-- \/wp:paragraph -->\r\n\r\n<!-- wp:paragraph -->\r\n<p><a href=\"https:\/\/ambel.com.es\/wordpress\/2023\/01\/15\/paginas-de-aula-creatividad-1-2-3\/\"><u>1988 julio. Aula de creatividad<\/u><\/a><\/p>\r\n<!-- \/wp:paragraph -->\r\n\r\n<!-- wp:paragraph -->\r\n<p><a href=\"https:\/\/ambel.com.es\/wordpress\/2024\/11\/16\/arte-o-y-comunicacion\/\"><u>1986 Arte o y comu<\/u><u>nicaci\u00f3n\u00a0 \u00a0<\/u><\/a><\/p>\r\n<!-- \/wp:paragraph -->\r\n\r\n<!-- wp:paragraph -->\r\n<p><u>1<a href=\"https:\/\/ambel.com.es\/wordpress\/2024\/11\/16\/monumento-a-la-libertad-de-expresion\/\">985 Una escultura interactiva y e\u00f3lica<\/a><\/u><\/p>\r\n<!-- \/wp:paragraph -->\r\n\r\n<!-- wp:paragraph -->\r\n<p><a href=\"https:\/\/ambel.com.es\/wordpress\/2023\/01\/23\/1984-diciembre-monumento-a-la-libertad-de-expresion\/\">1985 Monumento a la libertad de expresi\u00f3n<\/a><\/p>\r\n<!-- \/wp:paragraph -->\r\n\r\n<!-- wp:paragraph -->\r\n<p><a href=\"https:\/\/ambel.com.es\/wordpress\/2023\/02\/07\/1985-julio-aplicaciones-graficas-del-ordenador\/\">1985 julio Aplicaciones gr\u00e1ficas del ordenador<\/a><\/p>\r\n<!-- \/wp:paragraph -->\r\n\r\n<!-- wp:paragraph -->\r\n<p><a href=\"https:\/\/ambel.com.es\/wordpress\/2023\/01\/23\/1984-el-pueblo-desde-la-huerta\/\">1984\u00a0 El pueblo desde la huerta<\/a><a href=\"https:\/\/ambel.com.es\/wordpress\/2023\/01\/23\/1984-el-pueblo-desde-la-huerta\/\">\u00a0 \u00a0<\/a><\/p>\r\n<!-- \/wp:paragraph -->\r\n\r\n<!-- wp:paragraph -->\r\n<p><a href=\"https:\/\/ambel.com.es\/wordpress\/2023\/02\/16\/1983-julio-tecnicas-de-grabado-en-seco\/\"><u>1983 julio. T\u00e9cnicas de grabado en seco<\/u><\/a><\/p>\r\n<!-- \/wp:paragraph -->\r\n\r\n<!-- wp:paragraph -->\r\n<p><a href=\"https:\/\/ambel.com.es\/wordpress\/2023\/01\/23\/1982-abril-el-cubo-de-guernica-feria-de-arte-en-el-metal-de-valencia\/\">1982 abril. \u201cEl Cubo de Guernica\u201d Feria de Arte en el Metal de Valencia.<\/a><a href=\"https:\/\/ambel.com.es\/wordpress\/2023\/01\/23\/1982-abril-el-cubo-de-guernica-feria-de-arte-en-el-metal-de-valencia\/\">\u00a0<\/a><\/p>\r\n<!-- \/wp:paragraph -->\r\n\r\n<!-- wp:paragraph -->\r\n<p>curr\u00edculum\u00a0<\/p>\r\n<!-- \/wp:paragraph -->\r\n\r\n<!-- wp:paragraph -->\r\n<p>&#8211;\u00a0<a href=\"https:\/\/www.google.com\/url?q=http:\/\/www.ambel.com.es\/PUBLICACIONES.htm&amp;sa=D&amp;source=editors&amp;ust=1630873069084000&amp;usg=AOvVaw3808hnbtRnyEK0M9yuq6wk\">publicaciones<\/a><\/p><!-- \/wp:post-content -->","protected":false},"excerpt":{"rendered":"<p>&nbsp; DIARIO DE NUEVAS IDEAS PARA EL ARTE 1992 &#8211; ISSN\u00a0 1139-3610 &#8211;\u00a0publicaciones<\/p>\n","protected":false},"author":1,"featured_media":0,"comment_status":"closed","ping_status":"open","sticky":false,"template":"","format":"standard","meta":{"_crdt_document":"","_jetpack_memberships_contains_paid_content":false,"footnotes":""},"categories":[1],"tags":[],"class_list":["post-553","post","type-post","status-publish","format-standard","hentry","category-sin-categoria","entry"],"jetpack_featured_media_url":"","jetpack_sharing_enabled":true,"_links":{"self":[{"href":"https:\/\/ambel.com.es\/wordpress\/wp-json\/wp\/v2\/posts\/553","targetHints":{"allow":["GET"]}}],"collection":[{"href":"https:\/\/ambel.com.es\/wordpress\/wp-json\/wp\/v2\/posts"}],"about":[{"href":"https:\/\/ambel.com.es\/wordpress\/wp-json\/wp\/v2\/types\/post"}],"author":[{"embeddable":true,"href":"https:\/\/ambel.com.es\/wordpress\/wp-json\/wp\/v2\/users\/1"}],"replies":[{"embeddable":true,"href":"https:\/\/ambel.com.es\/wordpress\/wp-json\/wp\/v2\/comments?post=553"}],"version-history":[{"count":162,"href":"https:\/\/ambel.com.es\/wordpress\/wp-json\/wp\/v2\/posts\/553\/revisions"}],"predecessor-version":[{"id":2809,"href":"https:\/\/ambel.com.es\/wordpress\/wp-json\/wp\/v2\/posts\/553\/revisions\/2809"}],"wp:attachment":[{"href":"https:\/\/ambel.com.es\/wordpress\/wp-json\/wp\/v2\/media?parent=553"}],"wp:term":[{"taxonomy":"category","embeddable":true,"href":"https:\/\/ambel.com.es\/wordpress\/wp-json\/wp\/v2\/categories?post=553"},{"taxonomy":"post_tag","embeddable":true,"href":"https:\/\/ambel.com.es\/wordpress\/wp-json\/wp\/v2\/tags?post=553"}],"curies":[{"name":"wp","href":"https:\/\/api.w.org\/{rel}","templated":true}]}}