{"id":2587,"date":"2026-01-15T23:44:17","date_gmt":"2026-01-15T23:44:17","guid":{"rendered":"https:\/\/ambel.com.es\/wordpress\/?p=2587"},"modified":"2026-01-28T21:05:02","modified_gmt":"2026-01-28T21:05:02","slug":"las-pantallas-pequenas-y-gigantes-para-la-pintura","status":"publish","type":"post","link":"https:\/\/ambel.com.es\/wordpress\/2026\/01\/15\/las-pantallas-pequenas-y-gigantes-para-la-pintura\/","title":{"rendered":"las pantallas peque\u00f1as y gigantes para la pintura"},"content":{"rendered":"<p><iframe loading=\"lazy\" title=\"pantalla gigante para alterarte Vigo\" width=\"750\" height=\"422\" src=\"https:\/\/www.youtube.com\/embed\/T9Gu743SYaE?feature=oembed\" frameborder=\"0\" allow=\"accelerometer; autoplay; clipboard-write; encrypted-media; gyroscope; picture-in-picture; web-share\" referrerpolicy=\"strict-origin-when-cross-origin\" allowfullscreen><\/iframe><\/p>\n<p>Como participante de esta exposici\u00f3n, no puedo sino celebrar el rotundo \u00e9xito<br \/>\nde la feria AlterArte, celebrada en el Centro Comercial A Laxe de Vigo.<br \/>\nLa incorporaci\u00f3n de una pantalla supergigante en el exterior,<br \/>\nproyectando los v\u00eddeos de las obras,<br \/>\nha resultado un acierto may\u00fasculo: nada conmueve tanto como ver<br \/>\nel arte en movimiento, respirando vida propia,<br \/>\nincluso antes de cruzar la puerta del espacio expositivo.<br \/>\nEs, sin duda, un privilegio contemplar obras de artistas que a\u00fan no son nombres consagrados,<br \/>\nocupando espacios que habitualmente reservar\u00edan las grandes figuras del arte contempor\u00e1neo.<br \/>\nEste gesto democratiza la experiencia art\u00edstica, acercando al p\u00fablico a talentos emergentes<br \/>\ny record\u00e1ndonos que la creatividad no conoce jerarqu\u00edas.<br \/>\nAlterArte ha logrado transformar el centro comercial en un lugar de<br \/>\ndescubrimiento, donde cada visitante puede sorprenderse,<br \/>\nemocionarse y dialogar con la obra desde la primera mirada.<br \/>\nEl \u00e9xito de esta edici\u00f3n no es solo cuantitativo, sino profundamente cualitativo:<br \/>\nse ha creado un encuentro entre p\u00fablico y creaci\u00f3n que permanece en la memoria,<br \/>\nun est\u00edmulo para la curiosidad y la sensibilidad art\u00edstica que confirma a Vigo<br \/>\ncomo un referente cultural en constante movimiento.<\/p>\n<p>www.ambel.com.es<\/p>\n<p>&nbsp;<\/p>\n","protected":false},"excerpt":{"rendered":"<p>Como participante de esta exposici\u00f3n, no puedo sino celebrar el rotundo \u00e9xito de la feria AlterArte, celebrada en el Centro Comercial A Laxe de Vigo. La incorporaci\u00f3n de una pantalla supergigante en el exterior, proyectando los v\u00eddeos de las obras, ha resultado un acierto may\u00fasculo: nada conmueve tanto como ver el arte en movimiento, respirando&hellip; <a class=\"more-link\" href=\"https:\/\/ambel.com.es\/wordpress\/2026\/01\/15\/las-pantallas-pequenas-y-gigantes-para-la-pintura\/\">Seguir leyendo <span class=\"screen-reader-text\">las pantallas peque\u00f1as y gigantes para la pintura<\/span><\/a><\/p>\n","protected":false},"author":1,"featured_media":0,"comment_status":"closed","ping_status":"closed","sticky":false,"template":"","format":"standard","meta":{"_crdt_document":"","_jetpack_memberships_contains_paid_content":false,"footnotes":""},"categories":[1],"tags":[],"class_list":["post-2587","post","type-post","status-publish","format-standard","hentry","category-sin-categoria","entry"],"jetpack_featured_media_url":"","jetpack_sharing_enabled":true,"_links":{"self":[{"href":"https:\/\/ambel.com.es\/wordpress\/wp-json\/wp\/v2\/posts\/2587","targetHints":{"allow":["GET"]}}],"collection":[{"href":"https:\/\/ambel.com.es\/wordpress\/wp-json\/wp\/v2\/posts"}],"about":[{"href":"https:\/\/ambel.com.es\/wordpress\/wp-json\/wp\/v2\/types\/post"}],"author":[{"embeddable":true,"href":"https:\/\/ambel.com.es\/wordpress\/wp-json\/wp\/v2\/users\/1"}],"replies":[{"embeddable":true,"href":"https:\/\/ambel.com.es\/wordpress\/wp-json\/wp\/v2\/comments?post=2587"}],"version-history":[{"count":1,"href":"https:\/\/ambel.com.es\/wordpress\/wp-json\/wp\/v2\/posts\/2587\/revisions"}],"predecessor-version":[{"id":2588,"href":"https:\/\/ambel.com.es\/wordpress\/wp-json\/wp\/v2\/posts\/2587\/revisions\/2588"}],"wp:attachment":[{"href":"https:\/\/ambel.com.es\/wordpress\/wp-json\/wp\/v2\/media?parent=2587"}],"wp:term":[{"taxonomy":"category","embeddable":true,"href":"https:\/\/ambel.com.es\/wordpress\/wp-json\/wp\/v2\/categories?post=2587"},{"taxonomy":"post_tag","embeddable":true,"href":"https:\/\/ambel.com.es\/wordpress\/wp-json\/wp\/v2\/tags?post=2587"}],"curies":[{"name":"wp","href":"https:\/\/api.w.org\/{rel}","templated":true}]}}