{"id":2496,"date":"2026-01-09T23:39:07","date_gmt":"2026-01-09T23:39:07","guid":{"rendered":"https:\/\/ambel.com.es\/wordpress\/?p=2496"},"modified":"2026-01-28T21:12:46","modified_gmt":"2026-01-28T21:12:46","slug":"porfolio-trabajos-destacados-ambel","status":"publish","type":"post","link":"https:\/\/ambel.com.es\/wordpress\/2026\/01\/09\/porfolio-trabajos-destacados-ambel\/","title":{"rendered":"porfolio trabajos destacados Ambel"},"content":{"rendered":"<p><a href=\"https:\/\/ambel.com.es\/wordpress\/NewFolder\/album.html\">album<\/a><\/p>\n<p><span style=\"color: #28303d;\">Mostramos algunos de los cat\u00e1logos y trabajos destacados, ver mas en <a href=\"http:\/\/www.ambel.com.es\/\">www.ambel.com.es<\/a><\/span><\/p>\n<p><span style=\"color: #28303d;\"> <a href=\"https:\/\/ambel.com.es\/wordpress\/2026\/01\/09\/2025-diciembre-monumento-a-a-tradicion-micologica-de-mos\/\">Monumento a la tradici\u00f3n micol\u00f3gica de Mos<\/a> <\/span><\/p>\n<p><a href=\"https:\/\/www.youtube.com\/watch?v=mh_Mtn-cD_U\"><span style=\"color: #28303d;\">Concierto pict\u00f3rico, Casa de Galicia en Madrid<\/span><\/a><\/p>\n<p><a href=\"https:\/\/www.youtube.com\/watch?v=WNRtU8x8CcQ\"><span style=\"color: #28303d;\">Homenaje a los hombres y mujeres de la mar, Concello de Combarro (Pontevedra)<\/span><\/a><\/p>\n<p><a href=\"https:\/\/ambel.com.es\/wordpress\/2024\/11\/17\/catalogo-vigo-en-el-corazon-de-madrid\/\"><span style=\"color: #000080;\">Cat\u00e1logo Vigo en el Coraz\u00f3n de Madrid<\/span><\/a> <span style=\"color: #28303d;\">Casa de Galicia en Madrid<\/span><\/p>\n<p><span style=\"color: #28303d;\"><a href=\"https:\/\/ambel.com.es\/wordpress\/2023\/01\/18\/exposicion-en-el-colegio-de-abogados-de-valencia-100-aniversario\/\">catalogo exposici\u00f3n obra gr\u00e1fica<\/a> Colegio de abogados de Valencia<\/span><\/p>\n<p><span style=\"color: #28303d;\"><a href=\"https:\/\/ambel.com.es\/wordpress\/2023\/01\/18\/vigo-metropolis-sede-de-la-diputacion-de-pontevedra-en-vigo\/\">Vigo Metr\u00f3polis cat\u00e1logo<\/a> Diputaci\u00f3n de Pontevedra en Vigo<\/span><\/p>\n<p><span style=\"color: #28303d;\"><a href=\"https:\/\/ambel.com.es\/wordpress\/2023\/01\/26\/2007-septiembre-exposicion-de-pintura-en-el-palacio-de-la-diputacion-de-cuenca\/\">Cuenca inventa palabras <\/a>Diputaci\u00f3n de Cuenca<\/span><\/p>\n<p><span style=\"color: #28303d;\"><a href=\"https:\/\/www.youtube.com\/watch?v=OEcO8NL5V8s\">La mirada de Uskar, Ayuntamiento de Hu\u00e9scar Granada<\/a><\/span><\/p>\n","protected":false},"excerpt":{"rendered":"<p>album Mostramos algunos de los cat\u00e1logos y trabajos destacados, ver mas en www.ambel.com.es Monumento a la tradici\u00f3n micol\u00f3gica de Mos Concierto pict\u00f3rico, Casa de Galicia en Madrid Homenaje a los hombres y mujeres de la mar, Concello de Combarro (Pontevedra) Cat\u00e1logo Vigo en el Coraz\u00f3n de Madrid Casa de Galicia en Madrid catalogo exposici\u00f3n obra&hellip; <a class=\"more-link\" href=\"https:\/\/ambel.com.es\/wordpress\/2026\/01\/09\/porfolio-trabajos-destacados-ambel\/\">Seguir leyendo <span class=\"screen-reader-text\">porfolio trabajos destacados Ambel<\/span><\/a><\/p>\n","protected":false},"author":1,"featured_media":0,"comment_status":"closed","ping_status":"closed","sticky":false,"template":"","format":"standard","meta":{"_crdt_document":"","_jetpack_memberships_contains_paid_content":false,"footnotes":""},"categories":[1],"tags":[],"class_list":["post-2496","post","type-post","status-publish","format-standard","hentry","category-sin-categoria","entry"],"jetpack_featured_media_url":"","jetpack_sharing_enabled":true,"_links":{"self":[{"href":"https:\/\/ambel.com.es\/wordpress\/wp-json\/wp\/v2\/posts\/2496","targetHints":{"allow":["GET"]}}],"collection":[{"href":"https:\/\/ambel.com.es\/wordpress\/wp-json\/wp\/v2\/posts"}],"about":[{"href":"https:\/\/ambel.com.es\/wordpress\/wp-json\/wp\/v2\/types\/post"}],"author":[{"embeddable":true,"href":"https:\/\/ambel.com.es\/wordpress\/wp-json\/wp\/v2\/users\/1"}],"replies":[{"embeddable":true,"href":"https:\/\/ambel.com.es\/wordpress\/wp-json\/wp\/v2\/comments?post=2496"}],"version-history":[{"count":4,"href":"https:\/\/ambel.com.es\/wordpress\/wp-json\/wp\/v2\/posts\/2496\/revisions"}],"predecessor-version":[{"id":2685,"href":"https:\/\/ambel.com.es\/wordpress\/wp-json\/wp\/v2\/posts\/2496\/revisions\/2685"}],"wp:attachment":[{"href":"https:\/\/ambel.com.es\/wordpress\/wp-json\/wp\/v2\/media?parent=2496"}],"wp:term":[{"taxonomy":"category","embeddable":true,"href":"https:\/\/ambel.com.es\/wordpress\/wp-json\/wp\/v2\/categories?post=2496"},{"taxonomy":"post_tag","embeddable":true,"href":"https:\/\/ambel.com.es\/wordpress\/wp-json\/wp\/v2\/tags?post=2496"}],"curies":[{"name":"wp","href":"https:\/\/api.w.org\/{rel}","templated":true}]}}