{"id":2490,"date":"2026-01-09T23:30:11","date_gmt":"2026-01-09T23:30:11","guid":{"rendered":"https:\/\/ambel.com.es\/wordpress\/?p=2490"},"modified":"2026-01-30T22:40:09","modified_gmt":"2026-01-30T22:40:09","slug":"2025-diciembre-monumento-a-a-tradicion-micologica-de-mos","status":"publish","type":"post","link":"https:\/\/ambel.com.es\/wordpress\/2026\/01\/09\/2025-diciembre-monumento-a-a-tradicion-micologica-de-mos\/","title":{"rendered":"2025 diciembre, monumento a la tradici\u00f3n micol\u00f3gica de Mos"},"content":{"rendered":"<p><img loading=\"lazy\" decoding=\"async\" class=\"alignnone wp-image-2505\" src=\"https:\/\/ambel.com.es\/wordpress\/wp-content\/uploads\/2026\/01\/ChatGPT-Image-25-jul-2025-20_53_26-300x200.png\" alt=\"\" width=\"453\" height=\"291\" \/><\/p>\n<p>MURAL EN RELIEVE homenaje a la tradici\u00f3n micol\u00f3gica de Mos<\/p>\n<p><img loading=\"lazy\" decoding=\"async\" class=\"alignnone wp-image-2502\" src=\"https:\/\/ambel.com.es\/wordpress\/wp-content\/uploads\/2026\/01\/setas-de-mos-300x169.jpg\" alt=\"\" width=\"542\" height=\"305\" srcset=\"https:\/\/ambel.com.es\/wordpress\/wp-content\/uploads\/2026\/01\/setas-de-mos-300x169.jpg 300w, https:\/\/ambel.com.es\/wordpress\/wp-content\/uploads\/2026\/01\/setas-de-mos-1024x576.jpg 1024w, https:\/\/ambel.com.es\/wordpress\/wp-content\/uploads\/2026\/01\/setas-de-mos-768x432.jpg 768w, https:\/\/ambel.com.es\/wordpress\/wp-content\/uploads\/2026\/01\/setas-de-mos-1536x864.jpg 1536w, https:\/\/ambel.com.es\/wordpress\/wp-content\/uploads\/2026\/01\/setas-de-mos-1568x882.jpg 1568w, https:\/\/ambel.com.es\/wordpress\/wp-content\/uploads\/2026\/01\/setas-de-mos.jpg 1600w\" sizes=\"auto, (max-width: 542px) 100vw, 542px\" \/><\/p>\n<p>&nbsp;<\/p>\n<p>En el municipio de Mos,\u00a0 en la provincia de Pontevedra, las setas forman parte de una arraigada tradici\u00f3n gastron\u00f3mica vinculada al monte, al clima h\u00famedo y al saber popular transmitido de generaci\u00f3n en generaci\u00f3n. La recolecci\u00f3n micol\u00f3gica ha sido hist\u00f3ricamente una pr\u00e1ctica familiar, asociada tanto a la subsistencia como al disfrute culinario, con recetas sencillas que respetan el sabor y la textura del producto silvestre. Como reconocimiento a esta cultura, el Monumento a las Setas realizado por Ambel se erige como un hito simb\u00f3lico y art\u00edstico en el paisaje local, en el jard\u00edn del pazo de Mos.<\/p>\n<p>Sus formas monumentales remiten a dimensiones casi prehist\u00f3ricas, evocando un tiempo primigenio en el que la naturaleza impon\u00eda su escala y su misterio. La obra genera un imaginario de leyendas y relatos que conecta a j\u00f3venes y adultos con la memoria del territorio y con una visi\u00f3n po\u00e9tica de lo natural.<\/p>\n","protected":false},"excerpt":{"rendered":"<p>MURAL EN RELIEVE homenaje a la tradici\u00f3n micol\u00f3gica de Mos &nbsp; En el municipio de Mos,\u00a0 en la provincia de Pontevedra, las setas forman parte de una arraigada tradici\u00f3n gastron\u00f3mica vinculada al monte, al clima h\u00famedo y al saber popular transmitido de generaci\u00f3n en generaci\u00f3n. La recolecci\u00f3n micol\u00f3gica ha sido hist\u00f3ricamente una pr\u00e1ctica familiar, asociada&hellip; <a class=\"more-link\" href=\"https:\/\/ambel.com.es\/wordpress\/2026\/01\/09\/2025-diciembre-monumento-a-a-tradicion-micologica-de-mos\/\">Seguir leyendo <span class=\"screen-reader-text\">2025 diciembre, monumento a la tradici\u00f3n micol\u00f3gica de Mos<\/span><\/a><\/p>\n","protected":false},"author":1,"featured_media":0,"comment_status":"closed","ping_status":"closed","sticky":false,"template":"","format":"standard","meta":{"_crdt_document":"","_jetpack_memberships_contains_paid_content":false,"footnotes":""},"categories":[1],"tags":[],"class_list":["post-2490","post","type-post","status-publish","format-standard","hentry","category-sin-categoria","entry"],"jetpack_featured_media_url":"","jetpack_sharing_enabled":true,"_links":{"self":[{"href":"https:\/\/ambel.com.es\/wordpress\/wp-json\/wp\/v2\/posts\/2490","targetHints":{"allow":["GET"]}}],"collection":[{"href":"https:\/\/ambel.com.es\/wordpress\/wp-json\/wp\/v2\/posts"}],"about":[{"href":"https:\/\/ambel.com.es\/wordpress\/wp-json\/wp\/v2\/types\/post"}],"author":[{"embeddable":true,"href":"https:\/\/ambel.com.es\/wordpress\/wp-json\/wp\/v2\/users\/1"}],"replies":[{"embeddable":true,"href":"https:\/\/ambel.com.es\/wordpress\/wp-json\/wp\/v2\/comments?post=2490"}],"version-history":[{"count":7,"href":"https:\/\/ambel.com.es\/wordpress\/wp-json\/wp\/v2\/posts\/2490\/revisions"}],"predecessor-version":[{"id":2690,"href":"https:\/\/ambel.com.es\/wordpress\/wp-json\/wp\/v2\/posts\/2490\/revisions\/2690"}],"wp:attachment":[{"href":"https:\/\/ambel.com.es\/wordpress\/wp-json\/wp\/v2\/media?parent=2490"}],"wp:term":[{"taxonomy":"category","embeddable":true,"href":"https:\/\/ambel.com.es\/wordpress\/wp-json\/wp\/v2\/categories?post=2490"},{"taxonomy":"post_tag","embeddable":true,"href":"https:\/\/ambel.com.es\/wordpress\/wp-json\/wp\/v2\/tags?post=2490"}],"curies":[{"name":"wp","href":"https:\/\/api.w.org\/{rel}","templated":true}]}}