{"id":2459,"date":"2026-01-08T22:39:20","date_gmt":"2026-01-08T22:39:20","guid":{"rendered":"https:\/\/ambel.com.es\/wordpress\/?p=2459"},"modified":"2026-01-28T21:16:55","modified_gmt":"2026-01-28T21:16:55","slug":"2026-enero-secuencias-de-memoria-el-desastre-tecnologico-de-los-accidentes-de-trafico","status":"publish","type":"post","link":"https:\/\/ambel.com.es\/wordpress\/2026\/01\/08\/2026-enero-secuencias-de-memoria-el-desastre-tecnologico-de-los-accidentes-de-trafico\/","title":{"rendered":"2026 enero, Secuencias de memoria, el desastre tecnol\u00f3gico de los accidentes de tr\u00e1fico"},"content":{"rendered":"<p><a href=\"https:\/\/ambel.com.es\/wordpress\/wp-content\/uploads\/2026\/01\/secuencias-de-memoria-interactivo.html\">s<\/a><img loading=\"lazy\" decoding=\"async\" class=\"alignnone size-medium wp-image-2542\" src=\"https:\/\/ambel.com.es\/wordpress\/wp-content\/uploads\/2026\/01\/secuencias-de-memoria-alta-300x298.jpg\" alt=\"\" width=\"300\" height=\"298\" srcset=\"https:\/\/ambel.com.es\/wordpress\/wp-content\/uploads\/2026\/01\/secuencias-de-memoria-alta-300x298.jpg 300w, https:\/\/ambel.com.es\/wordpress\/wp-content\/uploads\/2026\/01\/secuencias-de-memoria-alta-1024x1019.jpg 1024w, https:\/\/ambel.com.es\/wordpress\/wp-content\/uploads\/2026\/01\/secuencias-de-memoria-alta-150x150.jpg 150w, https:\/\/ambel.com.es\/wordpress\/wp-content\/uploads\/2026\/01\/secuencias-de-memoria-alta-768x764.jpg 768w, https:\/\/ambel.com.es\/wordpress\/wp-content\/uploads\/2026\/01\/secuencias-de-memoria-alta-1536x1528.jpg 1536w, https:\/\/ambel.com.es\/wordpress\/wp-content\/uploads\/2026\/01\/secuencias-de-memoria-alta-2048x2038.jpg 2048w, https:\/\/ambel.com.es\/wordpress\/wp-content\/uploads\/2026\/01\/secuencias-de-memoria-alta-1568x1560.jpg 1568w\" sizes=\"auto, (max-width: 300px) 100vw, 300px\" \/> <a href=\"https:\/\/ambel.com.es\/wordpress\/wp-content\/uploads\/2026\/01\/experiencia_interactiva.html\">experiencia_interactiva<\/a><\/p>\n<p>&nbsp;<\/p>\n<p data-start=\"154\" data-end=\"179\"><strong data-start=\"154\" data-end=\"179\">Secuencias de memoria<\/strong><\/p>\n<p data-start=\"181\" data-end=\"529\">En una supuesta sociedad futura, de car\u00e1cter ut\u00f3pico, situada alrededor del a\u00f1o 4000, en la que el transporte ya no ser\u00eda necesario, un grupo de arque\u00f3logos presenta el hallazgo de vestigios pertenecientes a un supuesto siglo XX. A partir de estos descubrimientos, concluyen que dicho siglo fue, en cierto modo, oscuro para el progreso tecnol\u00f3gico.<\/p>\n<p data-start=\"531\" data-end=\"746\">Esta conclusi\u00f3n resulta dif\u00edcil de comprender, ya que tan solo ha sobrevivido una fragmentaria secuencia de memoria, rastreada por arque\u00f3logos digitales a partir de la escasa informaci\u00f3n conservada de aquella \u00e9poca.<\/p>\n<p data-start=\"748\" data-end=\"998\">El relato plantea una cr\u00edtica a la inoperancia de los sistemas de seguridad en la automoci\u00f3n y a las deficiencias en la educaci\u00f3n vial, cuyo tr\u00e1gico resultado fueron los accidentes de tr\u00e1fico, responsables de la p\u00e9rdida de innumerables vidas humanas.<\/p>\n<p data-start=\"1000\" data-end=\"1221\">Resulta incomprensible que, existiendo otros retos cient\u00edficos de primera magnitud, este grave problema social no haya sido abordado con el mismo coraje y determinaci\u00f3n que se ha demostrado en otros \u00e1mbitos de la ciencia.<\/p>\n","protected":false},"excerpt":{"rendered":"<p>s experiencia_interactiva &nbsp; Secuencias de memoria En una supuesta sociedad futura, de car\u00e1cter ut\u00f3pico, situada alrededor del a\u00f1o 4000, en la que el transporte ya no ser\u00eda necesario, un grupo de arque\u00f3logos presenta el hallazgo de vestigios pertenecientes a un supuesto siglo XX. A partir de estos descubrimientos, concluyen que dicho siglo fue, en cierto&hellip; <a class=\"more-link\" href=\"https:\/\/ambel.com.es\/wordpress\/2026\/01\/08\/2026-enero-secuencias-de-memoria-el-desastre-tecnologico-de-los-accidentes-de-trafico\/\">Seguir leyendo <span class=\"screen-reader-text\">2026 enero, Secuencias de memoria, el desastre tecnol\u00f3gico de los accidentes de tr\u00e1fico<\/span><\/a><\/p>\n","protected":false},"author":1,"featured_media":0,"comment_status":"closed","ping_status":"closed","sticky":false,"template":"","format":"standard","meta":{"_crdt_document":"","_jetpack_memberships_contains_paid_content":false,"footnotes":""},"categories":[1],"tags":[],"class_list":["post-2459","post","type-post","status-publish","format-standard","hentry","category-sin-categoria","entry"],"jetpack_featured_media_url":"","jetpack_sharing_enabled":true,"_links":{"self":[{"href":"https:\/\/ambel.com.es\/wordpress\/wp-json\/wp\/v2\/posts\/2459","targetHints":{"allow":["GET"]}}],"collection":[{"href":"https:\/\/ambel.com.es\/wordpress\/wp-json\/wp\/v2\/posts"}],"about":[{"href":"https:\/\/ambel.com.es\/wordpress\/wp-json\/wp\/v2\/types\/post"}],"author":[{"embeddable":true,"href":"https:\/\/ambel.com.es\/wordpress\/wp-json\/wp\/v2\/users\/1"}],"replies":[{"embeddable":true,"href":"https:\/\/ambel.com.es\/wordpress\/wp-json\/wp\/v2\/comments?post=2459"}],"version-history":[{"count":4,"href":"https:\/\/ambel.com.es\/wordpress\/wp-json\/wp\/v2\/posts\/2459\/revisions"}],"predecessor-version":[{"id":2546,"href":"https:\/\/ambel.com.es\/wordpress\/wp-json\/wp\/v2\/posts\/2459\/revisions\/2546"}],"wp:attachment":[{"href":"https:\/\/ambel.com.es\/wordpress\/wp-json\/wp\/v2\/media?parent=2459"}],"wp:term":[{"taxonomy":"category","embeddable":true,"href":"https:\/\/ambel.com.es\/wordpress\/wp-json\/wp\/v2\/categories?post=2459"},{"taxonomy":"post_tag","embeddable":true,"href":"https:\/\/ambel.com.es\/wordpress\/wp-json\/wp\/v2\/tags?post=2459"}],"curies":[{"name":"wp","href":"https:\/\/api.w.org\/{rel}","templated":true}]}}