{"id":2455,"date":"2026-01-08T22:33:43","date_gmt":"2026-01-08T22:33:43","guid":{"rendered":"https:\/\/ambel.com.es\/wordpress\/?p=2455"},"modified":"2026-01-28T21:17:29","modified_gmt":"2026-01-28T21:17:29","slug":"2026-enero-los-cutro-invasores-el-continuo-cambio-de-movil-y-sus-ondas","status":"publish","type":"post","link":"https:\/\/ambel.com.es\/wordpress\/2026\/01\/08\/2026-enero-los-cutro-invasores-el-continuo-cambio-de-movil-y-sus-ondas\/","title":{"rendered":"2026 enero, los cutro invasores, el continuo cambio de m\u00f3vil y sus ondas"},"content":{"rendered":"<p><a href=\"https:\/\/ambel.com.es\/wordpress\/wp-content\/uploads\/2026\/01\/los-cuatro-invasores-interactivo.html\">los cuatro invasores interactivo<\/a> <img loading=\"lazy\" decoding=\"async\" class=\"alignnone size-medium wp-image-2457\" src=\"https:\/\/ambel.com.es\/wordpress\/wp-content\/uploads\/2026\/01\/los-cuatro-invasores-226x300.jpg\" alt=\"\" width=\"226\" height=\"300\" srcset=\"https:\/\/ambel.com.es\/wordpress\/wp-content\/uploads\/2026\/01\/los-cuatro-invasores-226x300.jpg 226w, https:\/\/ambel.com.es\/wordpress\/wp-content\/uploads\/2026\/01\/los-cuatro-invasores.jpg 768w\" sizes=\"auto, (max-width: 226px) 100vw, 226px\" \/><\/p>\n<p data-start=\"117\" data-end=\"414\">Cuatro tel\u00e9fonos m\u00f3viles ya desusados reposan en el interior de la obra. Han escuchado fragmentos de innumerables vidas: conversaciones \u00edntimas, discusiones triviales, silencios prolongados, interferencias y voces superpuestas. Durante a\u00f1os fueron testigos involuntarios de la cotidianidad humana.<\/p>\n<p data-start=\"416\" data-end=\"824\">En esta obra, los cuatro dispositivos se presentan como invasores de la vida de las personas. Aunque enterrados en silicona en el centro del cuadro, no est\u00e1n muertos. Permanecen latentes, atrapados en una materia que los inmoviliza pero no los silencia. A\u00fan viven, y de hecho, todav\u00eda se perciben sus interferencias, como un eco persistente de la presencia tecnol\u00f3gica que nunca llega a desaparecer del todo.<\/p>\n","protected":false},"excerpt":{"rendered":"<p>los cuatro invasores interactivo Cuatro tel\u00e9fonos m\u00f3viles ya desusados reposan en el interior de la obra. Han escuchado fragmentos de innumerables vidas: conversaciones \u00edntimas, discusiones triviales, silencios prolongados, interferencias y voces superpuestas. Durante a\u00f1os fueron testigos involuntarios de la cotidianidad humana. En esta obra, los cuatro dispositivos se presentan como invasores de la vida de&hellip; <a class=\"more-link\" href=\"https:\/\/ambel.com.es\/wordpress\/2026\/01\/08\/2026-enero-los-cutro-invasores-el-continuo-cambio-de-movil-y-sus-ondas\/\">Seguir leyendo <span class=\"screen-reader-text\">2026 enero, los cutro invasores, el continuo cambio de m\u00f3vil y sus ondas<\/span><\/a><\/p>\n","protected":false},"author":1,"featured_media":0,"comment_status":"closed","ping_status":"closed","sticky":false,"template":"","format":"standard","meta":{"_crdt_document":"","_jetpack_memberships_contains_paid_content":false,"footnotes":""},"categories":[1],"tags":[],"class_list":["post-2455","post","type-post","status-publish","format-standard","hentry","category-sin-categoria","entry"],"jetpack_featured_media_url":"","jetpack_sharing_enabled":true,"_links":{"self":[{"href":"https:\/\/ambel.com.es\/wordpress\/wp-json\/wp\/v2\/posts\/2455","targetHints":{"allow":["GET"]}}],"collection":[{"href":"https:\/\/ambel.com.es\/wordpress\/wp-json\/wp\/v2\/posts"}],"about":[{"href":"https:\/\/ambel.com.es\/wordpress\/wp-json\/wp\/v2\/types\/post"}],"author":[{"embeddable":true,"href":"https:\/\/ambel.com.es\/wordpress\/wp-json\/wp\/v2\/users\/1"}],"replies":[{"embeddable":true,"href":"https:\/\/ambel.com.es\/wordpress\/wp-json\/wp\/v2\/comments?post=2455"}],"version-history":[{"count":2,"href":"https:\/\/ambel.com.es\/wordpress\/wp-json\/wp\/v2\/posts\/2455\/revisions"}],"predecessor-version":[{"id":2547,"href":"https:\/\/ambel.com.es\/wordpress\/wp-json\/wp\/v2\/posts\/2455\/revisions\/2547"}],"wp:attachment":[{"href":"https:\/\/ambel.com.es\/wordpress\/wp-json\/wp\/v2\/media?parent=2455"}],"wp:term":[{"taxonomy":"category","embeddable":true,"href":"https:\/\/ambel.com.es\/wordpress\/wp-json\/wp\/v2\/categories?post=2455"},{"taxonomy":"post_tag","embeddable":true,"href":"https:\/\/ambel.com.es\/wordpress\/wp-json\/wp\/v2\/tags?post=2455"}],"curies":[{"name":"wp","href":"https:\/\/api.w.org\/{rel}","templated":true}]}}