{"id":2440,"date":"2026-01-03T23:25:21","date_gmt":"2026-01-03T23:25:21","guid":{"rendered":"https:\/\/ambel.com.es\/wordpress\/?p=2440"},"modified":"2026-01-28T21:19:05","modified_gmt":"2026-01-28T21:19:05","slug":"2026-enero-las-cavernas-de-la-historia-cuadro-interactivo","status":"publish","type":"post","link":"https:\/\/ambel.com.es\/wordpress\/2026\/01\/03\/2026-enero-las-cavernas-de-la-historia-cuadro-interactivo\/","title":{"rendered":"2026 enero. Las cavernas de la historia, cuadro interactivo"},"content":{"rendered":"<p><a href=\"https:\/\/www.youtube.com\/watch?v=SgoJ4UvS24c\">ver v\u00eddeo<\/a><\/p>\n<p><a href=\"https:\/\/ambel.com.es\/wordpress\/wp-content\/uploads\/2026\/01\/laas-cavernas-de-la-historia-1.html\">las cavernas de la historia<\/a>,<\/p>\n<p data-start=\"137\" data-end=\"508\">Esta obra interactiva presenta una serie de huecos tallados en roca, procedentes simb\u00f3licamente de distintas regiones del planeta. Cada cavidad act\u00faa como un recept\u00e1culo de memoria, un espacio en el que han quedado atrapados los idiomas m\u00e1s antiguos y hoy desaparecidos de la humanidad. Lenguas que ya no se hablan, pero que, seg\u00fan la obra, no se han extinguido del todo.<\/p>\n<p data-start=\"510\" data-end=\"878\">El espectador es invitado a acercar el o\u00eddo a cada uno de estos huecos. Al hacerlo, se activan susurros, fragmentos de frases milenarias, fonemas arcaicos y cadencias desconocidas que emergen desde el interior de la piedra. No se trata de traducciones ni de mensajes comprensibles, sino de restos sonoros: huellas de pensamiento, formas primitivas de nombrar el mundo.<\/p>\n<p data-start=\"880\" data-end=\"1391\">La interacci\u00f3n convierte al visitante en un oyente arqueol\u00f3gico, alguien que no observa la historia desde la distancia, sino que la escucha de manera \u00edntima y casi corporal. La roca, tradicionalmente asociada a lo permanente y lo mudo, se transforma aqu\u00ed en un archivo vivo, capaz de devolver voces que el tiempo parec\u00eda haber borrado. La obra plantea as\u00ed una reflexi\u00f3n sobre la fragilidad del lenguaje, la p\u00e9rdida cultural y la capacidad de la materia para conservar la memoria humana m\u00e1s all\u00e1 de la escritura.<\/p>\n","protected":false},"excerpt":{"rendered":"<p>ver v\u00eddeo las cavernas de la historia, Esta obra interactiva presenta una serie de huecos tallados en roca, procedentes simb\u00f3licamente de distintas regiones del planeta. Cada cavidad act\u00faa como un recept\u00e1culo de memoria, un espacio en el que han quedado atrapados los idiomas m\u00e1s antiguos y hoy desaparecidos de la humanidad. Lenguas que ya no&hellip; <a class=\"more-link\" href=\"https:\/\/ambel.com.es\/wordpress\/2026\/01\/03\/2026-enero-las-cavernas-de-la-historia-cuadro-interactivo\/\">Seguir leyendo <span class=\"screen-reader-text\">2026 enero. Las cavernas de la historia, cuadro interactivo<\/span><\/a><\/p>\n","protected":false},"author":1,"featured_media":0,"comment_status":"closed","ping_status":"closed","sticky":false,"template":"","format":"standard","meta":{"_crdt_document":"","_jetpack_memberships_contains_paid_content":false,"footnotes":""},"categories":[1],"tags":[],"class_list":["post-2440","post","type-post","status-publish","format-standard","hentry","category-sin-categoria","entry"],"jetpack_featured_media_url":"","jetpack_sharing_enabled":true,"_links":{"self":[{"href":"https:\/\/ambel.com.es\/wordpress\/wp-json\/wp\/v2\/posts\/2440","targetHints":{"allow":["GET"]}}],"collection":[{"href":"https:\/\/ambel.com.es\/wordpress\/wp-json\/wp\/v2\/posts"}],"about":[{"href":"https:\/\/ambel.com.es\/wordpress\/wp-json\/wp\/v2\/types\/post"}],"author":[{"embeddable":true,"href":"https:\/\/ambel.com.es\/wordpress\/wp-json\/wp\/v2\/users\/1"}],"replies":[{"embeddable":true,"href":"https:\/\/ambel.com.es\/wordpress\/wp-json\/wp\/v2\/comments?post=2440"}],"version-history":[{"count":4,"href":"https:\/\/ambel.com.es\/wordpress\/wp-json\/wp\/v2\/posts\/2440\/revisions"}],"predecessor-version":[{"id":2548,"href":"https:\/\/ambel.com.es\/wordpress\/wp-json\/wp\/v2\/posts\/2440\/revisions\/2548"}],"wp:attachment":[{"href":"https:\/\/ambel.com.es\/wordpress\/wp-json\/wp\/v2\/media?parent=2440"}],"wp:term":[{"taxonomy":"category","embeddable":true,"href":"https:\/\/ambel.com.es\/wordpress\/wp-json\/wp\/v2\/categories?post=2440"},{"taxonomy":"post_tag","embeddable":true,"href":"https:\/\/ambel.com.es\/wordpress\/wp-json\/wp\/v2\/tags?post=2440"}],"curies":[{"name":"wp","href":"https:\/\/api.w.org\/{rel}","templated":true}]}}