{"id":2409,"date":"2025-11-10T18:49:11","date_gmt":"2025-11-10T18:49:11","guid":{"rendered":"https:\/\/ambel.com.es\/wordpress\/?p=2409"},"modified":"2026-01-31T18:06:07","modified_gmt":"2026-01-31T18:06:07","slug":"2025-octubre-instalacion-homenaje-a-llos-40-anos-de-la-fundacion-de-apple-por-steve-jobs-en-el-circulo-de-empresarios-de-galicia-diciembre-2024-octubre-2025","status":"publish","type":"post","link":"https:\/\/ambel.com.es\/wordpress\/2025\/11\/10\/2025-octubre-instalacion-homenaje-a-llos-40-anos-de-la-fundacion-de-apple-por-steve-jobs-en-el-circulo-de-empresarios-de-galicia-diciembre-2024-octubre-2025\/","title":{"rendered":"2025 octubre, Instalaci\u00f3n homenaje a llos 40 a\u00f1os de la fundaci\u00f3n de Apple por Steve Jobs en el C\u00edrculo de Empresarios de Galicia diciembre 2024- octubre 2025"},"content":{"rendered":"<p><a href=\"https:\/\/www.youtube.com\/watch?v=SyLGJMkziHg&amp;t=6s\">INSTALACI\u00d3N HOMENAJE A STEVE JOBS 40 A\u00d1OS<\/a><\/p>\n<p><img loading=\"lazy\" decoding=\"async\" class=\"alignnone size-medium wp-image-2410\" style=\"color: #3c3c3c; font-family: 'PT Serif', 'Times New Roman', Times, serif; font-size: large;\" src=\"https:\/\/ambel.com.es\/wordpress\/wp-content\/uploads\/2025\/11\/20241219_134528-300x205.jpg\" alt=\"\" width=\"300\" height=\"205\" srcset=\"https:\/\/ambel.com.es\/wordpress\/wp-content\/uploads\/2025\/11\/20241219_134528-300x205.jpg 300w, https:\/\/ambel.com.es\/wordpress\/wp-content\/uploads\/2025\/11\/20241219_134528-1024x698.jpg 1024w, https:\/\/ambel.com.es\/wordpress\/wp-content\/uploads\/2025\/11\/20241219_134528-768x524.jpg 768w, https:\/\/ambel.com.es\/wordpress\/wp-content\/uploads\/2025\/11\/20241219_134528-1536x1048.jpg 1536w, https:\/\/ambel.com.es\/wordpress\/wp-content\/uploads\/2025\/11\/20241219_134528-2048x1397.jpg 2048w, https:\/\/ambel.com.es\/wordpress\/wp-content\/uploads\/2025\/11\/20241219_134528-1568x1069.jpg 1568w\" sizes=\"auto, (max-width: 300px) 100vw, 300px\" \/><\/p>\n<p><span style=\"color: #3c3c3c;\"><span style=\"font-family: PT Serif, Times New Roman, Times, serif;\"><span style=\"font-size: large;\">Queremos expresar nuestro agradecimiento al <\/span><\/span><\/span><\/p>\n<p><span style=\"color: #3c3c3c;\"><span style=\"font-family: PT Serif, Times New Roman, Times, serif;\"><span style=\"font-size: large;\"><a href=\"https:\/\/circulo.gal\/\">C\u00edrculo de Empresarios de <\/a><\/span><\/span><\/span><span style=\"color: #3c3c3c;\"><span style=\"font-family: PT Serif, Times New Roman, Times, serif;\"><span style=\"font-size: large;\"><a href=\"https:\/\/circulo.gal\/\">G<\/a><\/span><\/span><\/span><a style=\"font-size: large; font-family: 'PT Serif', 'Times New Roman', Times, serif;\" href=\"https:\/\/circulo.gal\/\">alicia<\/a><\/p>\n<p><span style=\"color: #3c3c3c;\"><span style=\"font-family: PT Serif, Times New Roman, Times, serif;\"><span style=\"font-size: large;\">por su apoyo y colaboraci\u00f3n en este proyecto.<\/span><\/span><\/span><\/p>\n<p><span style=\"color: #3c3c3c;\"><span style=\"font-family: PT Serif, Times New Roman, Times, serif;\"><span style=\"font-size: large;\">Y a todas las personas que han tenido la amabilidad<\/span><\/span><\/span><\/p>\n<p><span style=\"color: #3c3c3c;\"><span style=\"font-family: PT Serif, Times New Roman, Times, serif;\"><span style=\"font-size: large;\">de probar su energ\u00eda en directo.<\/span><\/span><\/span><\/p>\n<p><span style=\"color: #3c3c3c;\"><span style=\"font-family: PT Serif, Times New Roman, Times, serif;\"><span style=\"font-size: large;\">Pod\u00e9is ver el proceso completo de construcci\u00f3n de <\/span><\/span><\/span><\/p>\n<p><a href=\"https:\/\/www.youtube.com\/watch?v=qKP0o3Etxzc\"><span style=\"color: #3c3c3c;\">\u201c<span style=\"font-family: PT Serif, Times New Roman, Times, serif;\"><span style=\"font-size: large;\">El sill\u00f3n machintosh\u201d en mi canal de YouTube: Rafael Jim\u00e9nez Ambel <\/span><\/span><\/span><\/a><\/p>\n<p><span style=\"color: #3c3c3c;\"><span style=\"font-family: PT Serif, Times New Roman, Times, serif;\"><span style=\"font-size: large;\">Finalmente, agradecemos profundamente <\/span><\/span><\/span><\/p>\n<p><span style=\"color: #3c3c3c;\"><span style=\"font-family: PT Serif, Times New Roman, Times, serif;\"><span style=\"font-size: large;\">la acogida de esta obra en el <a href=\"https:\/\/muvi.gal\/\">Museo del Videojuego de Cangas<\/a>, <\/span><\/span><\/span><\/p>\n<p><span style=\"color: #3c3c3c;\"><span style=\"font-family: PT Serif, Times New Roman, Times, serif;\"><span style=\"font-size: large;\">donde permanecer\u00e1 expuesta para su disfrute p\u00fablico<\/span><\/span><\/span><\/p>\n","protected":false},"excerpt":{"rendered":"<p>INSTALACI\u00d3N HOMENAJE A STEVE JOBS 40 A\u00d1OS Queremos expresar nuestro agradecimiento al C\u00edrculo de Empresarios de Galicia por su apoyo y colaboraci\u00f3n en este proyecto. Y a todas las personas que han tenido la amabilidad de probar su energ\u00eda en directo. Pod\u00e9is ver el proceso completo de construcci\u00f3n de \u201cEl sill\u00f3n machintosh\u201d en mi canal&hellip; <a class=\"more-link\" href=\"https:\/\/ambel.com.es\/wordpress\/2025\/11\/10\/2025-octubre-instalacion-homenaje-a-llos-40-anos-de-la-fundacion-de-apple-por-steve-jobs-en-el-circulo-de-empresarios-de-galicia-diciembre-2024-octubre-2025\/\">Seguir leyendo <span class=\"screen-reader-text\">2025 octubre, Instalaci\u00f3n homenaje a llos 40 a\u00f1os de la fundaci\u00f3n de Apple por Steve Jobs en el C\u00edrculo de Empresarios de Galicia diciembre 2024- octubre 2025<\/span><\/a><\/p>\n","protected":false},"author":1,"featured_media":0,"comment_status":"closed","ping_status":"closed","sticky":false,"template":"","format":"standard","meta":{"_crdt_document":"","_jetpack_memberships_contains_paid_content":false,"footnotes":""},"categories":[1],"tags":[],"class_list":["post-2409","post","type-post","status-publish","format-standard","hentry","category-sin-categoria","entry"],"jetpack_featured_media_url":"","jetpack_sharing_enabled":true,"_links":{"self":[{"href":"https:\/\/ambel.com.es\/wordpress\/wp-json\/wp\/v2\/posts\/2409","targetHints":{"allow":["GET"]}}],"collection":[{"href":"https:\/\/ambel.com.es\/wordpress\/wp-json\/wp\/v2\/posts"}],"about":[{"href":"https:\/\/ambel.com.es\/wordpress\/wp-json\/wp\/v2\/types\/post"}],"author":[{"embeddable":true,"href":"https:\/\/ambel.com.es\/wordpress\/wp-json\/wp\/v2\/users\/1"}],"replies":[{"embeddable":true,"href":"https:\/\/ambel.com.es\/wordpress\/wp-json\/wp\/v2\/comments?post=2409"}],"version-history":[{"count":5,"href":"https:\/\/ambel.com.es\/wordpress\/wp-json\/wp\/v2\/posts\/2409\/revisions"}],"predecessor-version":[{"id":2419,"href":"https:\/\/ambel.com.es\/wordpress\/wp-json\/wp\/v2\/posts\/2409\/revisions\/2419"}],"wp:attachment":[{"href":"https:\/\/ambel.com.es\/wordpress\/wp-json\/wp\/v2\/media?parent=2409"}],"wp:term":[{"taxonomy":"category","embeddable":true,"href":"https:\/\/ambel.com.es\/wordpress\/wp-json\/wp\/v2\/categories?post=2409"},{"taxonomy":"post_tag","embeddable":true,"href":"https:\/\/ambel.com.es\/wordpress\/wp-json\/wp\/v2\/tags?post=2409"}],"curies":[{"name":"wp","href":"https:\/\/api.w.org\/{rel}","templated":true}]}}