{"id":2394,"date":"2025-10-25T17:01:15","date_gmt":"2025-10-25T17:01:15","guid":{"rendered":"https:\/\/ambel.com.es\/wordpress\/?p=2394"},"modified":"2026-01-31T18:03:31","modified_gmt":"2026-01-31T18:03:31","slug":"cuando-el-pixel-era-pintura","status":"publish","type":"post","link":"https:\/\/ambel.com.es\/wordpress\/2025\/10\/25\/cuando-el-pixel-era-pintura\/","title":{"rendered":"Cuando el p\u00edxel era pintura"},"content":{"rendered":"<h3 data-start=\"141\" data-end=\"225\"><strong data-start=\"145\" data-end=\"225\">Cuando el p\u00edxel era pintura: los or\u00edgenes del grafismo televisivo en Torrent<\/strong><\/h3>\n<p data-start=\"227\" data-end=\"702\">En 1996, en la localidad valenciana de Torrent, un peque\u00f1o canal de televisi\u00f3n por cable se adelantaba a su tiempo. En una Espa\u00f1a que apenas comenzaba a vislumbrar la revoluci\u00f3n digital, un grupo de creadores experimentaba con los primeros ordenadores personales para dar identidad visual a la televisi\u00f3n local. Entre ellos se encontraba <strong data-start=\"565\" data-end=\"589\">Rafael Jim\u00e9nez Ambel<\/strong>, artista pl\u00e1stico que llev\u00f3 su curiosidad por la imagen en movimiento al terreno de la comunicaci\u00f3n audiovisual.<\/p>\n<p data-start=\"704\" data-end=\"1090\">Con un <strong data-start=\"711\" data-end=\"730\">Commodore Amiga<\/strong> y el m\u00edtico programa <strong data-start=\"752\" data-end=\"768\">Deluxe Paint<\/strong>, Jim\u00e9nez Ambel realiz\u00f3 <strong data-start=\"792\" data-end=\"818\">cabeceras de programas<\/strong> y peque\u00f1as animaciones que dotaban a la emisora de una est\u00e9tica propia, vibrante y artesanal. Era una \u00e9poca en la que el ordenador a\u00fan no era una herramienta com\u00fan en el \u00e1mbito televisivo, y cada secuencia se conceb\u00eda casi como una pintura digital, fotograma a fotograma.<\/p>\n<p data-start=\"1092\" data-end=\"1497\">Adem\u00e1s de las animaciones, el equipo lleg\u00f3 a <strong data-start=\"1137\" data-end=\"1172\">pintar decorados en las paredes<\/strong> para algunos programas, combinando t\u00e9cnicas pl\u00e1sticas tradicionales con los incipientes recursos digitales. Aquellas experiencias, surgidas en un entorno local y experimental, pueden considerarse <strong data-start=\"1369\" data-end=\"1446\">precedentes directos de los modernos sistemas de croma y fondos virtuales<\/strong> que hoy emplean las televisiones de todo el mundo.<\/p>\n<p data-start=\"1499\" data-end=\"1782\">En Torrent, en aquella televisi\u00f3n pionera, la tecnolog\u00eda y el arte comenzaron a dialogar mucho antes de que el t\u00e9rmino <em data-start=\"1618\" data-end=\"1629\">media art<\/em> se popularizara. Fue el inicio de una forma de entender la imagen televisiva donde la mano del artista, el p\u00edxel y la pared conviv\u00edan en un mismo plano.<\/p>\n<p data-start=\"1499\" data-end=\"1782\"><img loading=\"lazy\" decoding=\"async\" class=\"alignnone wp-image-2395\" src=\"https:\/\/ambel.com.es\/wordpress\/wp-content\/uploads\/2025\/10\/TORRENT-CABLE-228x300.jpg\" alt=\"\" width=\"490\" height=\"645\" srcset=\"https:\/\/ambel.com.es\/wordpress\/wp-content\/uploads\/2025\/10\/TORRENT-CABLE-228x300.jpg 228w, https:\/\/ambel.com.es\/wordpress\/wp-content\/uploads\/2025\/10\/TORRENT-CABLE.jpg 344w\" sizes=\"auto, (max-width: 490px) 100vw, 490px\" \/><\/p>\n<p data-start=\"1499\" data-end=\"1782\"><a href=\"https:\/\/www.youtube.com\/watch?v=ifsqKqrcF2w&amp;t=30s\">VER ANIMACIONES, de aquellos tiempos<\/a><\/p>\n<p data-start=\"1499\" data-end=\"1782\">\n","protected":false},"excerpt":{"rendered":"<p>Cuando el p\u00edxel era pintura: los or\u00edgenes del grafismo televisivo en Torrent En 1996, en la localidad valenciana de Torrent, un peque\u00f1o canal de televisi\u00f3n por cable se adelantaba a su tiempo. En una Espa\u00f1a que apenas comenzaba a vislumbrar la revoluci\u00f3n digital, un grupo de creadores experimentaba con los primeros ordenadores personales para dar&hellip; <a class=\"more-link\" href=\"https:\/\/ambel.com.es\/wordpress\/2025\/10\/25\/cuando-el-pixel-era-pintura\/\">Seguir leyendo <span class=\"screen-reader-text\">Cuando el p\u00edxel era pintura<\/span><\/a><\/p>\n","protected":false},"author":1,"featured_media":0,"comment_status":"closed","ping_status":"closed","sticky":false,"template":"","format":"standard","meta":{"_crdt_document":"","_jetpack_memberships_contains_paid_content":false,"footnotes":""},"categories":[1],"tags":[],"class_list":["post-2394","post","type-post","status-publish","format-standard","hentry","category-sin-categoria","entry"],"jetpack_featured_media_url":"","jetpack_sharing_enabled":true,"_links":{"self":[{"href":"https:\/\/ambel.com.es\/wordpress\/wp-json\/wp\/v2\/posts\/2394","targetHints":{"allow":["GET"]}}],"collection":[{"href":"https:\/\/ambel.com.es\/wordpress\/wp-json\/wp\/v2\/posts"}],"about":[{"href":"https:\/\/ambel.com.es\/wordpress\/wp-json\/wp\/v2\/types\/post"}],"author":[{"embeddable":true,"href":"https:\/\/ambel.com.es\/wordpress\/wp-json\/wp\/v2\/users\/1"}],"replies":[{"embeddable":true,"href":"https:\/\/ambel.com.es\/wordpress\/wp-json\/wp\/v2\/comments?post=2394"}],"version-history":[{"count":2,"href":"https:\/\/ambel.com.es\/wordpress\/wp-json\/wp\/v2\/posts\/2394\/revisions"}],"predecessor-version":[{"id":2698,"href":"https:\/\/ambel.com.es\/wordpress\/wp-json\/wp\/v2\/posts\/2394\/revisions\/2698"}],"wp:attachment":[{"href":"https:\/\/ambel.com.es\/wordpress\/wp-json\/wp\/v2\/media?parent=2394"}],"wp:term":[{"taxonomy":"category","embeddable":true,"href":"https:\/\/ambel.com.es\/wordpress\/wp-json\/wp\/v2\/categories?post=2394"},{"taxonomy":"post_tag","embeddable":true,"href":"https:\/\/ambel.com.es\/wordpress\/wp-json\/wp\/v2\/tags?post=2394"}],"curies":[{"name":"wp","href":"https:\/\/api.w.org\/{rel}","templated":true}]}}