{"id":2168,"date":"2025-05-04T17:58:46","date_gmt":"2025-05-04T17:58:46","guid":{"rendered":"https:\/\/ambel.com.es\/wordpress\/?p=2168"},"modified":"2026-01-31T18:08:28","modified_gmt":"2026-01-31T18:08:28","slug":"mayo-2025-ciberseguridad-y-arte","status":"publish","type":"post","link":"https:\/\/ambel.com.es\/wordpress\/2025\/05\/04\/mayo-2025-ciberseguridad-y-arte\/","title":{"rendered":"mayo 2025 ciberseguridad y arte"},"content":{"rendered":"<p>CIBERSEGURIDAD Y ARTE<\/p>\n<p>Iba a sacar este comentario a ra\u00edz de la ciberseguridad, cuando el lunes 29 de abril de 2025 toda Espa\u00f1a se qued\u00f3 a oscuras, no voy a entrar al tema porque saber la verdad ser\u00e1 casi imposible, pero lo que si est\u00e1 claro es que mi intuici\u00f3n se cumpli\u00f3, si damos totalmente el cr\u00e9dito al factor digital, cuando haya un apag\u00f3n (el\u00e9ctrico) lo digital desaparece, soluciones las tendr\u00e1 pero habr\u00e1 que confiar de nuevo en los libros y en el papel como herramienta de comunicaci\u00f3n segura.<\/p>\n<p>La ciberseguridad y el arte convergen en la protecci\u00f3n de obras digitales y los derechos de autor. Por eso, los artistas contempor\u00e1neos utilizan tecnolog\u00edas en red, lo que exige medidas espec\u00edficas para resguardar sus creaciones. El robo de arte digital y la falsificaci\u00f3n de NFTs plantean nuevos desaf\u00edos legales y \u00e9ticos. Es fundamental disponer de herramientas que permitan verificar la autenticidad y la procedencia de las obras digitales.<\/p>\n<p>Museos y galer\u00edas digitales tambi\u00e9n implementan protocolos de seguridad para proteger sus colecciones en l\u00ednea. Por ejemplo, el uso de encriptaci\u00f3n contribuye a salvaguardar archivos de alta resoluci\u00f3n frente a accesos no autorizados. El arte, adem\u00e1s, puede denunciar vulnerabilidades tecnol\u00f3gicas y promover la conciencia digital. En este sentido, algunos artistas exploran la est\u00e9tica de los virus, el c\u00f3digo y la vigilancia como tem\u00e1ticas creativas.<\/p>\n<p>Por otro lado, la interactividad en instalaciones\u00a0conectadas requiere proteger tanto los datos de los usuarios como los propios sistemas. En mi opini\u00f3n, la interacci\u00f3n hoy en d\u00eda no existe como cuando se crearon los primeros equipos de Apple; ahora todo puede ser vigilado, y la libertad digital es m\u00e1s una ilusi\u00f3n que una realidad.<\/p>\n<p><strong>R. J. Ambel<\/strong><\/p>\n<p>Agradecemos a nuestro alcalde, Abel Caballero, que posara junto al sill\u00f3n homenaje a Steve Jobs de Ambel, quien expone sus obras en el hall y la\u00a0cafeter\u00eda del C\u00edrculo de Empresarios de Galicia.<\/p>\n<ul>\n<li><img loading=\"lazy\" decoding=\"async\" class=\"alignnone wp-image-2169\" src=\"https:\/\/ambel.com.es\/wordpress\/wp-content\/uploads\/2025\/05\/20250425_120445-169x300.jpg\" alt=\"\" width=\"206\" height=\"366\" srcset=\"https:\/\/ambel.com.es\/wordpress\/wp-content\/uploads\/2025\/05\/20250425_120445-169x300.jpg 169w, https:\/\/ambel.com.es\/wordpress\/wp-content\/uploads\/2025\/05\/20250425_120445-576x1024.jpg 576w, https:\/\/ambel.com.es\/wordpress\/wp-content\/uploads\/2025\/05\/20250425_120445-768x1365.jpg 768w, https:\/\/ambel.com.es\/wordpress\/wp-content\/uploads\/2025\/05\/20250425_120445-864x1536.jpg 864w, https:\/\/ambel.com.es\/wordpress\/wp-content\/uploads\/2025\/05\/20250425_120445-1152x2048.jpg 1152w, https:\/\/ambel.com.es\/wordpress\/wp-content\/uploads\/2025\/05\/20250425_120445-1568x2788.jpg 1568w, https:\/\/ambel.com.es\/wordpress\/wp-content\/uploads\/2025\/05\/20250425_120445-scaled.jpg 1440w\" sizes=\"auto, (max-width: 206px) 100vw, 206px\" \/><\/li>\n<\/ul>\n","protected":false},"excerpt":{"rendered":"<p>CIBERSEGURIDAD Y ARTE Iba a sacar este comentario a ra\u00edz de la ciberseguridad, cuando el lunes 29 de abril de 2025 toda Espa\u00f1a se qued\u00f3 a oscuras, no voy a entrar al tema porque saber la verdad ser\u00e1 casi imposible, pero lo que si est\u00e1 claro es que mi intuici\u00f3n se cumpli\u00f3, si damos totalmente&hellip; <a class=\"more-link\" href=\"https:\/\/ambel.com.es\/wordpress\/2025\/05\/04\/mayo-2025-ciberseguridad-y-arte\/\">Seguir leyendo <span class=\"screen-reader-text\">mayo 2025 ciberseguridad y arte<\/span><\/a><\/p>\n","protected":false},"author":1,"featured_media":0,"comment_status":"closed","ping_status":"closed","sticky":false,"template":"","format":"standard","meta":{"_crdt_document":"","_jetpack_memberships_contains_paid_content":false,"footnotes":""},"categories":[1],"tags":[],"class_list":["post-2168","post","type-post","status-publish","format-standard","hentry","category-sin-categoria","entry"],"jetpack_featured_media_url":"","jetpack_sharing_enabled":true,"_links":{"self":[{"href":"https:\/\/ambel.com.es\/wordpress\/wp-json\/wp\/v2\/posts\/2168","targetHints":{"allow":["GET"]}}],"collection":[{"href":"https:\/\/ambel.com.es\/wordpress\/wp-json\/wp\/v2\/posts"}],"about":[{"href":"https:\/\/ambel.com.es\/wordpress\/wp-json\/wp\/v2\/types\/post"}],"author":[{"embeddable":true,"href":"https:\/\/ambel.com.es\/wordpress\/wp-json\/wp\/v2\/users\/1"}],"replies":[{"embeddable":true,"href":"https:\/\/ambel.com.es\/wordpress\/wp-json\/wp\/v2\/comments?post=2168"}],"version-history":[{"count":1,"href":"https:\/\/ambel.com.es\/wordpress\/wp-json\/wp\/v2\/posts\/2168\/revisions"}],"predecessor-version":[{"id":2170,"href":"https:\/\/ambel.com.es\/wordpress\/wp-json\/wp\/v2\/posts\/2168\/revisions\/2170"}],"wp:attachment":[{"href":"https:\/\/ambel.com.es\/wordpress\/wp-json\/wp\/v2\/media?parent=2168"}],"wp:term":[{"taxonomy":"category","embeddable":true,"href":"https:\/\/ambel.com.es\/wordpress\/wp-json\/wp\/v2\/categories?post=2168"},{"taxonomy":"post_tag","embeddable":true,"href":"https:\/\/ambel.com.es\/wordpress\/wp-json\/wp\/v2\/tags?post=2168"}],"curies":[{"name":"wp","href":"https:\/\/api.w.org\/{rel}","templated":true}]}}