{"id":2126,"date":"2025-03-06T20:48:35","date_gmt":"2025-03-06T20:48:35","guid":{"rendered":"https:\/\/ambel.com.es\/wordpress\/?p=2126"},"modified":"2026-01-31T18:10:44","modified_gmt":"2026-01-31T18:10:44","slug":"bea-rey-premio-laxeiro-2025","status":"publish","type":"post","link":"https:\/\/ambel.com.es\/wordpress\/2025\/03\/06\/bea-rey-premio-laxeiro-2025\/","title":{"rendered":"Bea Rey premio Laxeiro 2025"},"content":{"rendered":"<p><img loading=\"lazy\" decoding=\"async\" class=\"alignnone wp-image-2135\" style=\"color: var(--global--color-primary); font-family: var(--global--font-secondary); font-size: var(--global--font-size-base);\" src=\"https:\/\/ambel.com.es\/wordpress\/wp-content\/uploads\/2025\/03\/OIP-229x300.jpg\" alt=\"\" width=\"354\" height=\"464\" srcset=\"https:\/\/ambel.com.es\/wordpress\/wp-content\/uploads\/2025\/03\/OIP-229x300.jpg 229w, https:\/\/ambel.com.es\/wordpress\/wp-content\/uploads\/2025\/03\/OIP.jpg 353w\" sizes=\"auto, (max-width: 354px) 100vw, 354px\" \/><\/p>\n<p>Bea Rey desarrolla una <span style=\"background-color: var(--global--color-background); color: var(--global--color-primary); font-family: var(--global--font-secondary); font-size: var(--global--font-size-base);\">obra art\u00edstica con una visi\u00f3n proyectual y una evoluci\u00f3n constante, alineada con la modernidad y la renovaci\u00f3n est\u00e9tica. D<\/span><span style=\"color: var(--global--color-primary); font-family: var(--global--font-secondary); font-size: var(--global--font-size-base); background-color: var(--global--color-background);\">esde los a\u00f1os 60, particip\u00f3 en Estampa Popular Galega con grabados de cr\u00edtica social y en su serie sobre el Metro, influ<\/span><span style=\"color: var(--global--color-primary); font-family: var(--global--font-secondary); font-size: var(--global--font-size-base); background-color: var(--global--color-background);\">en<\/span><span style=\"color: var(--global--color-primary); font-family: var(--global--font-secondary); font-size: var(--global--font-size-base); background-color: var(--global--color-background);\">ciada por Seoane, Matisse y Picasso. En los 70, adopt\u00f3 un lenguaje m\u00e1s cr\u00edptico y una figuraci\u00f3n que exploraba la fra<\/span><span style=\"color: var(--global--color-primary); font-family: var(--global--font-secondary); font-size: var(--global--font-size-base); background-color: var(--global--color-background);\">gmentaci\u00f3n y la geometr\u00eda, reflejada en sus torsos y retratos familiares. Durante los 80, en la Movida madrile\u00f1a, consolid\u00f3 su identidad pict\u00f3rica combina<\/span><span style=\"color: var(--global--color-primary); font-family: var(--global--font-secondary); font-size: var(--global--font-size-base); background-color: var(--global--color-background);\">ndo trad<\/span><span style=\"color: var(--global--color-primary); font-family: var(--global--font-secondary); font-size: var(--global--font-size-base); background-color: var(--global--color-background);\">ici\u00f3n y onirismo, con referencias a Freud y un juego de apropiaciones art\u00edsticas. En los 90, su pintura evolucion\u00f3 hacia la abstracci\u00f3n, integrando collage y esculturas murales con ecos de Mir\u00f3 y el constructivismo. En el siglo XXI, su obra se convierte en un poemario visual con una abstracci\u00f3n humanista y espiritual, alej\u00e1ndose de<\/span><span style=\"color: var(--global--color-primary); font-family: var(--global--font-secondary); font-size: var(--global--font-size-base); background-color: var(--global--color-background);\">l formalismo absoluto. (resumen de la presentaci\u00f3n de <\/span><span style=\"color: var(--global--color-primary); font-family: var(--global--font-secondary); font-size: var(--global--font-size-base); background-color: var(--global--color-background);\">ANTON CASTRO)<\/span><\/p>\n<p><img loading=\"lazy\" decoding=\"async\" class=\"alignnone size-medium wp-image-2128\" style=\"color: var(--global--color-primary); font-family: var(--global--font-secondary); font-size: var(--global--font-size-base); background-color: var(--global--color-background);\" src=\"https:\/\/ambel.com.es\/wordpress\/wp-content\/uploads\/2025\/03\/descarga-2-233x300.jpg\" alt=\"\" width=\"233\" height=\"300\" srcset=\"https:\/\/ambel.com.es\/wordpress\/wp-content\/uploads\/2025\/03\/descarga-2-233x300.jpg 233w, https:\/\/ambel.com.es\/wordpress\/wp-content\/uploads\/2025\/03\/descarga-2.jpg 353w\" sizes=\"auto, (max-width: 233px) 100vw, 233px\" \/> <img loading=\"lazy\" decoding=\"async\" class=\"alignnone size-medium wp-image-2129\" style=\"color: var(--global--color-primary); font-family: var(--global--font-secondary); font-size: var(--global--font-size-base); background-color: var(--global--color-background);\" src=\"https:\/\/ambel.com.es\/wordpress\/wp-content\/uploads\/2025\/03\/descarga-3-239x300.jpg\" alt=\"\" width=\"239\" height=\"300\" srcset=\"https:\/\/ambel.com.es\/wordpress\/wp-content\/uploads\/2025\/03\/descarga-3-239x300.jpg 239w, https:\/\/ambel.com.es\/wordpress\/wp-content\/uploads\/2025\/03\/descarga-3.jpg 353w\" sizes=\"auto, (max-width: 239px) 100vw, 239px\" \/> <img loading=\"lazy\" decoding=\"async\" class=\"alignnone size-medium wp-image-2130\" style=\"color: var(--global--color-primary); font-family: var(--global--font-secondary); font-size: var(--global--font-size-base); background-color: var(--global--color-background);\" src=\"https:\/\/ambel.com.es\/wordpress\/wp-content\/uploads\/2025\/03\/descarga-4-233x300.jpg\" alt=\"\" width=\"233\" height=\"300\" srcset=\"https:\/\/ambel.com.es\/wordpress\/wp-content\/uploads\/2025\/03\/descarga-4-233x300.jpg 233w, https:\/\/ambel.com.es\/wordpress\/wp-content\/uploads\/2025\/03\/descarga-4.jpg 353w\" sizes=\"auto, (max-width: 233px) 100vw, 233px\" \/> <img loading=\"lazy\" decoding=\"async\" class=\"alignnone size-medium wp-image-2131\" style=\"color: var(--global--color-primary); font-family: var(--global--font-secondary); font-size: var(--global--font-size-base); background-color: var(--global--color-background);\" src=\"https:\/\/ambel.com.es\/wordpress\/wp-content\/uploads\/2025\/03\/descarga-233x300.jpg\" alt=\"\" width=\"233\" height=\"300\" srcset=\"https:\/\/ambel.com.es\/wordpress\/wp-content\/uploads\/2025\/03\/descarga-233x300.jpg 233w, https:\/\/ambel.com.es\/wordpress\/wp-content\/uploads\/2025\/03\/descarga.jpg 353w\" sizes=\"auto, (max-width: 233px) 100vw, 233px\" \/> <span style=\"color: var(--global--color-primary); font-family: var(--global--font-secondary); font-size: var(--global--font-size-base); background-color: var(--global--color-background);\">\u00a0<\/span><img loading=\"lazy\" decoding=\"async\" class=\"alignnone size-medium wp-image-2133\" style=\"color: var(--global--color-primary); font-family: var(--global--font-secondary); font-size: var(--global--font-size-base); background-color: var(--global--color-background);\" src=\"https:\/\/ambel.com.es\/wordpress\/wp-content\/uploads\/2025\/03\/OIP-2-233x300.jpg\" alt=\"\" width=\"233\" height=\"300\" srcset=\"https:\/\/ambel.com.es\/wordpress\/wp-content\/uploads\/2025\/03\/OIP-2-233x300.jpg 233w, https:\/\/ambel.com.es\/wordpress\/wp-content\/uploads\/2025\/03\/OIP-2.jpg 353w\" sizes=\"auto, (max-width: 233px) 100vw, 233px\" \/> <img loading=\"lazy\" decoding=\"async\" class=\"alignnone wp-image-2134\" style=\"color: var(--global--color-primary); font-family: var(--global--font-secondary); font-size: var(--global--font-size-base); background-color: var(--global--color-background);\" src=\"https:\/\/ambel.com.es\/wordpress\/wp-content\/uploads\/2025\/03\/OIP-3-300x198.jpg\" alt=\"\" width=\"465\" height=\"307\" srcset=\"https:\/\/ambel.com.es\/wordpress\/wp-content\/uploads\/2025\/03\/OIP-3-300x198.jpg 300w, https:\/\/ambel.com.es\/wordpress\/wp-content\/uploads\/2025\/03\/OIP-3.jpg 353w\" sizes=\"auto, (max-width: 465px) 100vw, 465px\" \/><span style=\"color: var(--global--color-primary); font-family: var(--global--font-secondary); font-size: var(--global--font-size-base); background-color: var(--global--color-background);\">\u00a0<\/span><\/p>\n","protected":false},"excerpt":{"rendered":"<p>Bea Rey desarrolla una obra art\u00edstica con una visi\u00f3n proyectual y una evoluci\u00f3n constante, alineada con la modernidad y la renovaci\u00f3n est\u00e9tica. Desde los a\u00f1os 60, particip\u00f3 en Estampa Popular Galega con grabados de cr\u00edtica social y en su serie sobre el Metro, influenciada por Seoane, Matisse y Picasso. En los 70, adopt\u00f3 un lenguaje&hellip; <a class=\"more-link\" href=\"https:\/\/ambel.com.es\/wordpress\/2025\/03\/06\/bea-rey-premio-laxeiro-2025\/\">Seguir leyendo <span class=\"screen-reader-text\">Bea Rey premio Laxeiro 2025<\/span><\/a><\/p>\n","protected":false},"author":1,"featured_media":0,"comment_status":"closed","ping_status":"closed","sticky":false,"template":"","format":"standard","meta":{"_crdt_document":"","_jetpack_memberships_contains_paid_content":false,"footnotes":""},"categories":[1],"tags":[],"class_list":["post-2126","post","type-post","status-publish","format-standard","hentry","category-sin-categoria","entry"],"jetpack_featured_media_url":"","jetpack_sharing_enabled":true,"_links":{"self":[{"href":"https:\/\/ambel.com.es\/wordpress\/wp-json\/wp\/v2\/posts\/2126","targetHints":{"allow":["GET"]}}],"collection":[{"href":"https:\/\/ambel.com.es\/wordpress\/wp-json\/wp\/v2\/posts"}],"about":[{"href":"https:\/\/ambel.com.es\/wordpress\/wp-json\/wp\/v2\/types\/post"}],"author":[{"embeddable":true,"href":"https:\/\/ambel.com.es\/wordpress\/wp-json\/wp\/v2\/users\/1"}],"replies":[{"embeddable":true,"href":"https:\/\/ambel.com.es\/wordpress\/wp-json\/wp\/v2\/comments?post=2126"}],"version-history":[{"count":1,"href":"https:\/\/ambel.com.es\/wordpress\/wp-json\/wp\/v2\/posts\/2126\/revisions"}],"predecessor-version":[{"id":2136,"href":"https:\/\/ambel.com.es\/wordpress\/wp-json\/wp\/v2\/posts\/2126\/revisions\/2136"}],"wp:attachment":[{"href":"https:\/\/ambel.com.es\/wordpress\/wp-json\/wp\/v2\/media?parent=2126"}],"wp:term":[{"taxonomy":"category","embeddable":true,"href":"https:\/\/ambel.com.es\/wordpress\/wp-json\/wp\/v2\/categories?post=2126"},{"taxonomy":"post_tag","embeddable":true,"href":"https:\/\/ambel.com.es\/wordpress\/wp-json\/wp\/v2\/tags?post=2126"}],"curies":[{"name":"wp","href":"https:\/\/api.w.org\/{rel}","templated":true}]}}