{"id":2000,"date":"2024-12-30T19:15:17","date_gmt":"2024-12-30T19:15:17","guid":{"rendered":"https:\/\/ambel.com.es\/wordpress\/?p=2000"},"modified":"2026-02-02T21:45:22","modified_gmt":"2026-02-02T21:45:22","slug":"diciembre-2014-el-futuro-de-la-enfermeria","status":"publish","type":"post","link":"https:\/\/ambel.com.es\/wordpress\/2024\/12\/30\/diciembre-2014-el-futuro-de-la-enfermeria\/","title":{"rendered":"diciembre 2024, el futuro de la enfermer\u00eda"},"content":{"rendered":"<figure id=\"attachment_2019\" aria-describedby=\"caption-attachment-2019\" style=\"width: 213px\" class=\"wp-caption alignnone\"><img loading=\"lazy\" decoding=\"async\" class=\" wp-image-2019\" src=\"https:\/\/ambel.com.es\/wordpress\/wp-content\/uploads\/2024\/12\/20170531_114659-186x300.jpg\" alt=\"\" width=\"213\" height=\"344\" srcset=\"https:\/\/ambel.com.es\/wordpress\/wp-content\/uploads\/2024\/12\/20170531_114659-186x300.jpg 186w, https:\/\/ambel.com.es\/wordpress\/wp-content\/uploads\/2024\/12\/20170531_114659-635x1024.jpg 635w, https:\/\/ambel.com.es\/wordpress\/wp-content\/uploads\/2024\/12\/20170531_114659-768x1238.jpg 768w, https:\/\/ambel.com.es\/wordpress\/wp-content\/uploads\/2024\/12\/20170531_114659-953x1536.jpg 953w, https:\/\/ambel.com.es\/wordpress\/wp-content\/uploads\/2024\/12\/20170531_114659-1270x2048.jpg 1270w, https:\/\/ambel.com.es\/wordpress\/wp-content\/uploads\/2024\/12\/20170531_114659-1568x2528.jpg 1568w, https:\/\/ambel.com.es\/wordpress\/wp-content\/uploads\/2024\/12\/20170531_114659-scaled.jpg 1588w\" sizes=\"auto, (max-width: 213px) 100vw, 213px\" \/><figcaption id=\"caption-attachment-2019\" class=\"wp-caption-text\">User comments<\/figcaption><\/figure>\n<p>\u201c<span style=\"font-size: large;\"><b>El futuro de la enfermer\u00eda<\/b><b>\u201d <\/b>Esta obra y sus versiones suponen un c\u00e1ntico gr\u00e1fico a la labor actual de la enfermer\u00eda y su futuro que estar\u00e1 marcado por la innovaci\u00f3n tecnol\u00f3gica, el cuidado integral del paciente y la adaptaci\u00f3n a los desaf\u00edos locales y interregionaes e internacionales de salud. Con el avance de las telecomunicaciones digitales y el uso de dispositivos de control digital los enfermeros y enfermeras tendr\u00e1n un papel clave en la atenci\u00f3n a distancia, asegurando un acceso m\u00e1s equitativo a los servicios sanitarios. Adem\u00e1s, la progresi\u00f3n de los conocimientos m\u00e9dicos y cient\u00edficos y la mejor gesti\u00f3n simplificar\u00e1n tareas administrativas, permitiendo a los profesionales dedicar m\u00e1s tiempo al cuidado humano. En una sociedad con poblaciones envejecidas y nuevas enfermedades emergentes, la especializaci\u00f3n y la formaci\u00f3n continua ser\u00e1n esenciales para responder a los problemas personales y familiares de salud. La enfermer\u00eda tambi\u00e9n se posicionar\u00e1 como l\u00edder en la promoci\u00f3n de la salud y la prevenci\u00f3n, trabajando colaborativamente para reducir diferencias sociales. As\u00ed, el futuro promete una enfermer\u00eda m\u00e1s adaptada, multidisciplinaria y vital en la construcci\u00f3n de sistemas de salud nacional e internacional. <\/span><\/p>\n<p><span style=\"font-size: large;\">R. J. Ambel<\/span><\/p>\n<p><img loading=\"lazy\" decoding=\"async\" class=\"alignnone size-medium wp-image-2018\" src=\"https:\/\/ambel.com.es\/wordpress\/wp-content\/uploads\/2024\/12\/esquema-colegio-enfermeros-216x300.jpg\" alt=\"\" width=\"216\" height=\"300\" srcset=\"https:\/\/ambel.com.es\/wordpress\/wp-content\/uploads\/2024\/12\/esquema-colegio-enfermeros-216x300.jpg 216w, https:\/\/ambel.com.es\/wordpress\/wp-content\/uploads\/2024\/12\/esquema-colegio-enfermeros-736x1024.jpg 736w, https:\/\/ambel.com.es\/wordpress\/wp-content\/uploads\/2024\/12\/esquema-colegio-enfermeros-768x1069.jpg 768w, https:\/\/ambel.com.es\/wordpress\/wp-content\/uploads\/2024\/12\/esquema-colegio-enfermeros-1104x1536.jpg 1104w, https:\/\/ambel.com.es\/wordpress\/wp-content\/uploads\/2024\/12\/esquema-colegio-enfermeros-1472x2048.jpg 1472w, https:\/\/ambel.com.es\/wordpress\/wp-content\/uploads\/2024\/12\/esquema-colegio-enfermeros-1568x2182.jpg 1568w, https:\/\/ambel.com.es\/wordpress\/wp-content\/uploads\/2024\/12\/esquema-colegio-enfermeros-scaled.jpg 1840w\" sizes=\"auto, (max-width: 216px) 100vw, 216px\" \/> <img loading=\"lazy\" decoding=\"async\" class=\"alignnone size-medium wp-image-2016\" src=\"https:\/\/ambel.com.es\/wordpress\/wp-content\/uploads\/2024\/12\/el-futuro-de-la-enfermeriabaja-209x300.jpg\" alt=\"\" width=\"209\" height=\"300\" srcset=\"https:\/\/ambel.com.es\/wordpress\/wp-content\/uploads\/2024\/12\/el-futuro-de-la-enfermeriabaja-209x300.jpg 209w, https:\/\/ambel.com.es\/wordpress\/wp-content\/uploads\/2024\/12\/el-futuro-de-la-enfermeriabaja.jpg 567w\" sizes=\"auto, (max-width: 209px) 100vw, 209px\" \/> <img loading=\"lazy\" decoding=\"async\" class=\"alignnone size-medium wp-image-2015\" src=\"https:\/\/ambel.com.es\/wordpress\/wp-content\/uploads\/2024\/12\/el-futuro-de-la-enfermeria-2HDR-218x300.jpg\" alt=\"\" width=\"218\" height=\"300\" srcset=\"https:\/\/ambel.com.es\/wordpress\/wp-content\/uploads\/2024\/12\/el-futuro-de-la-enfermeria-2HDR-218x300.jpg 218w, https:\/\/ambel.com.es\/wordpress\/wp-content\/uploads\/2024\/12\/el-futuro-de-la-enfermeria-2HDR-744x1024.jpg 744w, https:\/\/ambel.com.es\/wordpress\/wp-content\/uploads\/2024\/12\/el-futuro-de-la-enfermeria-2HDR-768x1056.jpg 768w, https:\/\/ambel.com.es\/wordpress\/wp-content\/uploads\/2024\/12\/el-futuro-de-la-enfermeria-2HDR-1117x1536.jpg 1117w, https:\/\/ambel.com.es\/wordpress\/wp-content\/uploads\/2024\/12\/el-futuro-de-la-enfermeria-2HDR-1489x2048.jpg 1489w, https:\/\/ambel.com.es\/wordpress\/wp-content\/uploads\/2024\/12\/el-futuro-de-la-enfermeria-2HDR-1568x2157.jpg 1568w, https:\/\/ambel.com.es\/wordpress\/wp-content\/uploads\/2024\/12\/el-futuro-de-la-enfermeria-2HDR.jpg 1710w\" sizes=\"auto, (max-width: 218px) 100vw, 218px\" \/> <img loading=\"lazy\" decoding=\"async\" class=\"alignnone size-medium wp-image-2013\" src=\"https:\/\/ambel.com.es\/wordpress\/wp-content\/uploads\/2024\/12\/DSC00067-202x300.jpg\" alt=\"\" width=\"202\" height=\"300\" srcset=\"https:\/\/ambel.com.es\/wordpress\/wp-content\/uploads\/2024\/12\/DSC00067-202x300.jpg 202w, https:\/\/ambel.com.es\/wordpress\/wp-content\/uploads\/2024\/12\/DSC00067-690x1024.jpg 690w, https:\/\/ambel.com.es\/wordpress\/wp-content\/uploads\/2024\/12\/DSC00067-768x1140.jpg 768w, https:\/\/ambel.com.es\/wordpress\/wp-content\/uploads\/2024\/12\/DSC00067-1035x1536.jpg 1035w, https:\/\/ambel.com.es\/wordpress\/wp-content\/uploads\/2024\/12\/DSC00067-1380x2048.jpg 1380w, https:\/\/ambel.com.es\/wordpress\/wp-content\/uploads\/2024\/12\/DSC00067-1568x2327.jpg 1568w, https:\/\/ambel.com.es\/wordpress\/wp-content\/uploads\/2024\/12\/DSC00067-scaled.jpg 1725w\" sizes=\"auto, (max-width: 202px) 100vw, 202px\" \/> <img loading=\"lazy\" decoding=\"async\" class=\"alignnone size-medium wp-image-2012\" src=\"https:\/\/ambel.com.es\/wordpress\/wp-content\/uploads\/2024\/12\/DSC00066-204x300.jpg\" alt=\"\" width=\"204\" height=\"300\" srcset=\"https:\/\/ambel.com.es\/wordpress\/wp-content\/uploads\/2024\/12\/DSC00066-204x300.jpg 204w, https:\/\/ambel.com.es\/wordpress\/wp-content\/uploads\/2024\/12\/DSC00066-695x1024.jpg 695w, https:\/\/ambel.com.es\/wordpress\/wp-content\/uploads\/2024\/12\/DSC00066-768x1131.jpg 768w, https:\/\/ambel.com.es\/wordpress\/wp-content\/uploads\/2024\/12\/DSC00066-1043x1536.jpg 1043w, https:\/\/ambel.com.es\/wordpress\/wp-content\/uploads\/2024\/12\/DSC00066-1391x2048.jpg 1391w, https:\/\/ambel.com.es\/wordpress\/wp-content\/uploads\/2024\/12\/DSC00066-1568x2309.jpg 1568w, https:\/\/ambel.com.es\/wordpress\/wp-content\/uploads\/2024\/12\/DSC00066-scaled.jpg 1738w\" sizes=\"auto, (max-width: 204px) 100vw, 204px\" \/> <img loading=\"lazy\" decoding=\"async\" class=\"alignnone size-medium wp-image-2010\" src=\"https:\/\/ambel.com.es\/wordpress\/wp-content\/uploads\/2024\/12\/DSC00064-225x300.jpg\" alt=\"\" width=\"225\" height=\"300\" srcset=\"https:\/\/ambel.com.es\/wordpress\/wp-content\/uploads\/2024\/12\/DSC00064-225x300.jpg 225w, https:\/\/ambel.com.es\/wordpress\/wp-content\/uploads\/2024\/12\/DSC00064-768x1024.jpg 768w, https:\/\/ambel.com.es\/wordpress\/wp-content\/uploads\/2024\/12\/DSC00064-1152x1536.jpg 1152w, https:\/\/ambel.com.es\/wordpress\/wp-content\/uploads\/2024\/12\/DSC00064-1536x2048.jpg 1536w, https:\/\/ambel.com.es\/wordpress\/wp-content\/uploads\/2024\/12\/DSC00064-1568x2091.jpg 1568w, https:\/\/ambel.com.es\/wordpress\/wp-content\/uploads\/2024\/12\/DSC00064-scaled.jpg 1920w\" sizes=\"auto, (max-width: 225px) 100vw, 225px\" \/> <img loading=\"lazy\" decoding=\"async\" class=\"alignnone size-medium wp-image-2009\" src=\"https:\/\/ambel.com.es\/wordpress\/wp-content\/uploads\/2024\/12\/DSC00063-202x300.jpg\" alt=\"\" width=\"202\" height=\"300\" srcset=\"https:\/\/ambel.com.es\/wordpress\/wp-content\/uploads\/2024\/12\/DSC00063-202x300.jpg 202w, https:\/\/ambel.com.es\/wordpress\/wp-content\/uploads\/2024\/12\/DSC00063-688x1024.jpg 688w, https:\/\/ambel.com.es\/wordpress\/wp-content\/uploads\/2024\/12\/DSC00063-768x1143.jpg 768w, https:\/\/ambel.com.es\/wordpress\/wp-content\/uploads\/2024\/12\/DSC00063-1032x1536.jpg 1032w, https:\/\/ambel.com.es\/wordpress\/wp-content\/uploads\/2024\/12\/DSC00063-1376x2048.jpg 1376w, https:\/\/ambel.com.es\/wordpress\/wp-content\/uploads\/2024\/12\/DSC00063-1568x2333.jpg 1568w, https:\/\/ambel.com.es\/wordpress\/wp-content\/uploads\/2024\/12\/DSC00063-scaled.jpg 1720w\" sizes=\"auto, (max-width: 202px) 100vw, 202px\" \/> <img loading=\"lazy\" decoding=\"async\" class=\"alignnone size-medium wp-image-2006\" src=\"https:\/\/ambel.com.es\/wordpress\/wp-content\/uploads\/2024\/12\/DSC00060-208x300.jpg\" alt=\"\" width=\"208\" height=\"300\" srcset=\"https:\/\/ambel.com.es\/wordpress\/wp-content\/uploads\/2024\/12\/DSC00060-208x300.jpg 208w, https:\/\/ambel.com.es\/wordpress\/wp-content\/uploads\/2024\/12\/DSC00060-711x1024.jpg 711w, https:\/\/ambel.com.es\/wordpress\/wp-content\/uploads\/2024\/12\/DSC00060-768x1106.jpg 768w, https:\/\/ambel.com.es\/wordpress\/wp-content\/uploads\/2024\/12\/DSC00060-1067x1536.jpg 1067w, https:\/\/ambel.com.es\/wordpress\/wp-content\/uploads\/2024\/12\/DSC00060-1422x2048.jpg 1422w, https:\/\/ambel.com.es\/wordpress\/wp-content\/uploads\/2024\/12\/DSC00060-1568x2258.jpg 1568w, https:\/\/ambel.com.es\/wordpress\/wp-content\/uploads\/2024\/12\/DSC00060-scaled.jpg 1778w\" sizes=\"auto, (max-width: 208px) 100vw, 208px\" \/> <img loading=\"lazy\" decoding=\"async\" class=\"alignnone size-medium wp-image-2004\" src=\"https:\/\/ambel.com.es\/wordpress\/wp-content\/uploads\/2024\/12\/DSC00058-202x300.jpg\" alt=\"\" width=\"202\" height=\"300\" srcset=\"https:\/\/ambel.com.es\/wordpress\/wp-content\/uploads\/2024\/12\/DSC00058-202x300.jpg 202w, https:\/\/ambel.com.es\/wordpress\/wp-content\/uploads\/2024\/12\/DSC00058-690x1024.jpg 690w, https:\/\/ambel.com.es\/wordpress\/wp-content\/uploads\/2024\/12\/DSC00058-768x1141.jpg 768w, https:\/\/ambel.com.es\/wordpress\/wp-content\/uploads\/2024\/12\/DSC00058-1034x1536.jpg 1034w, https:\/\/ambel.com.es\/wordpress\/wp-content\/uploads\/2024\/12\/DSC00058-1379x2048.jpg 1379w, https:\/\/ambel.com.es\/wordpress\/wp-content\/uploads\/2024\/12\/DSC00058-1568x2329.jpg 1568w, https:\/\/ambel.com.es\/wordpress\/wp-content\/uploads\/2024\/12\/DSC00058-scaled.jpg 1724w\" sizes=\"auto, (max-width: 202px) 100vw, 202px\" \/> <img loading=\"lazy\" decoding=\"async\" class=\"alignnone size-medium wp-image-2003\" src=\"https:\/\/ambel.com.es\/wordpress\/wp-content\/uploads\/2024\/12\/DSC00052-210x300.jpg\" alt=\"\" width=\"210\" height=\"300\" srcset=\"https:\/\/ambel.com.es\/wordpress\/wp-content\/uploads\/2024\/12\/DSC00052-210x300.jpg 210w, https:\/\/ambel.com.es\/wordpress\/wp-content\/uploads\/2024\/12\/DSC00052-717x1024.jpg 717w, https:\/\/ambel.com.es\/wordpress\/wp-content\/uploads\/2024\/12\/DSC00052-768x1098.jpg 768w, https:\/\/ambel.com.es\/wordpress\/wp-content\/uploads\/2024\/12\/DSC00052-1075x1536.jpg 1075w, https:\/\/ambel.com.es\/wordpress\/wp-content\/uploads\/2024\/12\/DSC00052-1433x2048.jpg 1433w, https:\/\/ambel.com.es\/wordpress\/wp-content\/uploads\/2024\/12\/DSC00052-1568x2241.jpg 1568w, https:\/\/ambel.com.es\/wordpress\/wp-content\/uploads\/2024\/12\/DSC00052-scaled.jpg 1791w\" sizes=\"auto, (max-width: 210px) 100vw, 210px\" \/> <img loading=\"lazy\" decoding=\"async\" class=\"alignnone size-medium wp-image-2002\" src=\"https:\/\/ambel.com.es\/wordpress\/wp-content\/uploads\/2024\/12\/DSC00051-206x300.jpg\" alt=\"\" width=\"206\" height=\"300\" srcset=\"https:\/\/ambel.com.es\/wordpress\/wp-content\/uploads\/2024\/12\/DSC00051-206x300.jpg 206w, https:\/\/ambel.com.es\/wordpress\/wp-content\/uploads\/2024\/12\/DSC00051-703x1024.jpg 703w, https:\/\/ambel.com.es\/wordpress\/wp-content\/uploads\/2024\/12\/DSC00051-768x1119.jpg 768w, https:\/\/ambel.com.es\/wordpress\/wp-content\/uploads\/2024\/12\/DSC00051-1054x1536.jpg 1054w, https:\/\/ambel.com.es\/wordpress\/wp-content\/uploads\/2024\/12\/DSC00051-1405x2048.jpg 1405w, https:\/\/ambel.com.es\/wordpress\/wp-content\/uploads\/2024\/12\/DSC00051-1568x2286.jpg 1568w, https:\/\/ambel.com.es\/wordpress\/wp-content\/uploads\/2024\/12\/DSC00051-scaled.jpg 1756w\" sizes=\"auto, (max-width: 206px) 100vw, 206px\" \/> <img loading=\"lazy\" decoding=\"async\" class=\"alignnone size-medium wp-image-2001\" src=\"https:\/\/ambel.com.es\/wordpress\/wp-content\/uploads\/2024\/12\/DSC00049-208x300.jpg\" alt=\"\" width=\"208\" height=\"300\" srcset=\"https:\/\/ambel.com.es\/wordpress\/wp-content\/uploads\/2024\/12\/DSC00049-208x300.jpg 208w, https:\/\/ambel.com.es\/wordpress\/wp-content\/uploads\/2024\/12\/DSC00049-711x1024.jpg 711w, https:\/\/ambel.com.es\/wordpress\/wp-content\/uploads\/2024\/12\/DSC00049-768x1106.jpg 768w, https:\/\/ambel.com.es\/wordpress\/wp-content\/uploads\/2024\/12\/DSC00049-1066x1536.jpg 1066w, https:\/\/ambel.com.es\/wordpress\/wp-content\/uploads\/2024\/12\/DSC00049-1422x2048.jpg 1422w, https:\/\/ambel.com.es\/wordpress\/wp-content\/uploads\/2024\/12\/DSC00049-1568x2258.jpg 1568w, https:\/\/ambel.com.es\/wordpress\/wp-content\/uploads\/2024\/12\/DSC00049-scaled.jpg 1777w\" sizes=\"auto, (max-width: 208px) 100vw, 208px\" \/><\/p>\n","protected":false},"excerpt":{"rendered":"<p>\u201cEl futuro de la enfermer\u00eda\u201d Esta obra y sus versiones suponen un c\u00e1ntico gr\u00e1fico a la labor actual de la enfermer\u00eda y su futuro que estar\u00e1 marcado por la innovaci\u00f3n tecnol\u00f3gica, el cuidado integral del paciente y la adaptaci\u00f3n a los desaf\u00edos locales y interregionaes e internacionales de salud. Con el avance de las telecomunicaciones&hellip; <a class=\"more-link\" href=\"https:\/\/ambel.com.es\/wordpress\/2024\/12\/30\/diciembre-2014-el-futuro-de-la-enfermeria\/\">Seguir leyendo <span class=\"screen-reader-text\">diciembre 2024, el futuro de la enfermer\u00eda<\/span><\/a><\/p>\n","protected":false},"author":1,"featured_media":0,"comment_status":"closed","ping_status":"closed","sticky":false,"template":"","format":"standard","meta":{"_crdt_document":"","_jetpack_memberships_contains_paid_content":false,"footnotes":""},"categories":[1],"tags":[],"class_list":["post-2000","post","type-post","status-publish","format-standard","hentry","category-sin-categoria","entry"],"jetpack_featured_media_url":"","jetpack_sharing_enabled":true,"_links":{"self":[{"href":"https:\/\/ambel.com.es\/wordpress\/wp-json\/wp\/v2\/posts\/2000","targetHints":{"allow":["GET"]}}],"collection":[{"href":"https:\/\/ambel.com.es\/wordpress\/wp-json\/wp\/v2\/posts"}],"about":[{"href":"https:\/\/ambel.com.es\/wordpress\/wp-json\/wp\/v2\/types\/post"}],"author":[{"embeddable":true,"href":"https:\/\/ambel.com.es\/wordpress\/wp-json\/wp\/v2\/users\/1"}],"replies":[{"embeddable":true,"href":"https:\/\/ambel.com.es\/wordpress\/wp-json\/wp\/v2\/comments?post=2000"}],"version-history":[{"count":5,"href":"https:\/\/ambel.com.es\/wordpress\/wp-json\/wp\/v2\/posts\/2000\/revisions"}],"predecessor-version":[{"id":2703,"href":"https:\/\/ambel.com.es\/wordpress\/wp-json\/wp\/v2\/posts\/2000\/revisions\/2703"}],"wp:attachment":[{"href":"https:\/\/ambel.com.es\/wordpress\/wp-json\/wp\/v2\/media?parent=2000"}],"wp:term":[{"taxonomy":"category","embeddable":true,"href":"https:\/\/ambel.com.es\/wordpress\/wp-json\/wp\/v2\/categories?post=2000"},{"taxonomy":"post_tag","embeddable":true,"href":"https:\/\/ambel.com.es\/wordpress\/wp-json\/wp\/v2\/tags?post=2000"}],"curies":[{"name":"wp","href":"https:\/\/api.w.org\/{rel}","templated":true}]}}