{"id":1929,"date":"2024-11-22T13:58:33","date_gmt":"2024-11-22T13:58:33","guid":{"rendered":"https:\/\/ambel.com.es\/wordpress\/?p=1929"},"modified":"2026-02-02T21:49:47","modified_gmt":"2026-02-02T21:49:47","slug":"octubre-2024-atlas-de-celulas-humanas-hacia-todos-los-datos-de-cuerpo-humano","status":"publish","type":"post","link":"https:\/\/ambel.com.es\/wordpress\/2024\/11\/22\/octubre-2024-atlas-de-celulas-humanas-hacia-todos-los-datos-de-cuerpo-humano\/","title":{"rendered":"octubre 2024 atlas de c\u00e9lulas humanas, hacia todos los datos de cuerpo humano"},"content":{"rendered":"<p>La notica de que se ha completado el atlas d todas las c\u00e9lulas del cuerpo, es una aliciente para le medicina y para el mundo de la imagen, hace a\u00f1os visualic\u00e9 el la obra pict\u00f3rica \u00abhuman big data\u00bb, como una propuesta para la cohesi\u00f3n de toda la informaci\u00f3n relacionada con la medicina y el cuerpo humano, como patrimonio de todos los hombres, una visi\u00f3n idealista pero no por ello deseable para el bien de nuestra especie. esta noticia enriquece mi propuesta por eso publico esta nueva nota en el Diario de Nuevas Ideas para el Arte.<\/p>\n<p>&nbsp;<\/p>\n<p>R. J. Ambel<\/p>\n<p><iframe loading=\"lazy\" title=\"HUMAN BIG DATA, 195 x 150 cm. t\u00e9cnica mixta\" width=\"750\" height=\"563\" src=\"https:\/\/www.youtube.com\/embed\/jkzLWhMbMQY?feature=oembed\" frameborder=\"0\" allow=\"accelerometer; autoplay; clipboard-write; encrypted-media; gyroscope; picture-in-picture; web-share\" referrerpolicy=\"strict-origin-when-cross-origin\" allowfullscreen><\/iframe><\/p>\n<p><img loading=\"lazy\" decoding=\"async\" class=\" wp-image-1931\" src=\"https:\/\/ambel.com.es\/wordpress\/wp-content\/uploads\/2024\/11\/human-big-data-y-atlas-e-celulas-300x269.jpg\" alt=\"\" width=\"523\" height=\"387\" \/><\/p>\n","protected":false},"excerpt":{"rendered":"<p>La notica de que se ha completado el atlas d todas las c\u00e9lulas del cuerpo, es una aliciente para le medicina y para el mundo de la imagen, hace a\u00f1os visualic\u00e9 el la obra pict\u00f3rica \u00abhuman big data\u00bb, como una propuesta para la cohesi\u00f3n de toda la informaci\u00f3n relacionada con la medicina y el cuerpo&hellip; <a class=\"more-link\" href=\"https:\/\/ambel.com.es\/wordpress\/2024\/11\/22\/octubre-2024-atlas-de-celulas-humanas-hacia-todos-los-datos-de-cuerpo-humano\/\">Seguir leyendo <span class=\"screen-reader-text\">octubre 2024 atlas de c\u00e9lulas humanas, hacia todos los datos de cuerpo humano<\/span><\/a><\/p>\n","protected":false},"author":1,"featured_media":0,"comment_status":"closed","ping_status":"closed","sticky":false,"template":"","format":"standard","meta":{"_crdt_document":"","_jetpack_memberships_contains_paid_content":false,"footnotes":""},"categories":[1],"tags":[],"class_list":["post-1929","post","type-post","status-publish","format-standard","hentry","category-sin-categoria","entry"],"jetpack_featured_media_url":"","jetpack_sharing_enabled":true,"_links":{"self":[{"href":"https:\/\/ambel.com.es\/wordpress\/wp-json\/wp\/v2\/posts\/1929","targetHints":{"allow":["GET"]}}],"collection":[{"href":"https:\/\/ambel.com.es\/wordpress\/wp-json\/wp\/v2\/posts"}],"about":[{"href":"https:\/\/ambel.com.es\/wordpress\/wp-json\/wp\/v2\/types\/post"}],"author":[{"embeddable":true,"href":"https:\/\/ambel.com.es\/wordpress\/wp-json\/wp\/v2\/users\/1"}],"replies":[{"embeddable":true,"href":"https:\/\/ambel.com.es\/wordpress\/wp-json\/wp\/v2\/comments?post=1929"}],"version-history":[{"count":1,"href":"https:\/\/ambel.com.es\/wordpress\/wp-json\/wp\/v2\/posts\/1929\/revisions"}],"predecessor-version":[{"id":1932,"href":"https:\/\/ambel.com.es\/wordpress\/wp-json\/wp\/v2\/posts\/1929\/revisions\/1932"}],"wp:attachment":[{"href":"https:\/\/ambel.com.es\/wordpress\/wp-json\/wp\/v2\/media?parent=1929"}],"wp:term":[{"taxonomy":"category","embeddable":true,"href":"https:\/\/ambel.com.es\/wordpress\/wp-json\/wp\/v2\/categories?post=1929"},{"taxonomy":"post_tag","embeddable":true,"href":"https:\/\/ambel.com.es\/wordpress\/wp-json\/wp\/v2\/tags?post=1929"}],"curies":[{"name":"wp","href":"https:\/\/api.w.org\/{rel}","templated":true}]}}