{"id":1691,"date":"2024-04-17T10:16:23","date_gmt":"2024-04-17T10:16:23","guid":{"rendered":"https:\/\/ambel.com.es\/wordpress\/?p=1691"},"modified":"2026-02-02T08:13:47","modified_gmt":"2026-02-02T08:13:47","slug":"2024-marzo-concierto-pictorico-en-la-casa-de-galicia-en-madrid-carlos-rosaleny-a-la-guitarra","status":"publish","type":"post","link":"https:\/\/ambel.com.es\/wordpress\/2024\/04\/17\/2024-marzo-concierto-pictorico-en-la-casa-de-galicia-en-madrid-carlos-rosaleny-a-la-guitarra\/","title":{"rendered":"2024 marzo, Concierto Pict\u00f3rico en la Casa de Galicia en Madrid, Carlos Rosaleny a la guitarra"},"content":{"rendered":"<p><a href=\"https:\/\/ambel.com.es\/wordpress\/wp-content\/uploads\/2024\/04\/TARJETON-COCNCIERTO-PICTORICO.pdf\">TARJETON COCNCIERTO PICT\u00d3RICO<\/a><\/p>\n<p><a href=\"https:\/\/youtu.be\/mh_Mtn-cD_U\">Video del concierto<\/a><\/p>\n<p align=\"justify\">\n<p align=\"justify\"><a name=\"_GoBack\"><\/a> Con esta propuesta se pretende que el p\u00fablico se sumerja en la cultura y tradiciones en torno al Camino de Santiago como punto de encuentro e intercambio cultural desde su nacimiento en la Edad Media.<\/p>\n<p align=\"justify\">Se trata de un concierto pict\u00f3rico donde el dibujo surge en constante di\u00e1logo con la m\u00fasica de los compositores Federico Mompou y Stephen Goss, trenzando la historia, ritos y tradiciones que se han ido desarrollando a trav\u00e9s del Camino de Santiago.<\/p>\n<p align=\"justify\">El programa consiste en dos obras compuestas en torno a la tem\u00e1tica del Camino: la \u201cSuite Compostelana\u201d y las \u201cCantigas de Santiago\u201d.<\/p>\n<p align=\"justify\">La \u201cSuite Compostelana\u201d es una de las \u00fanicas obras para guitarra escritas por el compositor Federico Mompou. Fue compuesta en el a\u00f1o 1962 durante una de sus estancias como docente en los cursos de M\u00fasica en Compostela, donde coincidi\u00f3 con el guitarrista Andr\u00e9s Segovia, quien le invit\u00f3 a componer una obra de concierto para guitarra. As\u00ed naci\u00f3 en 1962 la \u201cSuite Compostelana\u201d que consta de seis movimientos inspirados en el folclore gallego.<\/p>\n<p align=\"justify\">Las \u201cCantigas de Santiago\u201d de Stephen Goss son una adaptaci\u00f3n moderna para guitarra de m\u00fasica medieval relacionada con el Camino. Las piezas est\u00e1n compuestas bas\u00e1ndose en tres fuentes:<\/p>\n<p align=\"justify\">&#8211; \u201cCantigas de Santa Mar\u00eda\u201d, conjunto de canciones medievales escritas en galaicoportugu\u00e9s recopiladas por Alfonso X \u201cel Sabio\u201d en la segunda mitad del s. XIII donde se narran los milagros de la Virgen Mar\u00eda.<\/p>\n<p align=\"justify\">-\u201cCantigas de Amigo\u201d, escritas por el juglar Mart\u00edn C\u00f3dax en la segunda mitad del siglo XIII, conservan las canciones seculares m\u00e1s antiguas de la pen\u00ednsula ib\u00e9rica donde se narra la historia de una mujer que espera mirando al mar en la bah\u00eda de Vigo el improbable retorno de su amado.<\/p>\n<p align=\"justify\">&#8211; \u201cC\u00f3dice Calixtino\u201d, manuscrito del s. XII conservado en la Catedral de Santiago de Compostela que constituye una gu\u00eda para los peregrinos del Camino con consejos, descripciones de las ruta y de las obras de arte, as\u00ed como textos lit\u00fargicos y piezas musicales relacionadas con el Ap\u00f3stol Santiago.<\/p>\n<p align=\"justify\">\n","protected":false},"excerpt":{"rendered":"<p>TARJETON COCNCIERTO PICT\u00d3RICO Video del concierto Con esta propuesta se pretende que el p\u00fablico se sumerja en la cultura y tradiciones en torno al Camino de Santiago como punto de encuentro e intercambio cultural desde su nacimiento en la Edad Media. Se trata de un concierto pict\u00f3rico donde el dibujo surge en constante di\u00e1logo con&hellip; <a class=\"more-link\" href=\"https:\/\/ambel.com.es\/wordpress\/2024\/04\/17\/2024-marzo-concierto-pictorico-en-la-casa-de-galicia-en-madrid-carlos-rosaleny-a-la-guitarra\/\">Seguir leyendo <span class=\"screen-reader-text\">2024 marzo, Concierto Pict\u00f3rico en la Casa de Galicia en Madrid, Carlos Rosaleny a la guitarra<\/span><\/a><\/p>\n","protected":false},"author":1,"featured_media":0,"comment_status":"closed","ping_status":"closed","sticky":false,"template":"","format":"standard","meta":{"_crdt_document":"","_jetpack_memberships_contains_paid_content":false,"footnotes":""},"categories":[1],"tags":[],"class_list":["post-1691","post","type-post","status-publish","format-standard","hentry","category-sin-categoria","entry"],"jetpack_featured_media_url":"","jetpack_sharing_enabled":true,"_links":{"self":[{"href":"https:\/\/ambel.com.es\/wordpress\/wp-json\/wp\/v2\/posts\/1691","targetHints":{"allow":["GET"]}}],"collection":[{"href":"https:\/\/ambel.com.es\/wordpress\/wp-json\/wp\/v2\/posts"}],"about":[{"href":"https:\/\/ambel.com.es\/wordpress\/wp-json\/wp\/v2\/types\/post"}],"author":[{"embeddable":true,"href":"https:\/\/ambel.com.es\/wordpress\/wp-json\/wp\/v2\/users\/1"}],"replies":[{"embeddable":true,"href":"https:\/\/ambel.com.es\/wordpress\/wp-json\/wp\/v2\/comments?post=1691"}],"version-history":[{"count":4,"href":"https:\/\/ambel.com.es\/wordpress\/wp-json\/wp\/v2\/posts\/1691\/revisions"}],"predecessor-version":[{"id":2701,"href":"https:\/\/ambel.com.es\/wordpress\/wp-json\/wp\/v2\/posts\/1691\/revisions\/2701"}],"wp:attachment":[{"href":"https:\/\/ambel.com.es\/wordpress\/wp-json\/wp\/v2\/media?parent=1691"}],"wp:term":[{"taxonomy":"category","embeddable":true,"href":"https:\/\/ambel.com.es\/wordpress\/wp-json\/wp\/v2\/categories?post=1691"},{"taxonomy":"post_tag","embeddable":true,"href":"https:\/\/ambel.com.es\/wordpress\/wp-json\/wp\/v2\/tags?post=1691"}],"curies":[{"name":"wp","href":"https:\/\/api.w.org\/{rel}","templated":true}]}}