{"id":104,"date":"2022-07-04T21:22:39","date_gmt":"2022-07-04T21:22:39","guid":{"rendered":"http:\/\/ambel.com.es\/wordpress\/?p=104"},"modified":"2024-11-16T20:51:40","modified_gmt":"2024-11-16T20:51:40","slug":"diseno-en-piedra-artificial-de-un-escudo","status":"publish","type":"post","link":"https:\/\/ambel.com.es\/wordpress\/2022\/07\/04\/diseno-en-piedra-artificial-de-un-escudo\/","title":{"rendered":"dise\u00f1o en piedra artificial de un escudo"},"content":{"rendered":"\n<figure class=\"wp-block-embed is-type-video is-provider-youtube wp-block-embed-youtube wp-embed-aspect-16-9 wp-has-aspect-ratio\"><div class=\"wp-block-embed__wrapper\">\n<iframe loading=\"lazy\" title=\"escudo de AJUNTAMENT DE LLOCNOU DE SANT JERONI\" width=\"750\" height=\"422\" src=\"https:\/\/www.youtube.com\/embed\/Lds7hwr1SfI?feature=oembed\" frameborder=\"0\" allow=\"accelerometer; autoplay; clipboard-write; encrypted-media; gyroscope; picture-in-picture\" allowfullscreen><\/iframe>\n<\/div><figcaption>Proceso de creaci\u00f3n del escudo en piedra artificial para el AJUNTAMENT DE LLOCNOU DE SANT JERONI VALENCIA. Realizado por Rafael Jim\u00e9nez Ambel, promovido por el Dr. en Historia del Arte D. Rafael Garc\u00eda Mah\u00edques<\/figcaption><\/figure>\n","protected":false},"excerpt":{"rendered":"","protected":false},"author":1,"featured_media":0,"comment_status":"closed","ping_status":"open","sticky":false,"template":"","format":"standard","meta":{"_crdt_document":"","_jetpack_memberships_contains_paid_content":false,"footnotes":""},"categories":[1],"tags":[],"class_list":["post-104","post","type-post","status-publish","format-standard","hentry","category-sin-categoria","entry"],"jetpack_featured_media_url":"","jetpack_sharing_enabled":true,"_links":{"self":[{"href":"https:\/\/ambel.com.es\/wordpress\/wp-json\/wp\/v2\/posts\/104","targetHints":{"allow":["GET"]}}],"collection":[{"href":"https:\/\/ambel.com.es\/wordpress\/wp-json\/wp\/v2\/posts"}],"about":[{"href":"https:\/\/ambel.com.es\/wordpress\/wp-json\/wp\/v2\/types\/post"}],"author":[{"embeddable":true,"href":"https:\/\/ambel.com.es\/wordpress\/wp-json\/wp\/v2\/users\/1"}],"replies":[{"embeddable":true,"href":"https:\/\/ambel.com.es\/wordpress\/wp-json\/wp\/v2\/comments?post=104"}],"version-history":[{"count":1,"href":"https:\/\/ambel.com.es\/wordpress\/wp-json\/wp\/v2\/posts\/104\/revisions"}],"predecessor-version":[{"id":105,"href":"https:\/\/ambel.com.es\/wordpress\/wp-json\/wp\/v2\/posts\/104\/revisions\/105"}],"wp:attachment":[{"href":"https:\/\/ambel.com.es\/wordpress\/wp-json\/wp\/v2\/media?parent=104"}],"wp:term":[{"taxonomy":"category","embeddable":true,"href":"https:\/\/ambel.com.es\/wordpress\/wp-json\/wp\/v2\/categories?post=104"},{"taxonomy":"post_tag","embeddable":true,"href":"https:\/\/ambel.com.es\/wordpress\/wp-json\/wp\/v2\/tags?post=104"}],"curies":[{"name":"wp","href":"https:\/\/api.w.org\/{rel}","templated":true}]}}